{"id":299620,"date":"2026-07-22T12:52:15","date_gmt":"2026-07-22T12:52:15","guid":{"rendered":"https:\/\/www.europesays.com\/no\/299620\/"},"modified":"2026-07-22T12:52:15","modified_gmt":"2026-07-22T12:52:15","slug":"nytt-bilde-av-prins-george-pa-13-arsdagen","status":"publish","type":"post","link":"https:\/\/www.europesays.com\/no\/299620\/","title":{"rendered":"Nytt bilde av prins George p\u00e5 13-\u00e5rsdagen"},"content":{"rendered":"\n<p class=\"_lead_145nj_2 _lead_6fko5_53 layout-component text-serif-m layout-normal text-serif-l layout-component layout-wide layout-padded _wide_17hqh_1 layout-padded\">Prins George har bursdag i dag, og i den anledning har Kensington Palace delt et nytt bilde av prinsen.<\/p>\n<p><img alt=\"STORBRITANNIA: Prinsen fyller \u00e5r. Foto: Kensington Palace \/ Matt Porteous\" class=\"_image_jw3bv_65 layout-component layout-wide\" data-fullscreen- data-track-element-type=\"Article image fullscreen\" data-track-name=\"ImageFullscreen\" fetchpriority=\"high\" decoding=\"sync\" loading=\"eager\" height=\"1171\" itemprop=\"image\"  src=\"https:\/\/www.europesays.com\/no\/wp-content\/uploads\/2026\/07\/4f4e9e2b-41e0-39b3-9872-d48dd7e54589.png\"  style=\"object-position:48.28767123287671% 27.36976942783945%\" width=\"876\"\/>STORBRITANNIA: Prinsen fyller \u00e5r. Foto: Kensington Palace \/ Matt Porteous<\/p>\n<ul aria-hidden=\"true\" class=\"_images_ntbth_112\">\n<li><a class=\"_link_ntbth_117\" href=\"https:\/\/www.vg.no\/forfatter\/ida-brun\" style=\"z-index:1\" title=\"Ida Brun\" rel=\"nofollow noopener\" target=\"_blank\"><img alt=\"Bilde av Ida Brun\" class=\"_image_ntbth_93\" fetchpriority=\"low\" loading=\"lazy\" decoding=\"async\" itemprop=\"image\"  src=\"https:\/\/www.europesays.com\/no\/wp-content\/uploads\/2026\/07\/1784724733_938_78bc21fe-8bc7-43e9-80ad-fe809ccc8aac.jpeg\"  width=\"480\"\/><\/a><\/li>\n<\/ul>\n<p> Oppdatert onsdag 22. juli kl. 14:23     <\/p>\n<p class=\"_paragraph_145nj_4 _paragraph_6fko5_10 layout-component text-serif-m layout-normal text-serif-m layout-padded\">Kensington Palace har publisert et nytt portrett av prins George i anledning 13-\u00e5rsdagen hans. <\/p>\n<p class=\"_paragraph_145nj_4 _paragraph_6fko5_10 layout-component text-serif-m layout-normal text-serif-m layout-padded\">P\u00e5 bildet st\u00e5r han med hendene i lommene, if\u00f8rt m\u00f8rk dress og hvit skjorte med \u00e5pen krage. Bildet ble tatt p\u00e5 Kensington Palace like etter Trooping the Colour-seremonien forrige m\u00e5ned, av fotograf Matt Porteous, if\u00f8lge <a href=\"https:\/\/www.bbc.com\/news\/articles\/cm2ge7z0708o\" class=\"_link_145nj_39\" rel=\"nofollow noopener\" target=\"_blank\">BBC<\/a>.<\/p>\n<p class=\"_paragraph_145nj_4 _paragraph_6fko5_10 layout-component text-serif-m layout-normal text-serif-m layout-padded\">\u2013 Gratulerer med 13-\u00e5rsdagen, George, st\u00e5r det i meldingen som ble publisert under bildet p\u00e5 sosiale medier, sammen med en emoji.<\/p>\n<p class=\"_paragraph_145nj_4 _paragraph_6fko5_10 layout-component text-serif-m layout-normal text-serif-m layout-padded\">George er den eldste s\u00f8nnen til prins William og prinsesse Catherine, og nummer to i arverekken til den britiske tronen. <\/p>\n<p class=\"_paragraph_145nj_4 _paragraph_6fko5_10 layout-component text-serif-m layout-normal text-serif-m layout-padded\">Til h\u00f8sten skal han begynne p\u00e5 ungdomsskolen, og det blir ikke hvilken som helst skole. Han skal begynne p\u00e5 den <a href=\"https:\/\/www.vg.no\/rampelys\/i\/oE7gXV\/prins-george-12-skal-gaa-paa-eliteskolen-eton\" data-track-element-type=\"Link\" data-track-id=\"link:oE7gXV\" class=\"_link_145nj_39\" rel=\"nofollow noopener\" target=\"_blank\">prestisjetunge kostskolen: Eton College<\/a>. <\/p>\n<p class=\"_paragraph_145nj_4 _paragraph_6fko5_10 layout-component text-serif-m layout-normal text-serif-m layout-padded\">Der gikk ogs\u00e5 faren prins William og onkelen prins Harry.<\/p>\n<p class=\"_paragraph_145nj_4 _paragraph_6fko5_10 layout-component text-serif-m layout-normal text-serif-m layout-padded\">Prinsen skal bo p\u00e5 internatet, som en av rundt 55 elever i ett av Etons 25 elevhus. Tidligere har han g\u00e5tt p\u00e5 Lambrook School i Berkshire sammen med s\u00f8sknene Charlotte og Louis.<\/p>\n<p>    <img decoding=\"async\" alt=\"Tips oss illustrasjon\" src=\"https:\/\/www.europesays.com\/no\/wp-content\/uploads\/2026\/07\/1784724735_68_pssst-small.webp\"\/>    <\/p>\n<p class=\"title-serif-s\">Har du tips?<\/p>\n<p class=\"text-sans-m\">Send oss informasjon, bilder eller video.<\/p>\n<p>  <a href=\"https:\/\/www.vg.no\/tips-oss\" rel=\"nofollow noopener\" target=\"_blank\"> Tips oss <\/a>      <\/p>\n","protected":false},"excerpt":{"rendered":"Prins George har bursdag i dag, og i den anledning har Kensington Palace delt et nytt bilde av&hellip;\n","protected":false},"author":2,"featured_media":299621,"comment_status":"","ping_status":"","sticky":false,"template":"","format":"standard","meta":{"footnotes":"","_share_on_mastodon":"0"},"categories":[58],"tags":[31,71,76,30,28,29,865,72],"class_list":["post-299620","post","type-post","status-publish","format-standard","has-post-thumbnail","category-underholdning","tag-breaking","tag-entertainment","tag-kongelig","tag-no","tag-norge","tag-norway","tag-storbritannia","tag-underholdning"],"share_on_mastodon":{"url":"https:\/\/pubeurope.com\/@no\/116963727852463516","error":""},"_links":{"self":[{"href":"https:\/\/www.europesays.com\/no\/wp-json\/wp\/v2\/posts\/299620","targetHints":{"allow":["GET"]}}],"collection":[{"href":"https:\/\/www.europesays.com\/no\/wp-json\/wp\/v2\/posts"}],"about":[{"href":"https:\/\/www.europesays.com\/no\/wp-json\/wp\/v2\/types\/post"}],"author":[{"embeddable":true,"href":"https:\/\/www.europesays.com\/no\/wp-json\/wp\/v2\/users\/2"}],"replies":[{"embeddable":true,"href":"https:\/\/www.europesays.com\/no\/wp-json\/wp\/v2\/comments?post=299620"}],"version-history":[{"count":0,"href":"https:\/\/www.europesays.com\/no\/wp-json\/wp\/v2\/posts\/299620\/revisions"}],"wp:featuredmedia":[{"embeddable":true,"href":"https:\/\/www.europesays.com\/no\/wp-json\/wp\/v2\/media\/299621"}],"wp:attachment":[{"href":"https:\/\/www.europesays.com\/no\/wp-json\/wp\/v2\/media?parent=299620"}],"wp:term":[{"taxonomy":"category","embeddable":true,"href":"https:\/\/www.europesays.com\/no\/wp-json\/wp\/v2\/categories?post=299620"},{"taxonomy":"post_tag","embeddable":true,"href":"https:\/\/www.europesays.com\/no\/wp-json\/wp\/v2\/tags?post=299620"}],"curies":[{"name":"wp","href":"https:\/\/api.w.org\/{rel}","templated":true}]}}