{"id":29991,"date":"2025-09-08T19:09:12","date_gmt":"2025-09-08T19:09:12","guid":{"rendered":"https:\/\/www.europesays.com\/no\/29991\/"},"modified":"2025-09-08T19:09:12","modified_gmt":"2025-09-08T19:09:12","slug":"disse-politikere-risikerer-a-miste-plassen","status":"publish","type":"post","link":"https:\/\/www.europesays.com\/no\/29991\/","title":{"rendered":"Disse politikere risikerer \u00e5 miste plassen"},"content":{"rendered":"\n<p class=\"_lead_ew2ao_2 _lead_xtcu6_50 layout-component text-serif-m layout-normal text-serif-l layout-component layout-wide layout-padded _wide_17hqh_1 layout-padded\">Blant dem er Senterpartiets kronprinsesse og Venstres nestleder.<\/p>\n<p><img alt=\"Alle disse krysser fingre og t\u00e6r for at de f\u00e5r beholde stortingsplassen i kveld.  Foto: Gisle Oddstad \/ Philippe B\u00e9dos Ulvin\" class=\"_image_qp4xg_65 layout-component layout-wide\" data-fullscreen- data-track-element-type=\"Article image fullscreen\" data-track-name=\"ImageFullscreen\" fetchpriority=\"high\" decoding=\"sync\" loading=\"eager\" height=\"1668\" itemprop=\"image\"  src=\"https:\/\/www.europesays.com\/no\/wp-content\/uploads\/2025\/09\/b6ed76f0-6ac3-4d7f-aadb-fb64c18d445b\"  style=\"object-position:0% 0%\" width=\"2500\"\/>Alle disse krysser fingre og t\u00e6r for at de f\u00e5r beholde stortingsplassen i kveld.  Foto: Gisle Oddstad \/ Philippe B\u00e9dos Ulvin<\/p>\n<ul aria-hidden=\"true\" class=\"_images_1y6fe_106\">\n<li><a class=\"_link_1y6fe_111\" href=\"https:\/\/www.vg.no\/forfatter\/live-tronstad\" style=\"z-index:2\" title=\"Live Tronstad\" rel=\"nofollow noopener\" target=\"_blank\"><img alt=\"Bilde av Live Tronstad\" class=\"_image_1y6fe_88\" fetchpriority=\"low\" loading=\"lazy\" decoding=\"async\" itemprop=\"image\"  src=\"https:\/\/www.europesays.com\/no\/wp-content\/uploads\/2025\/09\/730bca66-e713-4274-9d1c-1222feeb3c7d\"  width=\"480\"\/><\/a><\/li>\n<li><a class=\"_link_1y6fe_111\" href=\"https:\/\/www.vg.no\/forfatter\/vilde-elgaaen\" style=\"z-index:1\" title=\"Vilde Elgaaen\" rel=\"nofollow noopener\" target=\"_blank\"><img alt=\"Bilde av Vilde Elgaaen\" class=\"_image_1y6fe_88\" fetchpriority=\"low\" loading=\"lazy\" decoding=\"async\" itemprop=\"image\"  src=\"https:\/\/www.europesays.com\/no\/wp-content\/uploads\/2025\/09\/1757358548_924_d7abc11e-e453-4b15-b473-933209ff5fea\"  width=\"480\"\/><\/a><\/li>\n<\/ul>\n<p> Oppdatert mandag 8. september kl. 21:07     <\/p>\n<p class=\"_paragraph_ew2ao_4 _paragraph_xtcu6_10 layout-component text-serif-m layout-normal text-serif-m layout-padded\">Partiene som st\u00e5r i fare for \u00e5 miste flest mandater p\u00e5 Stortinget er Senterpartiet og H\u00f8yre. Dersom Venstre faller under sperregrensen, kan de ogs\u00e5 miste flesteparten av mandatene sine. <\/p>\n<p class=\"_paragraph_ew2ao_4 _paragraph_xtcu6_10 layout-component text-serif-m layout-normal text-serif-m layout-padded\">If\u00f8lge VGs siste m\u00e5ling ligger Senterpartiet an til \u00e5 miste 19 av sine 28 mandater. <\/p>\n<p class=\"_paragraph_ew2ao_4 _paragraph_xtcu6_10 layout-component text-serif-m layout-normal text-serif-m layout-padded\">Blant dem er partiets \u00abkronprinsesse\u00bb Emilie Enger Mehl (32). Mehl st\u00e5r p\u00e5 annenplass p\u00e5 Senterpartiets liste i Hedmark, hvor partileder Trygve Slagsvold Vedum st\u00e5r p\u00e5 f\u00f8rsteplass. <\/p>\n<p class=\"_paragraph_ew2ao_4 _paragraph_xtcu6_10 layout-component text-serif-m layout-normal text-serif-m layout-padded\">N\u00e5r rundt <a href=\"https:\/\/www.vg.no\/valg\/norge\/2025\/resultater\/st\" class=\"_link_ew2ao_39\" rel=\"nofollow noopener\" target=\"_blank\">70 prosent av stemmene er talt opp<\/a>, har Sp tapt 19 mandater, og sitter igjen med 9.<\/p>\n<p class=\"_paragraph_ew2ao_4 _paragraph_xtcu6_10 layout-component text-serif-m layout-normal text-serif-m layout-padded\">Mehl er ikke blant de 9.<\/p>\n<p><img alt=\"Emilie Enger Mehl (Sp) er 2.-kandidat i Hedmark. P\u00e5 f\u00f8rsteplass er sjefen selv.   Foto: Helge Mikalsen \/ VG\" class=\"_image_qp4xg_65 layout-component layout-normal\" data-fullscreen- data-track-element-type=\"Article image fullscreen\" data-track-name=\"ImageFullscreen\" decoding=\"async\" loading=\"lazy\" height=\"5446\" itemprop=\"image\"  src=\"https:\/\/www.europesays.com\/no\/wp-content\/uploads\/2025\/09\/335fc61e-da0b-46ae-9c56-decafcf65ee4\"  style=\"object-position:0% 0%\" width=\"8103\"\/>Emilie Enger Mehl (Sp) er 2.-kandidat i Hedmark. P\u00e5 f\u00f8rsteplass er sjefen selv.   Foto: Helge Mikalsen \/ VG<\/p>\n<p class=\"_paragraph_ew2ao_4 _paragraph_xtcu6_10 layout-component text-serif-m layout-normal text-serif-m layout-padded\">Hun sitter ikke i partiledelsen, men sitter som 1. vara til partiets sentralstyre. Mister hun plassen p\u00e5 Stortinget, har hun derimot andre planer, i alle fall if\u00f8lge<a href=\"https:\/\/www.aftenposten.no\/norge\/politikk\/i\/OovwVb\/emilie-enger-mehl-har-sokt-seg-til-internasjonale-forretningsskoler-far-aftenposten-opplyst\" class=\"_link_ew2ao_39\" rel=\"nofollow noopener\" target=\"_blank\"> Aftenpostens kilde<\/a>r. De skrev tidligere denne uken at hun har s\u00f8kt seg til <a href=\"https:\/\/www.aftenposten.no\/norge\/politikk\/i\/OovwVb\/emilie-enger-mehl-har-sokt-seg-til-internasjonale-forretningsskoler-far-aftenposten-opplyst\" class=\"_link_ew2ao_39\" rel=\"nofollow noopener\" target=\"_blank\">\u00abprestisjetunge internasjonale forretningsskoler\u00bb<\/a>. Dette har hun ikke villet bekrefte overfor avisen.<\/p>\n<p class=\"_paragraph_ew2ao_4 _paragraph_xtcu6_10 layout-component text-serif-m layout-normal text-serif-m layout-padded\">Senterpartiet risikerer ogs\u00e5 ikke f\u00e5 en eneste representant fra hverken Rogaland eller Troms. Da m\u00e5 i s\u00e5 fall Senterparti-profil Geir Pollestad (47) og tidligere statsr\u00e5d Sandra Borch (37) pakke sammen sakene sine p\u00e5 Stortinget.<\/p>\n<ul class=\"_gallery_1qa3s_23\" tabindex=\"0\">\n<li class=\"_item_1qa3s_37\" data-index=\"0\"><img decoding=\"async\" class=\"_image_foru8_23 _articleGallery_foru8_39\" data-fullscreen- width=\"5333\" height=\"4000\" itemprop=\"image\" loading=\"lazy\"  src=\"https:\/\/www.europesays.com\/no\/wp-content\/uploads\/2025\/09\/98fbe543-3209-42b4-aa4e-31051f3bfc9f\"  style=\"object-position:50% 50%;aspect-ratio:var(--gallery-aspect-ratio, 16 \/ 9)\"\/>Geir Pollestad (Sp) er 1. kandidat i Rogaland. Foto: Gabriel Aas Sk\u00e5levik \/ VG<\/li>\n<li class=\"_item_1qa3s_37\" data-index=\"1\"><img decoding=\"async\" class=\"_image_foru8_23 _articleGallery_foru8_39\" data-fullscreen- width=\"6215\" height=\"5303\" itemprop=\"image\" loading=\"lazy\"  src=\"https:\/\/www.europesays.com\/no\/wp-content\/uploads\/2025\/09\/a2e24b3c-71ec-47db-9495-e9827ae50b8f\"  style=\"object-position:50% 50%;aspect-ratio:var(--gallery-aspect-ratio, 16 \/ 9)\"\/>Sandra Borch (Sp) er 1. kandidat i Troms.  Foto: Janne M\u00f8ller-Hansen \/ VG<\/li>\n<\/ul>\n<p>Geir Pollestad (Sp) er 1. kandidat i Rogaland. Foto: Gabriel Aas Sk\u00e5levik \/ VG<\/p>\n<p class=\"_paragraph_ew2ao_4 _paragraph_xtcu6_10 layout-component text-serif-m layout-normal text-serif-m layout-padded\">H\u00f8yre, som har 36 representanter p\u00e5 Stortinget i dag, risikerer \u00e5 miste en fjerdedel av disse. Nord for Trondheim risikerer H\u00f8yre \u00e5 <a href=\"https:\/\/www.vg.no\/nyheter\/i\/0Vmq02\/hoeyre-risikerer-aa-ryke-ut-av-stortinget-i-flere-fylker\" data-track-element-type=\"Link\" data-track-id=\"link:0Vmq02\" class=\"_link_ew2ao_39\" rel=\"nofollow noopener\" target=\"_blank\">kun f\u00e5 inn \u00e9n representant<\/a>. <\/p>\n<p class=\"_paragraph_ew2ao_4 _paragraph_xtcu6_10 layout-component text-serif-m layout-normal text-serif-m layout-padded\">Flere av partiets yngre profiler st\u00e5r ogs\u00e5 i fare for \u00e5 miste plassen, deriblant Peter Fr\u00f8lich (37) i Hordaland og Sandra Bruflot (33) i Buskerud. <\/p>\n<p class=\"_paragraph_ew2ao_4 _paragraph_xtcu6_10 layout-component text-serif-m layout-normal text-serif-m layout-padded\">N\u00e5r de f\u00f8rste tallene er inne klokken 21, er Bruflot ute. Fr\u00f8lich klarer seg derimot, til tross for et H\u00f8yre-fall <a href=\"https:\/\/www.vg.no\/valg\/norge\/2025\/resultater\/st\/valgdistrikt\/hordaland\" class=\"_link_ew2ao_39\" rel=\"nofollow noopener\" target=\"_blank\">p\u00e5 \u00e5tte prosentpoeng i Hordaland<\/a>.<\/p>\n<p class=\"_paragraph_ew2ao_4 _paragraph_xtcu6_10 layout-component text-serif-m layout-normal text-serif-m layout-padded\">Fr\u00f8lich ble valgt inn p\u00e5 Stortinget for f\u00f8rste gang i 2013. Han er i dag leder i kontroll- og konstitusjonskomit\u00e9 \u2013 et av de mest tungtveiende vervene p\u00e5 Stortinget. <\/p>\n<p><img alt=\"Peter Fr\u00f8lich (H) er 3.-kandidat i Hordaland.   Foto: G\u00f8ran Bohlin \/ VG\" class=\"_image_qp4xg_65 layout-component layout-normal\" data-fullscreen- data-track-element-type=\"Article image fullscreen\" data-track-name=\"ImageFullscreen\" decoding=\"async\" loading=\"lazy\" height=\"5504\" itemprop=\"image\"  src=\"https:\/\/www.europesays.com\/no\/wp-content\/uploads\/2025\/09\/18eaf3fd-9654-4ea3-8545-7360df0b6140\"  style=\"object-position:0% 0%\" width=\"8256\"\/>Peter Fr\u00f8lich (H) er 3.-kandidat i Hordaland.   Foto: G\u00f8ran Bohlin \/ VG<\/p>\n<p class=\"_paragraph_ew2ao_4 _paragraph_xtcu6_10 layout-component text-serif-m layout-normal text-serif-m layout-padded\">Det har ogs\u00e5 v\u00e6rt stor usikkerhet knyttet til om Unge H\u00f8yre-leder Ola Svenneby (28) vil klare \u00e5 kare til seg en plass p\u00e5 Stortinget. Han st\u00e5r p\u00e5 en h\u00f8yst usikker 5. plass i hovedstaden. <\/p>\n<p><img decoding=\"async\" alt=\"Bilde av Ola Svenneby (H)\" class=\"_image_ygndg_42\" height=\"60\" itemprop=\"image\" loading=\"lazy\"  src=\"https:\/\/www.europesays.com\/no\/wp-content\/uploads\/2025\/09\/fb8b12e3-3bf7-4829-bf9f-9989225cc9f9\"  width=\"40\"\/><strong class=\"_name_ygndg_51 title-serif-xs\">Ola Svenneby (H)<\/strong><\/p>\n<p class=\"_paragraph_ew2ao_4 text-sans-m _description_ygndg_56\">5.-kandidat i Oslo<\/p>\n<p class=\"_paragraph_ew2ao_4 _paragraph_xtcu6_10 layout-component text-serif-m layout-normal text-serif-m layout-padded\">I Venstre risikerer nestleder og tidligere klimaminister Sveinung Rotevatn (38) \u00e5 miste stortingsplassen. <\/p>\n<p class=\"_paragraph_ew2ao_4 _paragraph_xtcu6_10 layout-component text-serif-m layout-normal text-serif-m layout-padded\">Han st\u00e5r p\u00e5 f\u00f8rsteplassen p\u00e5 partiets liste i Hordaland. Han er ikke inne p\u00e5 Stortinget p\u00e5 snittet av m\u00e5lingene de siste to m\u00e5nedene. <\/p>\n<p><img alt=\"Sveinung Rotevatn (V) er 1.-kandidat i Hordaland.   Foto: Gisle Oddstad \/ VG\" class=\"_image_qp4xg_65 layout-component layout-normal\" data-fullscreen- data-track-element-type=\"Article image fullscreen\" data-track-name=\"ImageFullscreen\" decoding=\"async\" loading=\"lazy\" height=\"5464\" itemprop=\"image\"  src=\"https:\/\/www.europesays.com\/no\/wp-content\/uploads\/2025\/09\/6b0bfd92-27c1-4717-a271-9844ea46a749\"  style=\"object-position:0% 0%\" width=\"8192\"\/>Sveinung Rotevatn (V) er 1.-kandidat i Hordaland.   Foto: Gisle Oddstad \/ VG<\/p>\n<p class=\"_paragraph_ew2ao_4 _paragraph_xtcu6_10 layout-component text-serif-m layout-normal text-serif-m layout-padded\">Toppkandidat i Sogn og Fjordane, Alfred Bj\u00f8rlo (52), st\u00e5r ogs\u00e5 i fare for \u00e5 miste plassen. Bj\u00f8rlo ble valgt inn p\u00e5 stortinget i forrige periode etter \u00e5 ha v\u00e6rt ordf\u00f8rer i Eid kommune i ti \u00e5r. <\/p>\n<p><img decoding=\"async\" alt=\"Bilde av Alfred Bj\u00f8rlo (V)\" class=\"_image_ygndg_42\" height=\"28\" itemprop=\"image\" loading=\"lazy\"  src=\"https:\/\/www.europesays.com\/no\/wp-content\/uploads\/2025\/09\/f62cf3cb-af52-4fac-b51b-250a51028946\"  width=\"40\"\/><strong class=\"_name_ygndg_51 title-serif-xs\">Alfred Bj\u00f8rlo (V)<\/strong><\/p>\n<p class=\"_paragraph_ew2ao_4 text-sans-m _description_ygndg_56\">1.-kandidat i Sogn og Fjordane<\/p>\n<p class=\"_paragraph_ew2ao_4 _paragraph_xtcu6_10 layout-component text-serif-m layout-normal text-serif-m layout-padded\">Ogs\u00e5 Sosialistisk Venstreparti (SV) st\u00e5r i fare for \u00e5 miste flere mandater i \u00e5rets valg. Den siste m\u00e5neden har partiet falt 1,6 prosentpoeng i snitt p\u00e5 m\u00e5lingene, sammenlignet med valget for fire \u00e5r siden. Det kan bety at de mister fire representanter p\u00e5 Stortinget. <\/p>\n<p class=\"_paragraph_ew2ao_4 _paragraph_xtcu6_10 layout-component text-serif-m layout-normal text-serif-m layout-padded\">En av de st\u00f8rste unge profilene til SV st\u00e5r nemlig i fare for \u00e5 miste plassen sin, if\u00f8lge m\u00e5lingene.<\/p>\n<p class=\"_paragraph_ew2ao_4 _paragraph_xtcu6_10 layout-component text-serif-m layout-normal text-serif-m layout-padded\">Andreas Sjalg Unneland (31) var leder for SVs ungdomsparti frem til 2020, og \u00e5ret etter fikk han plass p\u00e5 tinget. N\u00e5 kan den tiden v\u00e6re forbi. <\/p>\n<p><img decoding=\"async\" alt=\"Bilde av Andreas Sjalg Unneland (SV)\" class=\"_image_ygndg_42\" height=\"27\" itemprop=\"image\" loading=\"lazy\"  src=\"https:\/\/www.europesays.com\/no\/wp-content\/uploads\/2025\/09\/5e29fef6-fac8-46e4-95b1-8cb53d75cf6d\"  width=\"40\"\/><strong class=\"_name_ygndg_51 title-serif-xs\">Andreas Sjalg Unneland (SV)<\/strong><\/p>\n<p class=\"_paragraph_ew2ao_4 text-sans-m _description_ygndg_56\">3.-kandidat i Oslo<\/p>\n<p class=\"_paragraph_ew2ao_4 _paragraph_xtcu6_10 layout-component text-serif-m layout-normal text-serif-m layout-padded\">1.-kandidat i Akershus, Une Bastholm (39), kan ogs\u00e5 miste plassen. P\u00e5 de siste m\u00e5lingene ser det imidlertid ut som hun klarer \u00e5 berge plassen p\u00e5 tinget. <\/p>\n<p class=\"_paragraph_ew2ao_4 _paragraph_xtcu6_10 layout-component text-serif-m layout-normal text-serif-m layout-padded\">Hun var partileder fra 2020 til 2022 og har sittet p\u00e5 Stortinget de siste \u00e5tte \u00e5rene.<\/p>\n<p><img decoding=\"async\" alt=\"Bilde av Une Bastholm (MDG)\" class=\"_image_ygndg_42\" height=\"27\" itemprop=\"image\" loading=\"lazy\"  src=\"https:\/\/www.europesays.com\/no\/wp-content\/uploads\/2025\/09\/22247d95-f847-4fc3-b6cb-d319e894e015\"  width=\"40\"\/><strong class=\"_name_ygndg_51 title-serif-xs\">Une Bastholm (MDG)<\/strong><\/p>\n<p class=\"_paragraph_ew2ao_4 text-sans-m _description_ygndg_56\">1.-kandidat i Akershus<\/p>\n<p class=\"_paragraph_ew2ao_4 _paragraph_xtcu6_10 layout-component text-serif-m layout-normal text-serif-m layout-padded\">Ogs\u00e5 Rasmus Hansson (71) mister stortingsplassen i dette valget. Det er imidlertid ikke noen tvil om det. Hansson st\u00e5r nemlig p\u00e5 26. plass p\u00e5 partiets liste i Oslo. <\/p>\n","protected":false},"excerpt":{"rendered":"Blant dem er Senterpartiets kronprinsesse og Venstres nestleder. Alle disse krysser fingre og t\u00e6r for at de f\u00e5r&hellip;\n","protected":false},"author":2,"featured_media":29992,"comment_status":"","ping_status":"","sticky":false,"template":"","format":"standard","meta":{"footnotes":""},"categories":[10],"tags":[20,21,24,25,15,22,23,13,30,28,281,29,14,16,199,26,27,205],"class_list":{"0":"post-29991","1":"post","2":"type-post","3":"status-publish","4":"format-standard","5":"has-post-thumbnail","7":"category-norge","8":"tag-breaking-news","9":"tag-breakingnews","10":"tag-featured-news","11":"tag-featurednews","12":"tag-headlines","13":"tag-latest-news","14":"tag-latestnews","15":"tag-news","16":"tag-no","17":"tag-norge","18":"tag-norsk-politikk","19":"tag-norway","20":"tag-nyheter","21":"tag-overskrifter","22":"tag-stortingsvalg","23":"tag-top-stories","24":"tag-topstories","25":"tag-vgsamfunn"},"share_on_mastodon":{"url":"","error":""},"_links":{"self":[{"href":"https:\/\/www.europesays.com\/no\/wp-json\/wp\/v2\/posts\/29991","targetHints":{"allow":["GET"]}}],"collection":[{"href":"https:\/\/www.europesays.com\/no\/wp-json\/wp\/v2\/posts"}],"about":[{"href":"https:\/\/www.europesays.com\/no\/wp-json\/wp\/v2\/types\/post"}],"author":[{"embeddable":true,"href":"https:\/\/www.europesays.com\/no\/wp-json\/wp\/v2\/users\/2"}],"replies":[{"embeddable":true,"href":"https:\/\/www.europesays.com\/no\/wp-json\/wp\/v2\/comments?post=29991"}],"version-history":[{"count":0,"href":"https:\/\/www.europesays.com\/no\/wp-json\/wp\/v2\/posts\/29991\/revisions"}],"wp:featuredmedia":[{"embeddable":true,"href":"https:\/\/www.europesays.com\/no\/wp-json\/wp\/v2\/media\/29992"}],"wp:attachment":[{"href":"https:\/\/www.europesays.com\/no\/wp-json\/wp\/v2\/media?parent=29991"}],"wp:term":[{"taxonomy":"category","embeddable":true,"href":"https:\/\/www.europesays.com\/no\/wp-json\/wp\/v2\/categories?post=29991"},{"taxonomy":"post_tag","embeddable":true,"href":"https:\/\/www.europesays.com\/no\/wp-json\/wp\/v2\/tags?post=29991"}],"curies":[{"name":"wp","href":"https:\/\/api.w.org\/{rel}","templated":true}]}}