{"id":299921,"date":"2026-07-22T19:39:16","date_gmt":"2026-07-22T19:39:16","guid":{"rendered":"https:\/\/www.europesays.com\/no\/299921\/"},"modified":"2026-07-22T19:39:16","modified_gmt":"2026-07-22T19:39:16","slug":"jennifer-garner-snakker-ut-om-paparazzienes-ekstreme-jakt-pa-henne-og-barna","status":"publish","type":"post","link":"https:\/\/www.europesays.com\/no\/299921\/","title":{"rendered":"Jennifer Garner snakker ut om paparazzienes ekstreme jakt p\u00e5 henne og barna"},"content":{"rendered":"<p class=\"kicker t20\" style=\"\">Jennifer Garner:\u00a0<\/p>\n<p class=\"subtitle \" style=\"\">Jennifer Garner er en av verdens st\u00f8rste skuespillere. N\u00e5 \u00e5pner hun opp om medaljens bakside.\u00a0<\/p>\n<p>\n    SNAKKER UT: Jennifer Garner \u00e5pner opp om hvordan paparazziene f\u00f8lger etter henne og familien. Foto: Jordan Strauss \/ Invision \/ AP\n  <\/p>\n<p>\u00c5 bli kjendis er kanskje en sm\u00e5barnsdr\u00f8m for mange, men for noen av verdens st\u00f8rste stjerner, kan kjendisstatusen ogs\u00e5 bringe med seg opplevelsen av \u00e5 \u00abaldri\u00bb f\u00e5 g\u00e5 i fred.\u00a0<\/p>\n<p>Hollywood-stjernen <a href=\"https:\/\/www.seher.no\/kjendis\/aerlig-om-skilsmissen-vanskelig\/84073147\" rel=\"nofollow noopener\" target=\"_blank\">Jennifer Garner (54)<\/a> har v\u00e6rt \u00e5 se i storfilmer som \u00ab13 snart 30\u00bb, \u00abCatch Me If You Can\u00bb og \u00abValentine&#8217;s Day\u00bb.\u00a0<\/p>\n<p class=\"font-weight-bold m-font-weight-bold\" data-lab-font_weight=\"font-weight-bold\">P\u00e5 privaten har hun v\u00e6rt gift med den vel s\u00e5 kjente skuespilleren Ben Affleck (53). Paret var gift fra 2005 til 2018\u00a0og har tre barn sammen: Violet (20), Seraphina (17) og Samuel (12).<\/p>\n<p>    <a itemprop=\"url\" href=\"https:\/\/www.seher.no\/kjendis\/hun-er-som-en-storesoster\/84362605\" rel=\"nofollow noopener\" target=\"_blank\"><\/p>\n<p>        <img loading=\"lazy\" decoding=\"async\" src=\"https:\/\/www.europesays.com\/no\/wp-content\/uploads\/2026\/07\/84362615.webp\" width=\"980\" height=\"441\" alt=\"\" class=\"lazyload\" style=\"--aspect-ratio-image: 2.22; \"\/><\/p>\n<p>        \u2013 Hun er som en stores\u00f8ster<\/p>\n<p>    <\/a><\/p>\n<p>N\u00e5 \u00e5pner Garner seg opp i Netflix-podkasten\u00a0\u00ab<a href=\"https:\/\/www.netflix.com\/no\/title\/82665559\" rel=\"nofollow noopener\" target=\"_blank\">Shut Up, Evan<\/a>\u00bb, og forteller at\u00a0 paparazzifotografer har g\u00e5tt langt for \u00e5 f\u00e5 bilder av henne og barna.<\/p>\n<p><a href=\"https:\/\/www.usmagazine.com\/celebrity-news\/news\/jennifer-garner-recalls-scary-paparazzi-incidents-with-kids\/\" target=\"_blank\" rel=\"nofollow noopener\">US Weekly<\/a> er blant mediene som har omtalt intervjuet.\u00a0<\/p>\n<p>        <img loading=\"lazy\" decoding=\"async\" src=\"https:\/\/www.europesays.com\/no\/wp-content\/uploads\/2026\/07\/84932820.webp\" width=\"667\" height=\"461\" alt=\"\" class=\"\" style=\"--aspect-ratio-image: 1.45; \"\/><\/p>\n<p>\n        FAMILIEN: Garner sier at barna ofte blir de som rammes hardest n\u00e5r fotografer jakter p\u00e5 bilder av kjendisfamilier. Foto: Bauer Griffin \/ SplashNews.com \/ NTB\n    <\/p>\n<p>&#8211; Hvis jeg kj\u00f8rte p\u00e5 gult lys, kj\u00f8rte 15 biler p\u00e5 r\u00f8dt bak meg. De kj\u00f8rte opp p\u00e5 folks plener, til og med i en skr\u00e5ning, sier Garner.<\/p>\n<p>Hun forklarer at vanlige aktiviteter, som fotballtrening og legebes\u00f8k, blir vanskelige fordi fotografer m\u00f8ter opp i store grupper for \u00e5 f\u00e5 bilder av familien.\u00a0<\/p>\n<p>        <img loading=\"lazy\" decoding=\"async\" src=\"https:\/\/www.europesays.com\/no\/wp-content\/uploads\/2026\/07\/84932823.webp\" width=\"686\" height=\"865\" alt=\"\" class=\"\" style=\"--aspect-ratio-image: 0.79; \"\/><\/p>\n<p>\n        EKSER: Jennifer Garner og Ben Affleck har tre barn sammen. Foto: London Entertainment \/ SplashNews.com \/ NTB\n    <\/p>\n<p>Et av barna m\u00e5tte slutte p\u00e5 fotballen grunnet et stort presseoppm\u00f8te p\u00e5 treningene.\u00a0<\/p>\n<p>&#8211; Hvis du pr\u00f8ver \u00e5 komme deg inn til barnelegen med et sykt barn p\u00e5 armen, og du er redd, men ikke kommer inn d\u00f8ren fordi fotografer blokkerer deg, da er det noe galt. Og barna m\u00e5 betale prisen for det, sier hun.<\/p>\n<p>        <img loading=\"lazy\" decoding=\"async\" src=\"https:\/\/www.europesays.com\/no\/wp-content\/uploads\/2026\/07\/84932825.webp\" width=\"686\" height=\"748\" alt=\"\" class=\"\" style=\"--aspect-ratio-image: 0.92; \"\/><\/p>\n<p>\n        MED BARNA: Garner med to av barna. Skuespilleren forteller at fotografene g\u00e5r langt for \u00e5 f\u00e5 bilder av dem. Foto: Broadimage \/ Shutterstock \/ NTB\n    <\/p>\n<p>If\u00f8lge Garner har ogs\u00e5 privatpersoner blitt ofre for fotografenes evige jakt. Paparazziene har l\u00f8pt andre barn over ende n\u00e5r de skal f\u00e5 bilder av Garners familie, forteller hun.\u00a0<\/p>\n<p>54-\u00e5ringen mener paparazziene er spesielt opptatt av henne fordi hun ofte er sammen med barna, selv om flere \u00abmer kjente\u00bb personer bor i samme omr\u00e5de.<\/p>\n<p>        T\u00c5REV\u00c5TT: Skuespiller Anne Hathaway tar til t\u00e5rene da hun hylles p\u00e5 direktesendt TV. Video: Karolina Grace\/R\u00f8d L\u00f8per, \u00abThe View\u00bb\/ABC. <\/p>\n<p>&#8211; Stockholm-syndrom \t<\/p>\n<p>Skuespilleren forteller at noen av fotografene har v\u00e6rt til stede i livet hennes i mange \u00e5r. Forholdet til \u00e9n av fotografene beskriver hun som s\u00e6rlig \u00abinteressant\u00bb, fordi hun b\u00e5de ber ham holde avstand, samtidig som de to har en merkelig form for respekt for hverandre.\u00a0<\/p>\n<p>&#8211; Jeg ble fulgt etter av noen som jeg, av en eller annen grunn, trodde kom til \u00e5 skade meg, og jeg l\u00f8p til ham fordi jeg kjente ham og stolte p\u00e5 ham, og jeg visste at han og jeg ville v\u00e6re trygge.\u00a0Det er litt som et slags Stockholm-syndrom. Samtidig som jeg har ringt politiet p\u00e5 ham en million ganger og sagt: \u00abKan du v\u00e6re s\u00e5 snill \u00e5 bare la meg f\u00e5 g\u00e5 en runde rundt kvartalet med barna mine og hunden min?\u00bb <\/p>\n<p>        <img loading=\"lazy\" decoding=\"async\" src=\"https:\/\/www.europesays.com\/no\/wp-content\/uploads\/2026\/07\/84932834.webp\" width=\"686\" height=\"892\" alt=\"\" class=\"\" style=\"--aspect-ratio-image: 0.77; \"\/><\/p>\n<p>\n        DELER: Skuespilleren mener paparazzi-kulturen rundt kjendisbarn har g\u00e5tt for langt. Foto: Dean McDonald \/ Broadimage \/ Shutterstock \/ NTB\n    <\/p>\n<p>Samarbeider etter skilsmissen\u00a0\t<\/p>\n<p>Garner og Affleck var blant de mest omtalte stjerneparene fra 2000-tallet. De m\u00f8ttes under innspillingen av\u00a0\u00abPearl Harbor\u00bb\u00a0i 2000, men romantikken oppsto f\u00f8rst flere \u00e5r senere, etter at de ogs\u00e5 spilte sammen i\u00a0\u00abDaredevil\u00bb.\u00a0<\/p>\n<p>I 2004 viste de seg offentlig som kj\u00e6rester, og \u00e5ret etter giftet de seg.<\/p>\n<p>    <a itemprop=\"url\" href=\"https:\/\/www.seher.no\/kjendis\/du-kan-ikke-unnga-det\/84300578\" rel=\"nofollow noopener\" target=\"_blank\"><\/p>\n<p>        <img loading=\"lazy\" decoding=\"async\" src=\"https:\/\/www.europesays.com\/no\/wp-content\/uploads\/2026\/07\/84300951.webp\" width=\"980\" height=\"441\" alt=\"\" class=\"lazyload\" style=\"--aspect-ratio-image: 2.22; \"\/><\/p>\n<p>        &#8211; Du kan ikke unng\u00e5 det<\/p>\n<p>    <\/a><\/p>\n<p>Etter ti \u00e5r som ektepar bekreftet Garner og Affleck at de skulle skilles. Bruddet fikk stor oppmerksomhet, og den siste tiden av ekteskapet er blitt omtalt som \u00abturbulent\u00bb i mediene.\u00a0<\/p>\n<p class=\"font-weight-bold m-font-weight-bold\" data-lab-font_weight=\"font-weight-bold\">Paret har likevel v\u00e6rt tydelige p\u00e5 at barna er f\u00f8rsteprioritet, og at de fortsetter \u00e5 samarbeide om foreldrerollen.<\/p>\n<p>        SPEKULASJONER: Noe hvitt falt fra ansiktet til Robbie Williams under et TV-intervju etter VM-finalen. Video: x \/ @Robbie Williams, reporter: Danny Son To \/ DBTV<\/p>\n<p>I et intervju med\u00a0<a href=\"https:\/\/www.marieclaire.co.uk\/fashion\/jennifer-garner\" target=\"_blank\" rel=\"nofollow noopener\">Marie Claire U.K<\/a>.\u00a0fra januar fortalte 54-\u00e5ringen hvor tungt det var \u00e5 h\u00e5ndtere skilsmissen.<\/p>\n<p>&#8211; Du m\u00e5 tenke smart hva gjelder ting du klarer \u00e5 h\u00e5ndtere og ikke &#8211; og jeg klarte ikke \u00e5 h\u00e5ndtere det som fantes der ute. Men det som fantes der ute var ikke det som var vanskelig, sa hun til magasinet, og la til:<\/p>\n<p>&#8211; Det at familien ble splittet var vanskelig. \u00c5 miste en ekte partner og et vennskap var vanskelig.\u00a0<\/p>\n","protected":false},"excerpt":{"rendered":"Jennifer Garner:\u00a0 Jennifer Garner er en av verdens st\u00f8rste skuespillere. N\u00e5 \u00e5pner hun opp om medaljens bakside.\u00a0 SNAKKER&hellip;\n","protected":false},"author":2,"featured_media":299922,"comment_status":"","ping_status":"","sticky":false,"template":"","format":"standard","meta":{"footnotes":"","_share_on_mastodon":"0"},"categories":[58],"tags":[7454,71,14194,479,2543,30,28,29,72],"class_list":["post-299921","post","type-post","status-publish","format-standard","has-post-thumbnail","category-underholdning","tag-ben-affleck","tag-entertainment","tag-jennifer-garner","tag-kjendis","tag-kjendisdesken","tag-no","tag-norge","tag-norway","tag-underholdning"],"share_on_mastodon":{"url":"https:\/\/pubeurope.com\/@no\/116965327808183137","error":""},"_links":{"self":[{"href":"https:\/\/www.europesays.com\/no\/wp-json\/wp\/v2\/posts\/299921","targetHints":{"allow":["GET"]}}],"collection":[{"href":"https:\/\/www.europesays.com\/no\/wp-json\/wp\/v2\/posts"}],"about":[{"href":"https:\/\/www.europesays.com\/no\/wp-json\/wp\/v2\/types\/post"}],"author":[{"embeddable":true,"href":"https:\/\/www.europesays.com\/no\/wp-json\/wp\/v2\/users\/2"}],"replies":[{"embeddable":true,"href":"https:\/\/www.europesays.com\/no\/wp-json\/wp\/v2\/comments?post=299921"}],"version-history":[{"count":0,"href":"https:\/\/www.europesays.com\/no\/wp-json\/wp\/v2\/posts\/299921\/revisions"}],"wp:featuredmedia":[{"embeddable":true,"href":"https:\/\/www.europesays.com\/no\/wp-json\/wp\/v2\/media\/299922"}],"wp:attachment":[{"href":"https:\/\/www.europesays.com\/no\/wp-json\/wp\/v2\/media?parent=299921"}],"wp:term":[{"taxonomy":"category","embeddable":true,"href":"https:\/\/www.europesays.com\/no\/wp-json\/wp\/v2\/categories?post=299921"},{"taxonomy":"post_tag","embeddable":true,"href":"https:\/\/www.europesays.com\/no\/wp-json\/wp\/v2\/tags?post=299921"}],"curies":[{"name":"wp","href":"https:\/\/api.w.org\/{rel}","templated":true}]}}