{"id":300020,"date":"2026-07-22T21:41:01","date_gmt":"2026-07-22T21:41:01","guid":{"rendered":"https:\/\/www.europesays.com\/no\/300020\/"},"modified":"2026-07-22T21:41:01","modified_gmt":"2026-07-22T21:41:01","slug":"tesla-dro-inn-282-milliarder-dollar-i-andre-kvartal-e24","status":"publish","type":"post","link":"https:\/\/www.europesays.com\/no\/300020\/","title":{"rendered":"Tesla dro inn 28,2 milliarder dollar i andre kvartal \u2013 E24"},"content":{"rendered":"\n<p class=\"_textTheme_1yhmn_1 _lead_16k26_2 _lead_3ue4t_18 layout-component layout-wide layout-padded _lead_o6m9k_5 body-large _wide_o6m9k_9\">Tesla-regnskapet viser svakere l\u00f8nnsomhet. Aksjen faller i etterhandelen. <\/p>\n<p> <img alt=\"Elon Musk er sjef for Tesla.\" class=\"_image_1jxax_84 layout-component layout-wide\" data-fullscreen- data-track-element-type=\"Article image fullscreen\" data-track-name=\"ImageFullscreen\" fetchpriority=\"high\" decoding=\"sync\" loading=\"eager\" height=\"2333\" itemprop=\"image\"  src=\"https:\/\/www.europesays.com\/no\/wp-content\/uploads\/2026\/07\/d222a2b3-269f-341c-823c-d69bd2774ed6.jpeg\"  style=\"object-position:0% 0%\" width=\"3500\"\/>Elon Musk er sjef for Tesla.  Foto: Dado Ruvic \/ Reuters \/ NTBVis mer<a class=\"_link_1wc6r_108\" href=\"https:\/\/e24.no\/forfatter\/hans-jordheim\" title=\"Hans M. Jordheim\" rel=\"nofollow noopener\" target=\"_blank\"><img alt=\"Bilde av Hans M. Jordheim\" class=\"_image_1wc6r_85\" fetchpriority=\"low\" decoding=\"async\" itemprop=\"image\" loading=\"lazy\"  src=\"https:\/\/www.europesays.com\/no\/wp-content\/uploads\/2026\/07\/1784756460_344_9465dabc-aad5-4532-8143-b9def63b814d.jpeg\"  width=\"480\"\/><\/a>           <\/p>\n<p class=\"_textTheme_1yhmn_1 _paragraph_16k26_4 _paragraph_3ue4t_27 layout-component layout-normal layout-padded body-medium\">Tesla fikk 28,2 milliarder dollar i omsetning i andre kvartal. P\u00e5 forh\u00e5nd var det ventet en omsetning p\u00e5 26,3 milliarder dollar, if\u00f8lge Bloomberg. <\/p>\n<p class=\"_textTheme_1yhmn_1 _paragraph_16k26_4 _paragraph_3ue4t_27 layout-component layout-normal layout-padded body-medium\">Resultat per aksje var samtidig betydelig lavere enn analytikerne s\u00e5 for seg. De hadde ventet 50 cent, mens Tesla leverte 33 cent. <\/p>\n<p class=\"_textTheme_1yhmn_1 _paragraph_16k26_4 _paragraph_3ue4t_27 layout-component layout-normal layout-padded body-medium\">I kvartalsrapporten peker Tesla p\u00e5 flere faktorer som presset l\u00f8nnsomheten. Deriblant lavere salgspriser per bil og h\u00f8yere driftskostnader \u2013 drevet av AI og andre utviklingsprosjekter. <\/p>\n<p> <a class=\"_link_12q07_20\" data-track-id=\"teaser:pBK3jE\" data-track-impression=\"true\" data-track-name=\"Slik plukker forvalteren aksjer: \u2013 En god historie er ikke nok\" data-track-element-size=\"small\" data-track-element-type=\"Teaser\" data-track-image-url=\"https:\/\/www.europesays.com\/no\/wp-content\/uploads\/2026\/07\/1784756461_8_9fe641e9-9099-38a7-9235-7bb369fe6f45.jpeg\" data-track-layout-name=\"image:right\" data-track-position-source=\"related-article\" href=\"https:\/\/e24.no\/boers-og-finans\/i\/pBK3jE\/slik-plukker-forvalteren-aksjer-en-god-historie-er-ikke-nok\" rel=\"nofollow noopener\" target=\"_blank\"><img decoding=\"async\" alt=\"\" class=\"_image_12q07_77\" height=\"5112\" loading=\"lazy\"  src=\"https:\/\/www.europesays.com\/no\/wp-content\/uploads\/2026\/07\/1784756461_8_9fe641e9-9099-38a7-9235-7bb369fe6f45.jpeg\"  width=\"7664\"\/><\/p>\n<p class=\"label-small _kicker_12q07_98\">Les ogs\u00e5<\/p>\n<p>Slik plukker forvalteren aksjer: \u2013 En god historie er ikke nok<\/a> <\/p>\n<p class=\"_textTheme_1yhmn_1 _paragraph_16k26_4 _paragraph_3ue4t_27 layout-component layout-normal layout-padded body-medium\">Tesla har allerede offentliggjort salgstall for kvartalet. De knuste forventningene. <br \/>Over 480.000 biler ble levert i trem\u00e5nedersperioden, 21 prosent mer enn forh\u00e5ndsestimatene. <\/p>\n<p class=\"_textTheme_1yhmn_1 _paragraph_16k26_4 _paragraph_3ue4t_27 layout-component layout-normal layout-padded body-medium\">Aksjen faller i underkant av 3 prosent i etterhandelen p\u00e5 Wall Street. Tesla-aksjen var fra f\u00f8r ned om lag 17 prosent for \u00e5ret. <\/p>\n<p> \u00d8kte investeringer <\/p>\n<p class=\"_textTheme_1yhmn_1 _paragraph_16k26_4 _paragraph_3ue4t_27 layout-component layout-normal layout-padded body-medium\">Utover ren fortjeneste f\u00f8lger investorer ogs\u00e5 med p\u00e5 Teslas kvartalsvise investeringer. <\/p>\n<p class=\"_textTheme_1yhmn_1 _paragraph_16k26_4 _paragraph_3ue4t_27 layout-component layout-normal layout-padded body-medium\">Dette er penger som g\u00e5r til blant annet kunstig intelligens, utvikling av selvkj\u00f8rende biler, robotaxier, roboter og datakraft. <\/p>\n<p class=\"_textTheme_1yhmn_1 _paragraph_16k26_4 _paragraph_3ue4t_27 layout-component layout-normal layout-padded body-medium\">Investeringene bel\u00f8p seg til 5,8 milliarder dollar i kvartalet \u2013 mer enn en dobling fra samme periode i fjor. Analytikere hadde p\u00e5 forh\u00e5nd ventet at tallet skulle v\u00e6re 800 millioner dollar h\u00f8yere, if\u00f8lge Bloomberg. <\/p>\n<p class=\"_textTheme_1yhmn_1 _paragraph_16k26_4 _paragraph_3ue4t_27 layout-component layout-normal layout-padded body-medium\">Tesla p\u00e5peker i kvartalsrapporten at de er inne i sin \u00abst\u00f8rste og mest spennende investeringsperiode\u00bb. <\/p>\n<p class=\"_textTheme_1yhmn_1 _paragraph_16k26_4 _paragraph_3ue4t_27 layout-component layout-normal layout-padded body-medium\">Det dreier seg blant annet om: <\/p>\n<ul class=\"_list_16k26_3 _list_3ue4t_26 _unordered_16k26_103 _textTheme_1yhmn_1 layout-component layout-normal layout-padded body-medium\">\n<li class=\"_item_16k26_63\"><strong class=\"_strong_16k26_20\">AI og datakapasitet:<\/strong> Tesla har mer enn doblet den lokale AI-regnekapasiteten i Texas i f\u00f8rste halv\u00e5r.<\/li>\n<li class=\"_item_16k26_63\"><strong class=\"_strong_16k26_20\">Cybercab og robotaxi:<\/strong> Produksjonen av Cybercab har startet ved Gigafactory Texas. Selskapet har tidligere estimert utrulling i Phoenix og Las Vegas allerede f\u00f8rste halv\u00e5r, men opplyste onsdag at forberedelsene fortsatt p\u00e5g\u00e5r i de to byene. <\/li>\n<li class=\"_item_16k26_63\"><strong class=\"_strong_16k26_20\">Optimus-roboter:<\/strong> Produksjonslinjene for Model S og X i Fremont er tatt ned, og Tesla installerer f\u00f8rstegenerasjons produksjonslinjer for Optimus. De venter at produksjonen begynner senere i \u00e5r. <\/li>\n<\/ul>\n<p> Negativt fortegn <\/p>\n<p class=\"_textTheme_1yhmn_1 _paragraph_16k26_4 _paragraph_3ue4t_27 layout-component layout-normal layout-padded body-medium\">Investeringene i kvartalet ble betydelig h\u00f8yere enn selskapets kontantstr\u00f8mKontantstr\u00f8m er mengden penger som g\u00e5r inn og ut av et selskap i en bestemt periode. p\u00e5 4,7 milliarder dollar. <\/p>\n<p class=\"_textTheme_1yhmn_1 _paragraph_16k26_4 _paragraph_3ue4t_27 layout-component layout-normal layout-padded body-medium\">Det vil si at Teslas frie kontantstr\u00f8mFri kontantstr\u00f8m er pengene et selskap har igjen etter \u00e5 ha betalt for driftskostnader og investeringer. kom p\u00e5 minus 1,1 milliarder dollar. For et kvartal siden viste regnskapene et milliardbel\u00f8p med positivt fortegn. <\/p>\n<p class=\"_textTheme_1yhmn_1 _paragraph_16k26_4 _paragraph_3ue4t_27 layout-component layout-normal layout-padded body-medium\">Selskapet skriver i kvartalsrapporten at de \u00abvil drive virksomheten p\u00e5 en m\u00e5te som sikrer en solid balanse, og opprettholde tilstrekkelig likviditet til \u00e5 finansiere produktplanene v\u00e5re, langsiktige planer for kapasitetsutvidelser \u2013 inkludert ytterligere vertikal integrasjon \u2013 og andre utgifter\u00bb.<\/p>\n","protected":false},"excerpt":{"rendered":"Tesla-regnskapet viser svakere l\u00f8nnsomhet. Aksjen faller i etterhandelen. Elon Musk er sjef for Tesla. Foto: Dado Ruvic \/&hellip;\n","protected":false},"author":2,"featured_media":300021,"comment_status":"","ping_status":"","sticky":false,"template":"","format":"standard","meta":{"footnotes":"","_share_on_mastodon":"0"},"categories":[56],"tags":[60,61,62,30,28,29,272],"class_list":["post-300020","post","type-post","status-publish","format-standard","has-post-thumbnail","category-naeringsliv","tag-business","tag-economy","tag-naeringsliv","tag-no","tag-norge","tag-norway","tag-tesla"],"share_on_mastodon":{"url":"https:\/\/pubeurope.com\/@no\/116965808111660276","error":""},"_links":{"self":[{"href":"https:\/\/www.europesays.com\/no\/wp-json\/wp\/v2\/posts\/300020","targetHints":{"allow":["GET"]}}],"collection":[{"href":"https:\/\/www.europesays.com\/no\/wp-json\/wp\/v2\/posts"}],"about":[{"href":"https:\/\/www.europesays.com\/no\/wp-json\/wp\/v2\/types\/post"}],"author":[{"embeddable":true,"href":"https:\/\/www.europesays.com\/no\/wp-json\/wp\/v2\/users\/2"}],"replies":[{"embeddable":true,"href":"https:\/\/www.europesays.com\/no\/wp-json\/wp\/v2\/comments?post=300020"}],"version-history":[{"count":0,"href":"https:\/\/www.europesays.com\/no\/wp-json\/wp\/v2\/posts\/300020\/revisions"}],"wp:featuredmedia":[{"embeddable":true,"href":"https:\/\/www.europesays.com\/no\/wp-json\/wp\/v2\/media\/300021"}],"wp:attachment":[{"href":"https:\/\/www.europesays.com\/no\/wp-json\/wp\/v2\/media?parent=300020"}],"wp:term":[{"taxonomy":"category","embeddable":true,"href":"https:\/\/www.europesays.com\/no\/wp-json\/wp\/v2\/categories?post=300020"},{"taxonomy":"post_tag","embeddable":true,"href":"https:\/\/www.europesays.com\/no\/wp-json\/wp\/v2\/tags?post=300020"}],"curies":[{"name":"wp","href":"https:\/\/api.w.org\/{rel}","templated":true}]}}