{"id":300074,"date":"2026-07-22T23:20:14","date_gmt":"2026-07-22T23:20:14","guid":{"rendered":"https:\/\/www.europesays.com\/no\/300074\/"},"modified":"2026-07-22T23:20:14","modified_gmt":"2026-07-22T23:20:14","slug":"19-domt-for-omfattende-menneskehandel-med-babyer","status":"publish","type":"post","link":"https:\/\/www.europesays.com\/no\/300074\/","title":{"rendered":"19 d\u00f8mt for omfattende menneskehandel med babyer"},"content":{"rendered":"<p><strong>En indonesisk domstol har d\u00f8mt 19 personer for menneskehandel med minst 34 babyer.<\/strong><\/p>\n<p>Den antatte hovedmannen, 70 \u00e5r gamle Lie Siu Luan, ble tirsdag <a href=\"https:\/\/sipp.pn-bandung.go.id\/?utm_source=chatgpt.com\" rel=\"nofollow noopener\" target=\"_blank\">d\u00f8mt <\/a>til sju \u00e5rs fengsel. De \u00f8vrige 18 tiltalte fikk straffer p\u00e5 mellom tre \u00e5r og fire m\u00e5neder og seks \u00e5r og sju m\u00e5neder, if\u00f8lge flere medier.<\/p>\n<p>Luan skal ha koordinert rekrutteringen av babyene, s\u00f8rget for falske adopsjonsdokumenter og organisert transporten av barn til utlandet. Dommen var lavere enn aktoratets p\u00e5stand om ti \u00e5rs fengsel.<\/p>\n<p><a href=\"https:\/\/sipp.pn-bandung.go.id\/?utm_source=chatgpt.com\" rel=\"nofollow noopener\" target=\"_blank\">P\u00e5talemyndigheten <\/a>mener ligaen handlet med minst 34 babyer mellom 2023 og 2025. Minst tolv skal ha blitt sendt til Singapore, hvor hvert barn ble solgt for mellom 200 og 250 millioner indonesiske rupiah \u2013 tilsvarende rundt 135.000 kroner per barn.<\/p>\n<p>Etterforskningen har vist at ligaen opps\u00f8kte gravide kvinner og familier i \u00f8konomiske vanskeligheter. Barnas identiteter skal deretter ha blitt f\u00f8rt inn i falske familie- og f\u00f8dselsdokumenter, som ble brukt til \u00e5 skaffe pass og gjennomf\u00f8re ulovlige adopsjoner.<\/p>\n<p><strong>Les ogs\u00e5: <a href=\"https:\/\/inyheter.no\/13\/10\/2025\/massiv-aksjon-mot-sosiale-medier-basert-menneskehandel\/\" rel=\"nofollow noopener\" target=\"_blank\">Massiv aksjon mot Sosiale medier-basert menneskehandel (+)<\/a><\/strong><\/p>\n<p>Saken ble avdekket i juli 2025, da indonesisk politi p\u00e5grep rundt et dusin mistenkte og reddet seks babyer mellom to og tre m\u00e5neder. If\u00f8lge <a href=\"https:\/\/www.occrp.org\/en\/news\/indonesia-sentences-19-in-syndicate-that-trafficked-dozens-of-babies\" rel=\"nofollow noopener\" target=\"_blank\">OCCRP<\/a> skal ligaen ha v\u00e6rt i virksomhet siden 2023.<\/p>\n<p>\u00c5tte barn som var kj\u00f8pt av ligaen, men enn\u00e5 ikke adoptert bort, skal n\u00e5 tas h\u00e5nd om av sosialmyndighetene i Vest-Java. Hva som skjer med barna som allerede er plassert hos familier, blant annet i Singapore, er fortsatt uklart.<\/p>\n","protected":false},"excerpt":{"rendered":"En indonesisk domstol har d\u00f8mt 19 personer for menneskehandel med minst 34 babyer. Den antatte hovedmannen, 70 \u00e5r&hellip;\n","protected":false},"author":2,"featured_media":300075,"comment_status":"","ping_status":"","sticky":false,"template":"","format":"standard","meta":{"footnotes":"","_share_on_mastodon":"0"},"categories":[12],"tags":[20,21,24,25,15,4231,22,23,396,13,30,28,29,14,16,26,27,42,43,44,45],"class_list":["post-300074","post","type-post","status-publish","format-standard","has-post-thumbnail","category-verden","tag-breaking-news","tag-breakingnews","tag-featured-news","tag-featurednews","tag-headlines","tag-kidnapping","tag-latest-news","tag-latestnews","tag-menneskehandel","tag-news","tag-no","tag-norge","tag-norway","tag-nyheter","tag-overskrifter","tag-top-stories","tag-topstories","tag-verden","tag-world","tag-world-news","tag-worldnews"],"share_on_mastodon":{"url":"https:\/\/pubeurope.com\/@no\/116966196939896312","error":""},"_links":{"self":[{"href":"https:\/\/www.europesays.com\/no\/wp-json\/wp\/v2\/posts\/300074","targetHints":{"allow":["GET"]}}],"collection":[{"href":"https:\/\/www.europesays.com\/no\/wp-json\/wp\/v2\/posts"}],"about":[{"href":"https:\/\/www.europesays.com\/no\/wp-json\/wp\/v2\/types\/post"}],"author":[{"embeddable":true,"href":"https:\/\/www.europesays.com\/no\/wp-json\/wp\/v2\/users\/2"}],"replies":[{"embeddable":true,"href":"https:\/\/www.europesays.com\/no\/wp-json\/wp\/v2\/comments?post=300074"}],"version-history":[{"count":0,"href":"https:\/\/www.europesays.com\/no\/wp-json\/wp\/v2\/posts\/300074\/revisions"}],"wp:featuredmedia":[{"embeddable":true,"href":"https:\/\/www.europesays.com\/no\/wp-json\/wp\/v2\/media\/300075"}],"wp:attachment":[{"href":"https:\/\/www.europesays.com\/no\/wp-json\/wp\/v2\/media?parent=300074"}],"wp:term":[{"taxonomy":"category","embeddable":true,"href":"https:\/\/www.europesays.com\/no\/wp-json\/wp\/v2\/categories?post=300074"},{"taxonomy":"post_tag","embeddable":true,"href":"https:\/\/www.europesays.com\/no\/wp-json\/wp\/v2\/tags?post=300074"}],"curies":[{"name":"wp","href":"https:\/\/api.w.org\/{rel}","templated":true}]}}