{"id":30021,"date":"2025-09-08T19:37:15","date_gmt":"2025-09-08T19:37:15","guid":{"rendered":"https:\/\/www.europesays.com\/no\/30021\/"},"modified":"2025-09-08T19:37:15","modified_gmt":"2025-09-08T19:37:15","slug":"darligste-under-vedum","status":"publish","type":"post","link":"https:\/\/www.europesays.com\/no\/30021\/","title":{"rendered":"D\u00e5rligste under Vedum"},"content":{"rendered":"<p class=\"kicker \" style=\"\">Stortingsvalget 2025:<\/p>\n<p>  Norske velgere kaster ut nesten to tredeler av Senterpartiets stortingsgruppe fra L\u00f8vebakken. N\u00e5 forsvinner den ene profilen etter den andre.<\/p>\n<p>\n    KJEMPENEDTUR: Senterpartiet gj\u00f8r sitt d\u00e5rligste valg med Trygve Slagsvold Vedum som partileder. Partiets stortingsgruppe blir mer enn halvert. Foto: Bj\u00f8rn Langsem \/ Dagbladet\n  <\/p>\n<p>Etter fire fete \u00e5r blir de neste fire \u00e5ra sv\u00e6rt magre for Senterpartiet (Sp) p\u00e5 Stortinget. Det viser det forel\u00f8pige valgresultatet.<\/p>\n<p class=\"font-weight-bold m-font-weight-bold\" data-lab-font_weight=\"font-weight-bold\">P\u00e5 de f\u00f8rste resultatene, publisert klokka 21 valgdagen, f\u00e5r partiet 5,7 prosent.\u00a0<\/p>\n<p>Det er mer enn en halvering, med en tilbakegang p\u00e5 hele 7,8 prosentpoeng fra stortingsvalget i 2021. De mister ogs\u00e5 hele 19 av sine 28 stortingsrepresentanter p\u00e5 de forel\u00f8pige resultatene.<\/p>\n<p> St\u00e5r dette valgresultatet seg, gj\u00f8r Sp sitt d\u00e5rligste valg siden 2013 da de fikk 5,5 prosent oppslutning, og det d\u00e5rligste valget med Trygve Slagsvold Vedum som partileder. <\/p>\n<p>Det vil i s\u00e5 fall v\u00e6re det tredje d\u00e5rligste valgresultatet gjennom tidene.<\/p>\n<p>28 representanter\t<\/p>\n<p>I 2021 gjorde Sp sitt fjerde beste stortingsvalg gjennom tidene, og stortingsgruppa talte 28 representanter.<\/p>\n<p>I \u00e5r ligger Sp an til \u00e5 gj\u00f8re et av sine d\u00e5rligste valg, og det d\u00e5rligste med Trygve Slagsvold Vedum som partileder.<\/p>\n<p>St\u00e5r den n\u00e5v\u00e6rende mandatfordelingen seg gjennom valgnatta, ligger Sp an til bare \u00e5 ende opp med i overkant av \u00e9n tredel av mandatene de har v\u00e6rt vant med de siste fire \u00e5ra.<\/p>\n<p>        Frp-leder Sylvi Listhaug kom med harde karakteristikker av AUF-leder Gaute B. Skjerv\u00f8 i valgets siste NRK-debatt. Video: NRK og Jostein Sletten\/Dagbladet. <\/p>\n<p>Realitydeltaker og minister\t<\/p>\n<p>Blant profilene som n\u00e5 virker \u00e5 kunne vinke farvel til Stortinget er blant andre tidligere landbruksminister Sandra Borch (37) fra Troms og tidligere justisminister Emilie Enger Mehl (32) fra Hedmark.<\/p>\n<p>I tillegg henger ogs\u00e5 plassen til tidligere barne- og familieminister Kjersti Toppe (57) fra Hordaland i en tynn tr\u00e5d.<\/p>\n<p>Mehl sto p\u00e5 andreplass bak partileder Vedum p\u00e5 stortingslista til Sp i Hedmark i \u00e5rets valg. Det samme gjorde hun i 2022, da partiet gjorde et brakvalg.<\/p>\n<p>    <a itemprop=\"url\" href=\"https:\/\/borsen.dagbladet.no\/nyheter\/desperat\/83522111\" rel=\"nofollow noopener\" target=\"_blank\"><\/p>\n<p>      <img loading=\"lazy\" decoding=\"async\" src=\"https:\/\/www.europesays.com\/no\/wp-content\/uploads\/2025\/09\/83523522.webp\" width=\"980\" height=\"441\" title=\"- Desperat\" alt=\"\" class=\"lazyload\" style=\"--aspect-ratio-image: 2.22; \"\/><\/p>\n<p>        &#8211; Desperat <\/p>\n<p>    <\/a><\/p>\n<p>F\u00f8r hun ble valgt inn p\u00e5 Stortinget i 2021, gjorde hun seg bemerket da hun vant NRKs realityserie \u00abAnno\u00bb i 2015. Samme \u00e5r som hun ble valgt inn p\u00e5 Stortinget, deltok hun i &#8211; og vant &#8211; TV 2s realityserie \u00abKompani Lauritzen\u00bb.<\/p>\n<p>Etter at de r\u00f8dgr\u00f8nne vant valget i 2021, dannet Ap og Sp regjering sammen, og Mehl ble utnevnt til justisminister. Som 28-\u00e5ring ble hun da tidenes yngste justisminister i Norge.<\/p>\n<p>Hun forlot stillingen i februar i \u00e5r, da Senterpartiet forlot regjeringen.<\/p>\n<p>        S\u00d8NDRE LAND, INNLANDET: Rikke Frilseth (28) er uf\u00f8r i landets mest trygda kommune. Ved hjelp av tilrettelegging og livsmestringskurs har hun hun kommet seg inn i arbeidslivet som omsorgsassistent &#8211; det hjelper litt p\u00e5 lommeboka. Video\/reporter: Christina H. Korneliussen<\/p>\n<p>Borch og Toppe i fare\t<\/p>\n<p>Sandra Borch (37) ble valgt inn p\u00e5 Stortinget for f\u00f8rste gang i 2017 for Troms. Hun har i en \u00e5rrekke v\u00e6rt en av Senterpartiets mest profilerte politikere. Da Ap og Sp i 2021 dannet regjering, ble Borch utnevnt til landbruks- og matminister.<\/p>\n<p>Da statsminister Jonas Gahr St\u00f8re (Ap) gjorde endringer i regjeringen i august 2023, forlot Borch landbruksdepartementet til fordel for kunnskapsdepartementet.<\/p>\n<p>Der ble Borch utnevnt til forsknings- og h\u00f8yere utdanningsminister.<\/p>\n<p>    <a itemprop=\"url\" href=\"https:\/\/borsen.dagbladet.no\/nyheter\/stoler-ikke-pa-arbeiderpartiet\/83510533\" rel=\"nofollow noopener\" target=\"_blank\"><\/p>\n<p>      <img loading=\"lazy\" decoding=\"async\" src=\"https:\/\/www.europesays.com\/no\/wp-content\/uploads\/2025\/09\/1757360234_318_83516655.webp\" width=\"980\" height=\"441\" title=\"- Stoler ikke p\u00e5 dem\" alt=\"\" class=\"lazyload\" style=\"--aspect-ratio-image: 2.22; \"\/><\/p>\n<p>        &#8211; Stoler ikke p\u00e5 dem<\/p>\n<p>    <\/a><\/p>\n<p>I januar 2024 gikk hun av som minister etter \u00e5 ha blitt tatt i plagiat. Borch erkjente \u00e5 ha plagiert deler av sin masteroppgave.<\/p>\n<p>Seinere ble masteroppgaven underkjent av Universitetet i Troms\u00f8.<\/p>\n<p>Kjersti Toppe er an av Sps lengstsittende representanter p\u00e5 Stortinget, og ble f\u00f8rst valgt inn for Hordaland i 2009. F\u00f8r hun ble valgt inn p\u00e5 Stortinget, var hun en del av Bergen bystyre og Hordaland fylkesting i en \u00e5rrekke.<\/p>\n<p>Med de forel\u00f8pige valgresultatene klokka 21 er Toppe inne med et utjevningsmandat. Dette er imidlertid usikkert, da det er uklart om Venstre ender under sperregrensa, slik de forel\u00f8pige resultatene viser,<\/p>\n<p>Etter de r\u00f8dgr\u00f8nnes valgseier i 2021, ble Toppe utnevnt til barne- og familieminister. Toppe forble minister helt fram til Senterpartiet gikk ut av regjering tidligere i \u00e5r.<\/p>\n<p>        HARDT UT: Frp-leder Sylvi Listhaug slakter Arbeiderpartiets ferske helseplan. Jonas Gahr St\u00f8re svarer dette om kritikken. Reporter: Anabelle Bruun. Video: Marte Nyl\u00f8kken Helseth<\/p>\n<p>Ikke over hele landet\t<\/p>\n<p>Ved forrige valg fikk Senterpartiet inn representanter fra hele 18 av 19 valgkretser, og i ti av dem fikk Senterpartiet inn to representanter.\u00a0<\/p>\n<p>Basert p\u00e5 de forel\u00f8pige tallene kommer ikke partiet til \u00e5 f\u00e5 mer enn \u00e9n representant i noen valgkretser.<\/p>\n<p>    <a itemprop=\"url\" href=\"https:\/\/borsen.dagbladet.no\/nyheter\/frykter-erna-og-sylvi-like-mye\/83382178\" rel=\"nofollow noopener\" target=\"_blank\"><\/p>\n<p>      <img loading=\"lazy\" decoding=\"async\" src=\"https:\/\/www.europesays.com\/no\/wp-content\/uploads\/2025\/09\/83383864.webp\" width=\"980\" height=\"441\" title=\"Frykter Erna og Sylvi like mye\" alt=\"\" class=\"lazyload\" style=\"--aspect-ratio-image: 2.22; \"\/><\/p>\n<p>        Frykter Erna og Sylvi like mye<\/p>\n<p>    <\/a><\/p>\n<p>Forel\u00f8pig ligger partiet bare an til \u00e5 representere ni eller ti valgkretser, alts\u00e5 tidligere fylker.<\/p>\n<p>Vedum ble partileder i 2014, og i hans f\u00f8rste stortingsvalg som partileder fikk Sp 10,3 og i 2021 fikk partiet 13,6.<\/p>\n<p>\u00c5rets valgresultat ligger an til \u00e5 bli det d\u00e5rligste med Vedum som partileder.<\/p>\n","protected":false},"excerpt":{"rendered":"Stortingsvalget 2025: Norske velgere kaster ut nesten to tredeler av Senterpartiets stortingsgruppe fra L\u00f8vebakken. N\u00e5 forsvinner den ene&hellip;\n","protected":false},"author":2,"featured_media":30022,"comment_status":"","ping_status":"","sticky":false,"template":"","format":"standard","meta":{"footnotes":""},"categories":[10],"tags":[20,21,24,25,15,22,23,13,30,28,29,14,16,41,1963,776,26,27,4823],"class_list":{"0":"post-30021","1":"post","2":"type-post","3":"status-publish","4":"format-standard","5":"has-post-thumbnail","7":"category-norge","8":"tag-breaking-news","9":"tag-breakingnews","10":"tag-featured-news","11":"tag-featurednews","12":"tag-headlines","13":"tag-latest-news","14":"tag-latestnews","15":"tag-news","16":"tag-no","17":"tag-norge","18":"tag-norway","19":"tag-nyheter","20":"tag-overskrifter","21":"tag-politikk","22":"tag-senterpartiet","23":"tag-stortingsvalg-2025","24":"tag-top-stories","25":"tag-topstories","26":"tag-valgresultater"},"share_on_mastodon":{"url":"","error":""},"_links":{"self":[{"href":"https:\/\/www.europesays.com\/no\/wp-json\/wp\/v2\/posts\/30021","targetHints":{"allow":["GET"]}}],"collection":[{"href":"https:\/\/www.europesays.com\/no\/wp-json\/wp\/v2\/posts"}],"about":[{"href":"https:\/\/www.europesays.com\/no\/wp-json\/wp\/v2\/types\/post"}],"author":[{"embeddable":true,"href":"https:\/\/www.europesays.com\/no\/wp-json\/wp\/v2\/users\/2"}],"replies":[{"embeddable":true,"href":"https:\/\/www.europesays.com\/no\/wp-json\/wp\/v2\/comments?post=30021"}],"version-history":[{"count":0,"href":"https:\/\/www.europesays.com\/no\/wp-json\/wp\/v2\/posts\/30021\/revisions"}],"wp:featuredmedia":[{"embeddable":true,"href":"https:\/\/www.europesays.com\/no\/wp-json\/wp\/v2\/media\/30022"}],"wp:attachment":[{"href":"https:\/\/www.europesays.com\/no\/wp-json\/wp\/v2\/media?parent=30021"}],"wp:term":[{"taxonomy":"category","embeddable":true,"href":"https:\/\/www.europesays.com\/no\/wp-json\/wp\/v2\/categories?post=30021"},{"taxonomy":"post_tag","embeddable":true,"href":"https:\/\/www.europesays.com\/no\/wp-json\/wp\/v2\/tags?post=30021"}],"curies":[{"name":"wp","href":"https:\/\/api.w.org\/{rel}","templated":true}]}}