{"id":300255,"date":"2026-07-23T08:08:14","date_gmt":"2026-07-23T08:08:14","guid":{"rendered":"https:\/\/www.europesays.com\/no\/300255\/"},"modified":"2026-07-23T08:08:14","modified_gmt":"2026-07-23T08:08:14","slug":"marc-anthony-blir-pappa-for-attende-gang-med-nadia-ferreira-2","status":"publish","type":"post","link":"https:\/\/www.europesays.com\/no\/300255\/","title":{"rendered":"Marc Anthony blir pappa for \u00e5ttende gang med Nadia Ferreira"},"content":{"rendered":"<p>    Kort fortalt<\/p>\n<ul lang=\"nb-NO\">\n<li>USAs forsvarsminister Pete Hegseth m\u00f8tte sterk motstand i Senatet over en foresl\u00e5tt krisepakke p\u00e5 67 milliarder dollar til Pentagon.<\/li>\n<li>Demokrater kritiserte Hegseths ledelse og advarte mot en ny \u00abevighetskrig\u00bb i Iran uten en klar seiersstrategi.<\/li>\n<li>Hegseth hevdet at Iran er satt tilbake milit\u00e6rt, men ble utfordret p\u00e5 kostnadene og strategien bak krigen.<\/li>\n<li>Senatorer stilte sp\u00f8rsm\u00e5l ved hvorfor Pentagon ber om mer penger n\u00e5r de allerede har ubrukte midler fra tidligere budsjetter.<\/li>\n<\/ul>\n<p class=\"italic ai-disclaimer\" data-lab-italic=\"italic\">Sammendraget er laget av ChatGPT og godkjent av Dagbladet.<\/p>\n<p>      Vis mer<br \/>\n      Vis mindre<\/p>\n<p>USAs \u00f8verste forsvarsledere m\u00f8tte tirsdag i Senatet for \u00e5 be om en ny, enorm krisepakke til Pentagon.<\/p>\n<p class=\"font-weight-bold m-font-weight-bold\" data-lab-font_weight=\"font-weight-bold\">Prislappen er p\u00e5 svimlende 67 milliarder dollar &#8211; over 650 milliarder norske kroner.<\/p>\n<p>Pengene skal blant annet brukes til \u00e5 dekke Trump-administrasjonens \u00f8kende krigskostnader i Iran.<\/p>\n<p>I Senatet m\u00f8tte forsvarsminister Pete Hegseth kraftig motstand fra demokratene, og det ble amper stemning i salen da han skulle forsvare pengebruken.<\/p>\n<p>Nyheten er omtalt av flere medier, blant andre <a href=\"https:\/\/thehill.com\/policy\/defense\/5982033-emergency-funding-military-leaders-iran-war-senate-hearing\/\" rel=\"nofollow noopener\" target=\"_blank\">The Hill<\/a>, <a href=\"https:\/\/www.nytimes.com\/live\/2026\/07\/21\/us\/trump-news\" rel=\"nofollow noopener\" target=\"_blank\">New York Times<\/a>\u00a0og\u00a0<a href=\"https:\/\/edition.cnn.com\/2026\/07\/21\/world\/live-news\/iran-war-trump\" rel=\"nofollow noopener\" target=\"_blank\">CNN<\/a>.<\/p>\n<p>    <a itemprop=\"url\" href=\"https:\/\/www.dagbladet.no\/nyheter\/slar-alarm-om-morketall\/84925869\" rel=\"nofollow noopener\" target=\"_blank\"><\/p>\n<p>        <img loading=\"lazy\" decoding=\"async\" src=\"https:\/\/www.europesays.com\/no\/wp-content\/uploads\/2026\/07\/1784794091_621_84926139.webp\" width=\"980\" height=\"441\" alt=\"\" class=\"lazyload\" style=\"--aspect-ratio-image: 2.22; \"\/><\/p>\n<p>        Sl\u00e5r alarm om m\u00f8rketall<\/p>\n<p>    <\/a><\/p>\n<p>Grillet i Senatet  <\/p>\n<p>I h\u00f8ringen ble det imidlertid ikke bare stilt sp\u00f8rsm\u00e5l ved selve prislappen. Demokratene utfordret ogs\u00e5 Hegseth p\u00e5 flere p\u00e5stander om Iran.<\/p>\n<p>Senatoren Jon Ossoff stilte gjentatte sp\u00f8rsm\u00e5l ved Hegseths tidligere utsagn om at Irans milit\u00e6re n\u00e5 skal v\u00e6re \u00f8delagt og ufarliggjort etter angrep fra USA.<\/p>\n<p>Forsvarsministeren svarte at Iran ikke lenger har et fungerende sj\u00f8forsvar og hevdet at landets forsvarsindustri nesten er fullstendig \u00f8delagt.<\/p>\n<p>&#8211; Det betyr ikke at de har absolutt null igjen, sa Hegseth.<\/p>\n<p>        HORMUZSTREDET: Den amerikanske milit\u00e6re sentralkommandoen, CENTCOM, har delt flere videoer av nye angrep mot Iran. Video: Reuters \/ Centcom, reporter: Danny Son To \/ DBTV<\/p>\n<p>Ossoff, som representerer delstaten Georgia, viste ogs\u00e5 til Hegseths p\u00e5stand om at operasjon \u00abEpic Fury\u00bb har v\u00e6rt en \u00ab<a href=\"https:\/\/www.youtube.com\/watch?v=kumzM-MrMeg\" rel=\"nofollow noopener\" target=\"_blank\">historisk og overveldende seier<\/a> der USA har oppn\u00e5dd hvert eneste m\u00e5l\u00bb.<\/p>\n<p class=\"font-weight-bold m-font-weight-bold\" data-lab-font_weight=\"font-weight-bold\">&#8211; Det har utvilsomt, p\u00e5 vegne av alle mennene og kvinnene i uniform, v\u00e6rt en historisk milit\u00e6r seier over Iran, svarte Hegseth.<\/p>\n<p>    <a itemprop=\"url\" href=\"https:\/\/www.dagbladet.no\/nyheter\/en-ny-fase\/84925904\" rel=\"nofollow noopener\" target=\"_blank\"><\/p>\n<p>        <img loading=\"lazy\" decoding=\"async\" src=\"https:\/\/www.europesays.com\/no\/wp-content\/uploads\/2026\/07\/1784794092_567_84925932.webp\" width=\"980\" height=\"441\" alt=\"\" class=\"lazyload\" style=\"--aspect-ratio-image: 2.22; \"\/><\/p>\n<p>        &#8211; En ny fase<\/p>\n<p>    <\/a><\/p>\n<p>Ordvekslingen ble stadig mer amper. Ossoff skal ha hevet stemmen og spurt om Hegseth faktisk mente at Irans milit\u00e6re har v\u00e6rt satt ut av spill de siste fire m\u00e5nedene.<\/p>\n<p>&#8211; De er satt tilbake, ikke bare \u00e5r, men trolig ti\u00e5r, svarte forsvarsministeren.<\/p>\n<p>        NYE ANGREP: CENTCOM deler nye videoer av amerikanske angrep mot Iran. Reporter: Sander Aadalen. Video: U.S. CENTRAL COMMAND.<\/p>\n<p>Advarte Hegseth  <\/p>\n<p>Demokraten Gary Peters fra Michigan rettet ogs\u00e5 knusende kritikk mot Hegseths ledelse, og advarte samtidig om at USA risikerer \u00e5 bli fanget i en ny \u00abevighetskrig\u00bb.<\/p>\n<p>Han anklaget ogs\u00e5 Hegseth for \u00e5 ha sviktet de amerikanske styrkene.<\/p>\n<p>&#8211; Jeg er ikke i tvil om at v\u00e5re modige soldater kan gjennomf\u00f8re ethvert oppdrag og vinne ethvert slag. Men uten en klar strategi for seier, risikerer vi \u00e5 havne i enda en evighetskrig som setter soldatene v\u00e5re i fare og fortsetter \u00e5 koste skattebetalerne milliarder av dollar, sa Peters under h\u00f8ringen.\u00a0<\/p>\n<p>        <img loading=\"lazy\" decoding=\"async\" src=\"https:\/\/www.europesays.com\/no\/wp-content\/uploads\/2026\/07\/84929694.webp\" width=\"980\" height=\"559\" alt=\"\" class=\"\" style=\"--aspect-ratio-image: 1.75; \"\/><\/p>\n<p>\n        ANKLAGET HEGSETH: Senator Gary Peters gikk hardt ut mot forsvarsminister Pete Hegseth under tirsdagens h\u00f8ring i Senatet. Foto: Finn Gomez \/ Getty Images \/ AFP\n    <\/p>\n<p>Klart svar: &#8211; Hensynsl\u00f8st<\/p>\n<p>Forsvarsminister Hegseth reagerte kraftig p\u00e5 tiltale, og hevdet Peters\u2019 utsagn var et angrep p\u00e5 amerikanske soldater.<\/p>\n<p class=\"font-weight-bold m-font-weight-bold\" data-lab-font_weight=\"font-weight-bold\">&#8211; Jeg mener din beskrivelse av denne utrolige innsatsen som en fiasko er hensynsl\u00f8s og uansvarlig, sa Hegseth.<\/p>\n<p>&#8211; Jeg mener det sverter offeret soldatene v\u00e5re gj\u00f8r p\u00e5 vegne av det amerikanske folket for \u00e5 sikre at Iran aldri f\u00e5r atomv\u00e5pen.<\/p>\n<p>Peters avviste at han kritiserte soldatene, og understreket igjen at kritikken var rettet mot ledelsen &#8211; ikke de amerikanske styrkene p\u00e5 bakken.<\/p>\n<p class=\"font-weight-bold m-font-weight-bold\" data-lab-font_weight=\"font-weight-bold\">&#8211; Du, sir, er fiaskoen. Ikke mennene og kvinnene ved frontlinjen. Ikke mennene og kvinnene som fortsatt har verdigheten sin i behold.<\/p>\n<p>&#8211;\u00a0N\u00e5r det mangler en seiersstrategi, settes de i fare. Lederne deres har sviktet dem. Og det er det som skjer n\u00e5.<\/p>\n<p>        <img loading=\"lazy\" decoding=\"async\" src=\"https:\/\/www.europesays.com\/no\/wp-content\/uploads\/2026\/07\/84929702.webp\" width=\"980\" height=\"559\" alt=\"\" class=\"\" style=\"--aspect-ratio-image: 1.75; \"\/><\/p>\n<p>\n        AVBR\u00d8T H\u00d8RINGEN: Hegseth ble flere ganger avbrutt av demonstranter under h\u00f8ringen. Foto: Anna Moneymaker \/ Getty Images \/ AFP\n    <\/p>\n<p>    <a itemprop=\"url\" href=\"https:\/\/www.dagbladet.no\/nyheter\/avbrutt-fire-ganger\/84929510\" rel=\"nofollow noopener\" target=\"_blank\"><\/p>\n<p>        <img loading=\"lazy\" decoding=\"async\" src=\"https:\/\/www.europesays.com\/no\/wp-content\/uploads\/2026\/07\/84929520.webp\" width=\"980\" height=\"441\" alt=\"\" class=\"lazyload\" style=\"--aspect-ratio-image: 2.22; \"\/><\/p>\n<p>        Avbrutt fire ganger<\/p>\n<p>    <\/a><\/p>\n<p>Videre la Hegseth mye av skylden for krigskostnadene p\u00e5 Biden-administrasjonen, som han hevdet ikke investerte nok i det amerikanske forsvaret.\u00a0<\/p>\n<p>Han anklaget ogs\u00e5 den tidligere administrasjonen for \u00e5 prioriterte v\u00e5pen til Ukraina framfor USAs egne lagre.<\/p>\n<p>        G\u00c5R VIRALT: S\u00f8nnen til den amerikanske forsvarsministeren, Pete Hegseth, vekker oppsikt etter at han gjorde dette under et pressem\u00f8te i Frankrike. Video: AP. Reporter: Vegard Kr\u00fcger \/ Dagbladet TV<\/p>\n<p>Advarte om kutt<\/p>\n<p>I h\u00f8ringen pr\u00f8vde Hegseth \u00e5 overtale de folkevalgte til \u00e5 g\u00e5 med p\u00e5 en ekstrabevilgning p\u00e5 67 milliarder dollar, cirka 656 milliarder norske kroner, til Pentagon.\u00a0<\/p>\n<p>Hegseth sa at pengene blant annet skal g\u00e5 til oppfylling av v\u00e5penlagre og andre forsvarsbehov i\u00a0krigen mot Iran.<\/p>\n<p class=\"font-weight-bold m-font-weight-bold\" data-lab-font_weight=\"font-weight-bold\">&#8211; Uten disse pengene st\u00e5r vi overfor kritiske mangler, sa Hegseth til forsamlingen.<\/p>\n<p>Han fikk st\u00f8tte av general Dan Caine, leder for USAs forsvarssjefstab.<\/p>\n<p>    <a itemprop=\"url\" href=\"https:\/\/www.dagbladet.no\/nyheter\/frykter-langt-storre-krig-blodig-alvor\/84921046\" rel=\"nofollow noopener\" target=\"_blank\"><\/p>\n<p>        <img loading=\"lazy\" decoding=\"async\" src=\"https:\/\/www.europesays.com\/no\/wp-content\/uploads\/2026\/07\/1784794093_709_84921283.webp\" width=\"980\" height=\"441\" alt=\"\" class=\"lazyload\" style=\"--aspect-ratio-image: 2.22; \"\/><\/p>\n<p>        Frykter langt st\u00f8rre krig: &#8211; Blodig alvor<\/p>\n<p>    <\/a><\/p>\n<p>P\u00e5 sp\u00f8rsm\u00e5l om hva \u00abplan B\u00bb er, svarte generalen at milit\u00e6ret alltid vil finne l\u00f8sninger. Men han la til at manglende finansiering vil merkes.<\/p>\n<p>&#8211; Det vil ramme saker knyttet til milit\u00e6rt personell. Vi skal finne ut hvordan vi betaler soldater og tjenestepersonell, men det vil bli en belastning, sa Caine.<\/p>\n<p>Han pekte ogs\u00e5 p\u00e5 drift, vedlikehold og framtidig kampkraft innen kunstig intelligens, droner og romforsvar som omr\u00e5der som kan rammes.<\/p>\n<p>    <a itemprop=\"url\" href=\"https:\/\/www.dagbladet.no\/nyheter\/innforer-testosteronkrav\/84908380\" rel=\"nofollow noopener\" target=\"_blank\"><\/p>\n<p>        <img loading=\"lazy\" decoding=\"async\" src=\"https:\/\/www.europesays.com\/no\/wp-content\/uploads\/2026\/07\/84908386.webp\" width=\"980\" height=\"441\" alt=\"\" class=\"lazyload\" style=\"--aspect-ratio-image: 2.22; \"\/><\/p>\n<p>        Innf\u00f8rer testosteronkrav <\/p>\n<p>    <\/a><\/p>\n<p>Peker p\u00e5 ubrukte milliarder  <\/p>\n<p>Demokratene var langt fra overbevist. Flere senatorer pekte p\u00e5 at Pentagon fortsatt skal ha rundt 75 milliarder dollar igjen fra et budsjett som ble vedtatt i fjor.<\/p>\n<p class=\"font-weight-bold m-font-weight-bold\" data-lab-font_weight=\"font-weight-bold\">&#8211; Hvis dere fortsatt har 75 milliarder dollar tilgjengelig, hvorfor ber dere det amerikanske folket om \u00e5 ta regningen for en krig de ikke st\u00f8tter? spurte senator Jeanne Shaheen.<\/p>\n<p>        KOMMER MED STIKK: I en pressekonferanse natt til l\u00f8rdag benyttet Donald Trump samtidig anledningen til \u00e5 komme med et stikk mot England. Reporter: Ida Reian<\/p>\n<p>Hegseth svarte at pengene allerede er \u00f8remerket Trumps forsvarsprosjekter, blant dem det s\u00e5kalte \u00abGolden Dome\u00bb-missilforsvaret og \u00f8kt produksjon av hypersoniske v\u00e5pen.<\/p>\n<p>    Krigen i Iran<\/p>\n<p>USA gikk sammen med Israel til angrepskrig mot Iran 28. februar 2026.\u00a0<\/p>\n<p>En v\u00e5penhvile ble inng\u00e5tt 8. april og forlenget i juni, men de siste ukene har USA gjenopptatt omfattende angrep mot Iran.\u00a0<\/p>\n<p>Iranerne har svart med \u00e5 angripe det de sier er amerikanske m\u00e5l i en rekke USA-allierte land i Midt\u00f8sten, blant annet i Kuwait, Bahrain, Jordan og Qatar.<\/p>\n<p>Minst 17 amerikanske soldater er drept i Midt\u00f8sten siden krigen br\u00f8t ut, if\u00f8lge amerikanske myndigheter.\u00a0<\/p>\n<p>I forrige uke opplyste Irans helsedepartement at 50 mennesker er drept og 500 s\u00e5ret bare siden v\u00e5penhvilen br\u00f8t sammen tidligere i juli, skriver NTB.\u00a0<\/p>\n<p>I l\u00f8pet av de f\u00f8rste fem ukene av krigen ble over 3600 mennesker drept i amerikansk-israelske angrep i Iran, if\u00f8lge menneskerettsaktivister og myndigheter.<\/p>\n<p>Kilder: NTB<\/p>\n<p>      Vis mer<br \/>\n      Vis mindre<\/p>\n<p>Krigen blir dyrere  <\/p>\n<p>Hegseth la ogs\u00e5 fram et oppdatert anslag for kostnadene ved Iran-krigen. If\u00f8lge ham har konflikten s\u00e5 langt kostet rundt 37,5 milliarder dollar &#8211; over 360 milliarder kroner.<\/p>\n<p class=\"font-weight-normal m-font-weight-normal\" data-lab-font_weight=\"font-weight-normal\">Det er betydelig h\u00f8yere enn tallet Det hvite hus oppga i forrige m\u00e5ned, da kostnaden ble ansl\u00e5tt til rundt 30 milliarder dollar.<\/p>\n<p class=\"font-weight-bold m-font-weight-bold\" data-lab-font_weight=\"font-weight-bold\">&#8211; Dere ber om ubegrenset med penger til bomber, mens folk ikke klarer \u00e5 br\u00f8df\u00f8 familiene sine, sa hun.<\/p>\n<p>Hegseth avviste anklagene.<\/p>\n<p>    <a itemprop=\"url\" href=\"https:\/\/www.dagbladet.no\/nyheter\/iran-erklaerer-fullskala-krig\/84924643\" rel=\"nofollow noopener\" target=\"_blank\"><\/p>\n<p>        <img loading=\"lazy\" decoding=\"async\" src=\"https:\/\/www.europesays.com\/no\/wp-content\/uploads\/2026\/07\/1784794094_370_84924667.webp\" width=\"980\" height=\"441\" alt=\"\" class=\"lazyload\" style=\"--aspect-ratio-image: 2.22; \"\/><\/p>\n<p>        Iran erkl\u00e6rer \u00abfullskala krig\u00bb <\/p>\n<p>    <\/a><\/p>\n<p>&#8211; Ikke ubegrenset med bomber, senator. Jeg ber om de riktige bombene til riktig tid, for \u00e5 avskrekke fiendene v\u00e5re i framtida, svarte han.<\/p>\n<p>USA har de siste ukene gjennomf\u00f8rt omfattende angrep mot Iran, og natt til onsdag markerer ellevte natt p\u00e5 rad med angrep. Det siste angrepet er i skrivende stund bekreftet av <a href=\"https:\/\/x.com\/CENTCOM\/status\/2079711263479705990\" rel=\"nofollow\">CentCom<\/a>.<\/p>\n<p>Iran har p\u00e5 sin side sl\u00e5tt tilbake mot amerikanske milit\u00e6rm\u00e5l i regionen, blant annet i Kuwait, Bahrain, Jordan og Qatar.\u00a0<\/p>\n","protected":false},"excerpt":{"rendered":"Kort fortalt USAs forsvarsminister Pete Hegseth m\u00f8tte sterk motstand i Senatet over en foresl\u00e5tt krisepakke p\u00e5 67 milliarder&hellip;\n","protected":false},"author":2,"featured_media":300256,"comment_status":"","ping_status":"","sticky":false,"template":"","format":"standard","meta":{"footnotes":"","_share_on_mastodon":"0"},"categories":[59],"tags":[7490,479,16349,30,28,29,83,82],"class_list":["post-300255","post","type-post","status-publish","format-standard","has-post-thumbnail","category-sport","tag-babynyhet","tag-kjendis","tag-marc-anthony","tag-no","tag-norge","tag-norway","tag-sport","tag-sports"],"share_on_mastodon":{"url":"https:\/\/pubeurope.com\/@no\/116968273792663418","error":""},"_links":{"self":[{"href":"https:\/\/www.europesays.com\/no\/wp-json\/wp\/v2\/posts\/300255","targetHints":{"allow":["GET"]}}],"collection":[{"href":"https:\/\/www.europesays.com\/no\/wp-json\/wp\/v2\/posts"}],"about":[{"href":"https:\/\/www.europesays.com\/no\/wp-json\/wp\/v2\/types\/post"}],"author":[{"embeddable":true,"href":"https:\/\/www.europesays.com\/no\/wp-json\/wp\/v2\/users\/2"}],"replies":[{"embeddable":true,"href":"https:\/\/www.europesays.com\/no\/wp-json\/wp\/v2\/comments?post=300255"}],"version-history":[{"count":0,"href":"https:\/\/www.europesays.com\/no\/wp-json\/wp\/v2\/posts\/300255\/revisions"}],"wp:featuredmedia":[{"embeddable":true,"href":"https:\/\/www.europesays.com\/no\/wp-json\/wp\/v2\/media\/300256"}],"wp:attachment":[{"href":"https:\/\/www.europesays.com\/no\/wp-json\/wp\/v2\/media?parent=300255"}],"wp:term":[{"taxonomy":"category","embeddable":true,"href":"https:\/\/www.europesays.com\/no\/wp-json\/wp\/v2\/categories?post=300255"},{"taxonomy":"post_tag","embeddable":true,"href":"https:\/\/www.europesays.com\/no\/wp-json\/wp\/v2\/tags?post=300255"}],"curies":[{"name":"wp","href":"https:\/\/api.w.org\/{rel}","templated":true}]}}