{"id":30027,"date":"2025-09-08T19:44:08","date_gmt":"2025-09-08T19:44:08","guid":{"rendered":"https:\/\/www.europesays.com\/no\/30027\/"},"modified":"2025-09-08T19:44:08","modified_gmt":"2025-09-08T19:44:08","slug":"carl-i-hagen-tror-erna-varsler-avgang-om-noen-dager","status":"publish","type":"post","link":"https:\/\/www.europesays.com\/no\/30027\/","title":{"rendered":"Carl I. Hagen tror Erna varsler avgang om noen dager"},"content":{"rendered":"\n<p class=\"_lead_ew2ao_2 _lead_xtcu6_50 layout-component text-serif-m layout-normal text-serif-l layout-component layout-wide layout-padded _wide_17hqh_1 layout-padded\">Tidligere Frp-leder Carl I. Hagen (81) tror at regjeringsdr\u00f8mmen ryker. Han sier at Erna Solberg gjorde en stor feil f\u00f8r valgkampen. <\/p>\n<p><img alt=\" Foto: Gisle Oddstad \/ VG\" class=\"_image_qp4xg_65 layout-component layout-wide\" data-fullscreen- data-track-element-type=\"Article image fullscreen\" data-track-name=\"ImageFullscreen\" fetchpriority=\"high\" decoding=\"sync\" loading=\"eager\" height=\"4000\" itemprop=\"image\"  src=\"https:\/\/www.europesays.com\/no\/wp-content\/uploads\/2025\/09\/632eef73-118e-4030-a8d6-5393ef6377c1\"  style=\"object-position:0% 0%\" width=\"6000\"\/> Foto: Gisle Oddstad \/ VGRapporterer fra Frps valgvake p\u00e5 Hotel Bristol i Oslo Oppdatert mandag 8. september kl. 21:39     <\/p>\n<p class=\"_paragraph_ew2ao_4 _paragraph_xtcu6_10 layout-component text-serif-m layout-normal text-serif-m layout-padded\">\u2013 Jeg er veldig godt forn\u00f8yd med at forh\u00e5ndsstemmene er bedre enn de siste m\u00e5lingene. Det trodde vi ogs\u00e5 p\u00e5 forh\u00e5nd. Det er fantastisk \u00e5 v\u00e6re nesten ti prosent h\u00f8yere enn H\u00f8yre, sier tidligere Frp-leder Carl I. Hagen til VG.<\/p>\n<p class=\"_paragraph_ew2ao_4 _paragraph_xtcu6_10 layout-component text-serif-m layout-normal text-serif-m layout-padded\">Frp fikk 24,7 prosent av forh\u00e5ndsstemmene. Det gj\u00f8r dem til landets nest st\u00f8rste parti f\u00f8r alle stemmene er telt opp. <\/p>\n<p class=\"_paragraph_ew2ao_4 _paragraph_xtcu6_10 layout-component text-serif-m layout-normal text-serif-m layout-padded\">Erna Solbergs H\u00f8yre fikk bare 14,4 prosent av stemmene.<\/p>\n<p class=\"_paragraph_ew2ao_4 _paragraph_xtcu6_10 layout-component text-serif-m layout-normal text-serif-m layout-padded\">Klokken 21 ligger det an til et knapt r\u00f8dgr\u00f8nt flertall. Da fortsetter Ap-leder Jonas Gahr St\u00f8re som statsminister etter alle solemerker.<\/p>\n<p class=\"_paragraph_ew2ao_4 _paragraph_xtcu6_10 layout-component text-serif-m layout-normal text-serif-m layout-padded\">H\u00f8yre ligger an til \u00e5 g\u00e5 p\u00e5 en kjempesmell i \u00e5rets valg. <\/p>\n<p class=\"_paragraph_ew2ao_4 _paragraph_xtcu6_10 layout-component text-serif-m layout-normal text-serif-m layout-padded\">\u2013 Tror du Erna Solberg g\u00e5r av i dag?<\/p>\n<p class=\"_paragraph_ew2ao_4 _paragraph_xtcu6_10 layout-component text-serif-m layout-normal text-serif-m layout-padded\">\u2013 Jeg tror ikke hun gj\u00f8r det i dag. Men i l\u00f8pet av noen dager er det klart at hun gj\u00f8r det. <\/p>\n<p>\u2013 Usedvanlig uklokt<\/p>\n<p class=\"_paragraph_ew2ao_4 _paragraph_xtcu6_10 layout-component text-serif-m layout-normal text-serif-m layout-padded\">Carl I. Hagen var partileder i Frp fra 1978 til 2006. Han tok ikke gjenvalg i \u00e5r og er n\u00e5 p\u00e5 vei ut av Stortinget. <\/p>\n<p class=\"_paragraph_ew2ao_4 _paragraph_xtcu6_10 layout-component text-serif-m layout-normal text-serif-m layout-padded\">\u2013 Hvordan f\u00f8les det p\u00e5 vei ut av Stortinget at Frp er s\u00e5pass mye st\u00f8rre en H\u00f8yre? <\/p>\n<p class=\"_paragraph_ew2ao_4 _paragraph_xtcu6_10 layout-component text-serif-m layout-normal text-serif-m layout-padded\">\u2013 Det ser ikke ut som at vi greier \u00e5 f\u00e5 et av hovedm\u00e5lene: nemlig ny regjering. Det kommer til \u00e5 bli veldig spennende hvis St\u00f8re fortsetter. Alt tyder p\u00e5 at han fortsetter med en ren Ap-regjering uten avtaler, sier Hagen.<\/p>\n<p class=\"_paragraph_ew2ao_4 _paragraph_xtcu6_10 layout-component text-serif-m layout-normal text-serif-m layout-padded\">Ap m\u00e5 da forhandle i Stortinget for \u00e5 f\u00e5 flertall i b\u00e5de enkeltsaker og for budsjettet.<\/p>\n<p><img alt=\"Foto: Gisle Oddstad \/ VG\" class=\"_image_qp4xg_65 layout-component layout-normal\" data-fullscreen- data-track-element-type=\"Article image fullscreen\" data-track-name=\"ImageFullscreen\" decoding=\"async\" loading=\"lazy\" height=\"6000\" itemprop=\"image\"  src=\"https:\/\/www.europesays.com\/no\/wp-content\/uploads\/2025\/09\/36d9305a-fdd2-480b-9f83-9772ababdab3\"  style=\"object-position:0% 0%\" width=\"4000\"\/>Foto: Gisle Oddstad \/ VG<\/p>\n<p class=\"_paragraph_ew2ao_4 _paragraph_xtcu6_10 layout-component text-serif-m layout-normal text-serif-m layout-padded\">\u2013 Da kan det bli mange spennende situasjoner hvor han m\u00e5 basere seg p\u00e5 st\u00f8tte fra Frp, H\u00f8yre eller Venstre, sier Hagen.<\/p>\n<p class=\"_paragraph_ew2ao_4 _paragraph_xtcu6_10 layout-component text-serif-m layout-normal text-serif-m layout-padded\">\u2013 Hvem sin feil er det at det gikk galt for de borgerlige? <\/p>\n<p class=\"_paragraph_ew2ao_4 _paragraph_xtcu6_10 layout-component text-serif-m layout-normal text-serif-m layout-padded\">\u2013 Da vi sa at det st\u00f8rste partiet skulle ha statsministeren var H\u00f8yre det st\u00f8rste partiet. Hun burde sagt: ja, det er jeg enig i, slik at velgerne avgj\u00f8r det, ikke oss i toppen i de to partiene. Det var usedvanlig uklokt av Erna Solberg \u00e5 ikke gj\u00f8re det, sier Hagen og utdyper.<\/p>\n<p class=\"_paragraph_ew2ao_4 _paragraph_xtcu6_10 layout-component text-serif-m layout-normal text-serif-m layout-padded\">\u2013 Da tror jeg vi hadde hatt et annet resultat. <\/p>\n<p class=\"_paragraph_ew2ao_4 _paragraph_xtcu6_10 layout-component text-serif-m layout-normal text-serif-m layout-padded\">Her kan du se de forel\u00f8pige valgresultatene fra hele landet:<\/p>\n","protected":false},"excerpt":{"rendered":"Tidligere Frp-leder Carl I. Hagen (81) tror at regjeringsdr\u00f8mmen ryker. Han sier at Erna Solberg gjorde en stor&hellip;\n","protected":false},"author":2,"featured_media":30028,"comment_status":"","ping_status":"","sticky":false,"template":"","format":"standard","meta":{"footnotes":""},"categories":[10],"tags":[20,21,24,25,577,15,22,23,13,30,28,281,29,14,16,199,200,26,27,205],"class_list":{"0":"post-30027","1":"post","2":"type-post","3":"status-publish","4":"format-standard","5":"has-post-thumbnail","7":"category-norge","8":"tag-breaking-news","9":"tag-breakingnews","10":"tag-featured-news","11":"tag-featurednews","12":"tag-fremskrittspartiet-frp","13":"tag-headlines","14":"tag-latest-news","15":"tag-latestnews","16":"tag-news","17":"tag-no","18":"tag-norge","19":"tag-norsk-politikk","20":"tag-norway","21":"tag-nyheter","22":"tag-overskrifter","23":"tag-stortingsvalg","24":"tag-sylvi-listhaug","25":"tag-top-stories","26":"tag-topstories","27":"tag-vgsamfunn"},"share_on_mastodon":{"url":"","error":""},"_links":{"self":[{"href":"https:\/\/www.europesays.com\/no\/wp-json\/wp\/v2\/posts\/30027","targetHints":{"allow":["GET"]}}],"collection":[{"href":"https:\/\/www.europesays.com\/no\/wp-json\/wp\/v2\/posts"}],"about":[{"href":"https:\/\/www.europesays.com\/no\/wp-json\/wp\/v2\/types\/post"}],"author":[{"embeddable":true,"href":"https:\/\/www.europesays.com\/no\/wp-json\/wp\/v2\/users\/2"}],"replies":[{"embeddable":true,"href":"https:\/\/www.europesays.com\/no\/wp-json\/wp\/v2\/comments?post=30027"}],"version-history":[{"count":0,"href":"https:\/\/www.europesays.com\/no\/wp-json\/wp\/v2\/posts\/30027\/revisions"}],"wp:featuredmedia":[{"embeddable":true,"href":"https:\/\/www.europesays.com\/no\/wp-json\/wp\/v2\/media\/30028"}],"wp:attachment":[{"href":"https:\/\/www.europesays.com\/no\/wp-json\/wp\/v2\/media?parent=30027"}],"wp:term":[{"taxonomy":"category","embeddable":true,"href":"https:\/\/www.europesays.com\/no\/wp-json\/wp\/v2\/categories?post=30027"},{"taxonomy":"post_tag","embeddable":true,"href":"https:\/\/www.europesays.com\/no\/wp-json\/wp\/v2\/tags?post=30027"}],"curies":[{"name":"wp","href":"https:\/\/api.w.org\/{rel}","templated":true}]}}