{"id":30033,"date":"2025-09-08T19:51:11","date_gmt":"2025-09-08T19:51:11","guid":{"rendered":"https:\/\/www.europesays.com\/no\/30033\/"},"modified":"2025-09-08T19:51:11","modified_gmt":"2025-09-08T19:51:11","slug":"valg-25-politikk-ligger-an-til-a-komme-inn-uten-a-fa-makt","status":"publish","type":"post","link":"https:\/\/www.europesays.com\/no\/30033\/","title":{"rendered":"Valg 25, Politikk | Ligger an til \u00e5 komme inn \u2013 uten \u00e5 f\u00e5 makt"},"content":{"rendered":"\n<p>Senest i ettermiddag, mens hun avga stemmen sin p\u00e5 Skjold skole, klagde Solberg p\u00e5 at journalistene vil vite om hun g\u00e5r av etter valget.<\/p>\n<p>\u2013 Balansen i media, mellom \u00e5 dekke hva politikken dreier seg om og \u00e5 v\u00e6re \u00absportsjournalist\u00bb, b\u00f8r noen ta revisjon p\u00e5, sa Solberg til BA.<\/p>\n<p><b>Men valget handler til slutt om hvem som har vunnet, eller tapt. <\/b><\/p>\n<p>Her er slik det ligger an for Hordaland, og de lokale kandidatene herfra, slik de siste oppdaterte tallene er:<\/p>\n<p>\u2013 Basert p\u00e5 forh\u00e5ndsstemmene er det to store valgvinnere. Fremskrittspartiet som mer enn dobler opplsutningen sin, og Arbeiderpartiet som vokser, og p\u00e5 n\u00e5v\u00e6rende tidspunkt ser ut til \u00e5 kunne forsvare regjeringsmakten, sier S\u00f8lve Rydland &#8211; politisk redakt\u00f8r i Bergensavisen.<\/p>\n<p>\u2013 At Arbeiderpartiet er i denne posisjonen, var helt utenkelig om vi skrur tiden tilbake til \u00e5rsskiftet.<\/p>\n<p>H\u00f8yre: 3<\/p>\n<p>Solberg kommer naturligvis inn, som f\u00f8rstekandidat for H\u00f8yre i Hordaland.<\/p>\n<p>Hun f\u00e5r med seg Ove Trellevik fra Sund i \u00d8ygarden, og det ligger an til at ogs\u00e5 <a rel=\"Follow nofollow noopener\" href=\"https:\/\/www.ba.no\/fra-stigende-stjerne-til-hvit-dverg-total-kollaps-pa-hjemmebane\/s\/5-8-3142617\" target=\"_blank\">Peter Fr\u00f8lich fra B\u00f8nes i Bergen<\/a> kommer inn.<\/p>\n<p>Han var sv\u00e6rt spent tidlig p\u00e5 kvelden, og sammenlignet det med \u00e5 se Brann-nedrykket mot Jerv i t\u00e5ken p\u00e5 Intility Arena i 2021.<\/p>\n<p>\u2013 Det f\u00f8les litt n\u00e5 som da, at du sitter i uvisse og venter p\u00e5 at det kanskje g\u00e5r galt.<\/p>\n<p>\u2013 Jeg m\u00e5 \u00e6rlig talt si at jeg hadde trodd det skulle v\u00e6re enda st\u00f8rre sprik. Faktum er at det fremdeles er et h\u00e5p, sier H\u00f8yres ordf\u00f8rer Marit Warncke fra valgvaken p\u00e5 Grand.<\/p>\n<p>Fremskrittspartiet: 4<\/p>\n<p>Nj\u00e5stad ligger an til \u00e5 f\u00e5 med seg Silje Hjemdal og nykommer Martin Jonsterhaug &#8211; begge fra Bergen.<\/p>\n<p>Det samt Stig Abrahamsen fra Ask\u00f8y. Han mistet faren sin nylig.<\/p>\n<p>\u2013 Det har v\u00e6rt noen t\u00f8ffe dager, hvor jeg m\u00e5tte ta en liten avbrekk fra valgkamparbeidet, sier Abrahamsen, som er r\u00f8rt over m\u00e5ten partifellene har vist omsorg, midt i sluttspurten av valgkampen.<\/p>\n<p>   <img decoding=\"async\" width=\"1189\" height=\"830\" fetchpriority=\"low\"  loading=\"lazy\"  src=\"https:\/\/www.europesays.com\/no\/wp-content\/uploads\/2025\/09\/Skjermbilde+2025-09-08+212134.png\" alt=\"\" class=\"brick-c-cFOWSL\" style=\"--brick-image-ratio: 1189 \/ 830;\"\/><\/p>\n<p>  Arbeiderpartiet: 4 <\/p>\n<p>Ligger an til \u00e5 f\u00e5 selskap av nykommer Rune Bakervik fra Bergen, Linda Merkesdal fra Voss og nykommer Benjamin Jakobsen fra Ask\u00f8y.<\/p>\n<p>Han har faktisk bursdag i dag!<\/p>\n<p>Ti minutter f\u00f8r forh\u00e5ndsstemmene kom, lokket BA ham til \u00e5 stille p\u00e5 et kakebilde. Selv om han sier at det ikke frister \u00e5 d\u00f8yve nervene med kake, gj\u00f8r han det for oss.<\/p>\n<p>\u2013 Dette kan bli den beste eller verste bursdagen. Jeg kjenner p\u00e5 det. Det kan snu opp p\u00e5 hele livet og hverdagen, sier han.<\/p>\n<p>   <img decoding=\"async\" width=\"1330\" height=\"935\" fetchpriority=\"low\"  loading=\"lazy\"  src=\"https:\/\/www.europesays.com\/no\/wp-content\/uploads\/2025\/09\/Skjermbilde+2025-09-08+213111.png\" alt=\"\" class=\"brick-c-cFOWSL\" style=\"--brick-image-ratio: 1330 \/ 935;\"\/><\/p>\n<p>Tidligere byr\u00e5dsleder og ordf\u00f8rer, Rune Bakervik jubler for det forel\u00f8pige flertallet og en sv\u00e6rt sikker stortingsplass.<\/p>\n<p>\u2013 Det er helt fantastisk at det ser ut som at vi beholder makten, sier han.<\/p>\n<p>Lubna Jaffery har kun drukket alkoholfritt frem til klokken 2150. Etter det oppl\u00f8ftende valgresultatet for Ap kom, skal hun unne seg en \u00abskikkelig en\u00bb.<\/p>\n<p><b>\u2013 Jeg har ikke drukket siden 20. juli. Jeg blir s\u00e5 sliten og sover s\u00e5 d\u00e5rlig. I valgkampen trenger jeg all den energien jeg har.<\/b><\/p>\n<p>Sosialistisk Venstreparti: 1<\/p>\n<p>Ligger an til komme \u00e5 inn som eneste kandidat fra sitt parti, og tar over for Audun Lysbakken som SVs representant herfra.<\/p>\n<p>R\u00f8dt: 1<\/p>\n<p>Ligger an til komme \u00e5 inn som eneste kandidat fra sitt parti, og g\u00e5r l\u00f8s p\u00e5 sin andre stortingsperiode.<\/p>\n<p>\u2013 Jeg er veldig, veldig glad! S\u00e5 h\u00e5per jeg det st\u00e5r seg slik utover kvelden. Slik det ser ut n\u00e5 er dette tidenes aller, alle beste valg for R\u00f8dt, sier Marhaug til BA.<\/p>\n<p>Senterpartiet: 1<\/p>\n<p>Ligger an til komme \u00e5 inn som eneste kandidat fra sitt parti, p\u00e5 et utjevningsmandat.<\/p>\n<p>Toppe som har v\u00e6rt innvalgt siden 2009 har faktisk knapt v\u00e6rt inne p\u00e5 noen av avisenes m\u00e5linger i Hordaland, men Senterpartiets politiske nestleder er <a rel=\"Follow nofollow noopener\" href=\"https:\/\/www.ba.no\/hun-er-blant-de-minst-ukjente-dette-er-rett-og-slett-bedrovelig\/s\/5-8-3146663\" target=\"_blank\">temmelig profilert<\/a>.<\/p>\n<p>Politisk redakt\u00f8r S\u00f8lve Rydland er temmelig optimistisk p\u00e5 hennes vegne.<\/p>\n<p>\u2013 Husk det gamle jungelordet: Senterpartiet, som ligger an til et sv\u00e6rt d\u00e5rlig valg, kommer trolig til \u00e5 vokse i l\u00f8pet av valgkvelden. Senterpartivelgere m\u00f8ter i st\u00f8rre grad enn de andre opp p\u00e5 valgdagen.<\/p>\n<p>Kristelig Folkeparti: 1<\/p>\n<p>Ligger an til \u00e5 forlate sin lille og unge familie p\u00e5 B\u00f8nes til fordel for stortingslivet, bare to \u00e5r etter at han entret politikken i Bergen. Har hatt en stigende kurve i valgkampen.<\/p>\n<p>Milj\u00f8partiet De Gr\u00f8nne: 1<\/p>\n<p>Blir utfra de tidlige tallene landets yngste stortingsrepresentant. <a rel=\"Follow nofollow noopener\" href=\"https:\/\/www.ba.no\/incoming\/5-8-3136036.html\" target=\"_blank\">Har allerede f\u00e5tt en kamerat<\/a> i Helge Andr\u00e9 Nj\u00e5stad i Frp.<\/p>\n<p>N\u00e5r BA sp\u00f8r toppkandidat Fr\u00f8ya Sjurs\u00e6ther om en kommentar, klarer hun knapt \u00e5 si noe annet enn:<\/p>\n<p><b>\u2013 Vi f\u00f8ler oss ikke sikre p\u00e5 noe som helst.<\/b><\/p>\n<p>   <img decoding=\"async\" width=\"4032\" height=\"2688\" fetchpriority=\"low\"  loading=\"lazy\"  src=\"https:\/\/www.europesays.com\/no\/wp-content\/uploads\/2025\/09\/DSC_8770_1.jpg\" alt=\"Stortingsvalg 2025. Valgvake. &#10;\" class=\"brick-c-cFOWSL\" style=\"--brick-image-ratio: 4032 \/ 2688;\"\/><\/p>\n<p>    Fr\u00f8ya Sjurs\u00e6ther er forel\u00f8pig inne fra Hordaland.<br \/>\n    Foto: ANNA ROS\u00c9 WALDERHAUG\n  <\/p>\n<p>  Ventelisten:<\/p>\n<p>Ligger sv\u00e6rt tynt an slik tallene ser ut n\u00e5. Venstre m\u00e5 i l\u00f8pet av kvelden klatre over sperregrensen p\u00e5 4,0 prosent for at mannen fra Nordfjordeid, bosatt i Oslo, skal kunne f\u00e5 et utjevningmandat fra Hordaland.<\/p>\n<p>Det er d\u00f8dt l\u00f8p i Hordaland mellom blokkene klokken 2115: De r\u00f8dgr\u00f8nne (Ap, SV, MDG og Sp) har 8 representanter og de borgerlige (H, Frp og KrF) har 8 representanter.<\/p>\n<p>S\u00f8lve Rydland mener spenningen utover valgnatten vil handle om hvilke av sm\u00e5partiene som greier \u00e5 bikke over sperregrensen.<\/p>\n<p>\u2013 B\u00e5de Milj\u00f8partiet De Gr\u00f8nne, Kristelig folkeparti og Venstre vil f\u00e5 en sv\u00e6rt spennende kveld. Om Venstre greier sperregrensen kan de borgerlige partiene likevel vinne valget.<\/p>\n<p>Han mener mye skal til for at Venstre kommer over 4,0 prosent.<\/p>\n<p><b>\u2013 KrF og MDG som er utpekt som vinnerne av selve valgkampen, har ikke f\u00e5tt den forventede fremgangen, derfor fremst\u00e5r Arbeiderpartiet og Fremskrittspartiet som de store vinnerne.<\/b><\/p>\n<p><b>BA f\u00f8lger naturligvis utviklingen gjennom kvelden og natten!<\/b><\/p>\n","protected":false},"excerpt":{"rendered":"Senest i ettermiddag, mens hun avga stemmen sin p\u00e5 Skjold skole, klagde Solberg p\u00e5 at journalistene vil vite&hellip;\n","protected":false},"author":2,"featured_media":30034,"comment_status":"","ping_status":"","sticky":false,"template":"","format":"standard","meta":{"footnotes":""},"categories":[10],"tags":[3622,36,20,21,24,25,15,4838,762,22,23,13,30,28,29,14,16,41,1510,26,27,4837],"class_list":{"0":"post-30033","1":"post","2":"type-post","3":"status-publish","4":"format-standard","5":"has-post-thumbnail","7":"category-norge","8":"tag-ap","9":"tag-art","10":"tag-breaking-news","11":"tag-breakingnews","12":"tag-featured-news","13":"tag-featurednews","14":"tag-headlines","15":"tag-hordaland","16":"tag-hoyre","17":"tag-latest-news","18":"tag-latestnews","19":"tag-news","20":"tag-no","21":"tag-norge","22":"tag-norway","23":"tag-nyheter","24":"tag-overskrifter","25":"tag-politikk","26":"tag-story","27":"tag-top-stories","28":"tag-topstories","29":"tag-valg-25"},"share_on_mastodon":{"url":"","error":""},"_links":{"self":[{"href":"https:\/\/www.europesays.com\/no\/wp-json\/wp\/v2\/posts\/30033","targetHints":{"allow":["GET"]}}],"collection":[{"href":"https:\/\/www.europesays.com\/no\/wp-json\/wp\/v2\/posts"}],"about":[{"href":"https:\/\/www.europesays.com\/no\/wp-json\/wp\/v2\/types\/post"}],"author":[{"embeddable":true,"href":"https:\/\/www.europesays.com\/no\/wp-json\/wp\/v2\/users\/2"}],"replies":[{"embeddable":true,"href":"https:\/\/www.europesays.com\/no\/wp-json\/wp\/v2\/comments?post=30033"}],"version-history":[{"count":0,"href":"https:\/\/www.europesays.com\/no\/wp-json\/wp\/v2\/posts\/30033\/revisions"}],"wp:featuredmedia":[{"embeddable":true,"href":"https:\/\/www.europesays.com\/no\/wp-json\/wp\/v2\/media\/30034"}],"wp:attachment":[{"href":"https:\/\/www.europesays.com\/no\/wp-json\/wp\/v2\/media?parent=30033"}],"wp:term":[{"taxonomy":"category","embeddable":true,"href":"https:\/\/www.europesays.com\/no\/wp-json\/wp\/v2\/categories?post=30033"},{"taxonomy":"post_tag","embeddable":true,"href":"https:\/\/www.europesays.com\/no\/wp-json\/wp\/v2\/tags?post=30033"}],"curies":[{"name":"wp","href":"https:\/\/api.w.org\/{rel}","templated":true}]}}