{"id":30043,"date":"2025-09-08T20:05:11","date_gmt":"2025-09-08T20:05:11","guid":{"rendered":"https:\/\/www.europesays.com\/no\/30043\/"},"modified":"2025-09-08T20:05:11","modified_gmt":"2025-09-08T20:05:11","slug":"under-sperregrensa-peker-pa-sylvi","status":"publish","type":"post","link":"https:\/\/www.europesays.com\/no\/30043\/","title":{"rendered":"Under sperregrensa: Peker p\u00e5 Sylvi"},"content":{"rendered":"<p>  Abid Raja er i sorg etter at de forel\u00f8pige tallene viser et Venstre under sperregrensa. Han gir Sylvi Listhaug skylda.<\/p>\n<p>\n    PEKER P\u00c5 SYLVI: Abid Raja tror Sylvi Listhaug kan v\u00e6re en \u00e5rsak til at partiet n\u00e5 ligger under sperregrensa. Foto: Kristian Ridder-Nielsen \/ Dagbladet\n  <\/p>\n<p>Det gikk et gisp i salen &#8211; etterfulgt av\u00a0\u00abnei\u00bb-rop &#8211; da de f\u00f8rste valgtallene viste Venstre p\u00e5 3,3 &#8211; og dermed under sperregrensa.<\/p>\n<p>&#8211; Jeg synes dette er veldig tungt og veldig trist. Jeg tenker p\u00e5 alle som er her og de som har st\u00e5tt p\u00e5 d\u00f8gnet rundt for v\u00e5r politikk. Om dette blir resultatet, er det nedsl\u00e5ende. Jeg f\u00f8ler nesten en sorg over at vi mister ekstremt dyktige profiler, sier Venstres nestleder Abid Raja til Dagbladet.\u00a0<\/p>\n<p>          <img loading=\"lazy\" decoding=\"async\" src=\"https:\/\/www.europesays.com\/no\/wp-content\/uploads\/2025\/09\/83565678.webp\" width=\"980\" height=\"559\" title=\"SKUFFET, MEN KAMPKLAR: Abid Raja var skuffet da han m\u00f8tte pressen, men er tydelig fra scenen p\u00e5 at Venstre ikke gir opp kampen helt enn\u00e5. Foto: Kristian Ridder Nielsen \/ Dagbladet\" alt=\"\" class=\"\" style=\"--aspect-ratio-image: 1.75; \"\/><\/p>\n<p>\n          SKUFFET, MEN KAMPKLAR: Abid Raja var skuffet da han m\u00f8tte pressen, men er tydelig fra scenen p\u00e5 at Venstre ikke gir opp kampen helt enn\u00e5. Foto: Kristian Ridder Nielsen \/ Dagbladet\n      <\/p>\n<p>&#8211; Tror det har skremt mange\t<\/p>\n<p class=\"italic m-italic\" data-lab-italic=\"italic\">&#8211; Hva kan dette skyldes?<\/p>\n<p class=\"no_italic m-no_italic\" data-lab-italic=\"\">&#8211; Vi skal gj\u00f8re en grundig analyse, men en \u00e5rsaksfaktor er at selv om vi har fors\u00f8kt \u00e5 snakke om klima, skole, utenrikssp\u00f8rsm\u00e5l, kommer vi tilbake til at en stemme p\u00e5 Venste er en stemme p\u00e5 Sylvi Listhaug &#8211; til tross for at vi har sagt at det er det ikke. Vi vil ha Erna Solberg, sier han og utdyper:<\/p>\n<p class=\"no_italic m-no_italic\" data-lab-italic=\"\">&#8211; Jeg er redd for at vi ikke har lyktes med \u00e5 n\u00e5 fram med det budskapet, at mange har blitt overbevist om at en stemme p\u00e5 oss er en stemme p\u00e5 Listhaug. M\u00e5linger viser at er det en ting Venstre-velgere ikke \u00f8nsker, er det Frp-ledet regjering. Jeg tror det har skremt mange. Det vil v\u00e6re en forklaring p\u00e5 at resulatet kan ligge an til \u00e5 bli som dette, men vi h\u00e5per vi kommer over sperregrensa.\u00a0\u00a0<\/p>\n<p>    <a itemprop=\"url\" href=\"https:\/\/borsen.dagbladet.no\/nyheter\/ikke-skjedd-pa-16-ar\/83564476\" rel=\"nofollow noopener\" target=\"_blank\"><\/p>\n<p>      <img loading=\"lazy\" decoding=\"async\" src=\"https:\/\/www.europesays.com\/no\/wp-content\/uploads\/2025\/09\/83564532.webp\" width=\"980\" height=\"441\" title=\"Ikke skjedd p\u00e5 16 \u00e5r\" alt=\"\" class=\"lazyload\" style=\"--aspect-ratio-image: 2.22; \"\/><\/p>\n<p>        Ikke skjedd p\u00e5 16 \u00e5r<\/p>\n<p>    <\/a><\/p>\n<p class=\"no_italic m-no_italic\" data-lab-italic=\"\">Da Raja gikk p\u00e5 scenen kort tid etter, ropte han til stor jubel til de oppm\u00f8tte p\u00e5 Sentralen i Oslo:\u00a0<\/p>\n<p class=\"no_italic m-no_italic\" data-lab-italic=\"\">&#8211; Vi har ikke d\u00e6vva! &#8211; og han var tydelig p\u00e5 at de ikke har gitt opp kampen enn\u00e5.\u00a0<\/p>\n<p>        VALG: P\u00e5 Frps valgvake m\u00f8tte Dagbladet Fpu-leder Simen Velle. Der ble det prat om \u00e5rets valgkamp, og en lovnad om at Sylvi Listhaug kanskje f\u00e5r klippe av hestehalen hans. Video: Marte Nyl\u00f8kken Helseth \/ Reporter: Anders Holth Johansen<\/p>\n<p>&#8211; Et stort tap\t<\/p>\n<p> Partiet ligger p\u00e5 de aller f\u00f8rste tallene p\u00e5 3,3 prosent. NRKs tall, som er mer presise prognoser basert p\u00e5 de forel\u00f8pige tallene, ligger de p\u00e5 3,8 prosent. Skulle det endelige resultatet bli 3,8 prosent, vil det v\u00e6re det d\u00e5rligste valget partiet har gjort siden 1993. Skulle det bli 3,3 prosent, vil det v\u00e6re det verste siden 1989. <\/p>\n<p>          <img loading=\"lazy\" decoding=\"async\" src=\"https:\/\/www.europesays.com\/no\/wp-content\/uploads\/2025\/09\/83565664.webp\" width=\"686\" height=\"460\" title=\"SJOKK: Mange var sjokkerte og i t\u00e5rer da de f\u00f8rste tallene kom p\u00e5 storskjermen. Venstres 2. kandidat, Grunde Almeland, f\u00e5r her den nedsl\u00e5ende beskjeden. Foto: Kristian Ridder-Nielsen \/ Dagbladet\" alt=\"\" class=\"\" style=\"--aspect-ratio-image: 1.49; \"\/><\/p>\n<p>\n          SJOKK: Mange var sjokkerte og i t\u00e5rer da de f\u00f8rste tallene kom p\u00e5 storskjermen. Venstres 2. kandidat, Grunde Almeland, f\u00e5r her den nedsl\u00e5ende beskjeden. Foto: Kristian Ridder-Nielsen \/ Dagbladet\n      <\/p>\n<p>Venstre ligger n\u00e5 an til \u00e5 f\u00e5 to mandater, Raja og Venstre-leder Guri Melbye.<\/p>\n<p> Raja trekker fram Venstre-profiler som Sveinung Rotevatn, Ingvild Thorsvik og Alfred Bj\u00f8rlo.\u00a0<\/p>\n<p>&#8211; \u00c5 miste dem p\u00e5 Stortinget, det vil v\u00e6re et stort tap for demokratiet, for Venstre og for meg personlig. \u00c5 miste tre venner som jeg har hatt daglig god relasjon og kontakt med. S\u00e5 dette er nedsl\u00e5ende p\u00e5 alle vis for partiet, for politikken v\u00e5r, og selvf\u00f8lgelig ogs\u00e5 for det kameratskapet man har innad i partiet. <\/p>\n<p>    <a itemprop=\"url\" href=\"https:\/\/www.dagbladet.no\/kjendis\/avslorte-seg-selv\/83564913\" rel=\"nofollow noopener\" target=\"_blank\"><\/p>\n<p>      <img loading=\"lazy\" decoding=\"async\" src=\"https:\/\/www.europesays.com\/no\/wp-content\/uploads\/2025\/09\/83565134.webp\" width=\"980\" height=\"441\" title=\"Avsl\u00f8rte seg selv\" alt=\"\" class=\"lazyload\" style=\"--aspect-ratio-image: 2.22; \"\/><\/p>\n<p>        Avsl\u00f8rte seg selv<\/p>\n<p>    <\/a><\/p>\n<p>&#8211; V\u00e6rt ganske krevende\t<\/p>\n<p>Da Dagbladet m\u00f8tte Venstres 2. kandidat Grunde Almeland tidligere p\u00e5 kvelden, var han nerv\u00f8s og forventningsfull.\u00a0<\/p>\n<p>&#8211; Valgkamp er alltid tungt og vanskelig. Men jeg synes nok denne valgkampen har v\u00e6rt ganske krevende, fordi veldig mange partier har i stor grad \u00f8nsket at det skal handle om samarbeidskonstellasjoner og ikke s\u00e5 mye om politikk.\u00a0<\/p>\n<p>P\u00e5 sp\u00f8rsm\u00e5l om han fryktet at Listhaug kan ha skremt velgerne, svarte han:<\/p>\n<p>&#8211; Vi f\u00e5r kanskje resultatet av det i kveld. Men jeg opplever at veldig mange\u00a0 er usikre p\u00e5 dette med statsminister, s\u00e5 det er gjentatt veldig mange ganger i l\u00f8pet av valgkampen at Erna Solberg er v\u00e5r statsministerkandidat. Det er det vi g\u00e5r til valg p\u00e5. Jeg opplever at n\u00e5r folk f\u00f8rst har snakket med meg eller andre i Venstre, s\u00e5 blir de betrygget. S\u00e5 forh\u00e5pentligvis har jeg klart \u00e5 snakke med nok folk, sier han.\u00a0<\/p>\n","protected":false},"excerpt":{"rendered":"Abid Raja er i sorg etter at de forel\u00f8pige tallene viser et Venstre under sperregrensa. Han gir Sylvi&hellip;\n","protected":false},"author":2,"featured_media":30044,"comment_status":"","ping_status":"","sticky":false,"template":"","format":"standard","meta":{"footnotes":""},"categories":[10],"tags":[20,21,24,25,15,22,23,13,30,28,29,14,16,776,26,27,3930],"class_list":{"0":"post-30043","1":"post","2":"type-post","3":"status-publish","4":"format-standard","5":"has-post-thumbnail","7":"category-norge","8":"tag-breaking-news","9":"tag-breakingnews","10":"tag-featured-news","11":"tag-featurednews","12":"tag-headlines","13":"tag-latest-news","14":"tag-latestnews","15":"tag-news","16":"tag-no","17":"tag-norge","18":"tag-norway","19":"tag-nyheter","20":"tag-overskrifter","21":"tag-stortingsvalg-2025","22":"tag-top-stories","23":"tag-topstories","24":"tag-venstre"},"share_on_mastodon":{"url":"","error":""},"_links":{"self":[{"href":"https:\/\/www.europesays.com\/no\/wp-json\/wp\/v2\/posts\/30043","targetHints":{"allow":["GET"]}}],"collection":[{"href":"https:\/\/www.europesays.com\/no\/wp-json\/wp\/v2\/posts"}],"about":[{"href":"https:\/\/www.europesays.com\/no\/wp-json\/wp\/v2\/types\/post"}],"author":[{"embeddable":true,"href":"https:\/\/www.europesays.com\/no\/wp-json\/wp\/v2\/users\/2"}],"replies":[{"embeddable":true,"href":"https:\/\/www.europesays.com\/no\/wp-json\/wp\/v2\/comments?post=30043"}],"version-history":[{"count":0,"href":"https:\/\/www.europesays.com\/no\/wp-json\/wp\/v2\/posts\/30043\/revisions"}],"wp:featuredmedia":[{"embeddable":true,"href":"https:\/\/www.europesays.com\/no\/wp-json\/wp\/v2\/media\/30044"}],"wp:attachment":[{"href":"https:\/\/www.europesays.com\/no\/wp-json\/wp\/v2\/media?parent=30043"}],"wp:term":[{"taxonomy":"category","embeddable":true,"href":"https:\/\/www.europesays.com\/no\/wp-json\/wp\/v2\/categories?post=30043"},{"taxonomy":"post_tag","embeddable":true,"href":"https:\/\/www.europesays.com\/no\/wp-json\/wp\/v2\/tags?post=30043"}],"curies":[{"name":"wp","href":"https:\/\/api.w.org\/{rel}","templated":true}]}}