{"id":30062,"date":"2025-09-08T20:22:13","date_gmt":"2025-09-08T20:22:13","guid":{"rendered":"https:\/\/www.europesays.com\/no\/30062\/"},"modified":"2025-09-08T20:22:13","modified_gmt":"2025-09-08T20:22:13","slug":"sarah-ferguson-hyller-dronning-elizabeth-rorende-instagram-innlegg-om-corgiene","status":"publish","type":"post","link":"https:\/\/www.europesays.com\/no\/30062\/","title":{"rendered":"Sarah Ferguson Hyller Dronning Elizabeth: R\u00f8rende Instagram-innlegg om Corgiene"},"content":{"rendered":"<p class=\"kicker \" style=\"\">Sarah Ferguson:<\/p>\n<p>  Da dronning Elizabeth d\u00f8de i 2022, var det Sarah Ferguson som fikk \u00e6ren av \u00e5 ta vare p\u00e5 de to etterlatte corgiene. N\u00e5 deler hertuginnen en r\u00f8rende hyllest til den avd\u00f8de monarken.<\/p>\n<p>\n    MATMOR: Hertuginnen har gitt hundene husrom etter at dronningen d\u00f8de. Foto: NTB\n  <\/p>\n<p> Sarah Ferguson (64), bedre kjent som hertuginnen av York, har i flere ti\u00e5r fascinert b\u00e5de monarkister og tabloidlesere med sitt fargerike liv.\u00a0<\/p>\n<p>    <a itemprop=\"url\" href=\"https:\/\/www.seher.no\/kjendis\/folk-raser-etter-dette\/83565207\" rel=\"nofollow noopener\" target=\"_blank\"><\/p>\n<p>      <img loading=\"lazy\" decoding=\"async\" src=\"https:\/\/www.europesays.com\/no\/wp-content\/uploads\/2025\/09\/1757362932_640_83565134.webp\" width=\"980\" height=\"441\" title=\"Folk raser etter dette\" alt=\"\" class=\"lazyload\" style=\"--aspect-ratio-image: 2.22; \"\/><\/p>\n<p>        Folk raser etter dette<\/p>\n<p>    <\/a><\/p>\n<p>Hun ble verdensber\u00f8mt da hun giftet seg med prins Andrew (65) i 1986, og sammen fikk de d\u00f8trene prinsesse Beatrice (35), og prinsesse Eugenie (33).<\/p>\n<p>Ekteskapet endte i skilsmisse i 1996, men Sarah har likevel holdt seg i offentlighetens s\u00f8kelys &#8211; b\u00e5de som f\u00f8lge av sine kongelige forbindelser, og sitt ofte omdiskuterte privatliv.<\/p>\n<p>          <img loading=\"lazy\" decoding=\"async\" src=\"https:\/\/www.europesays.com\/no\/wp-content\/uploads\/2025\/09\/83565494.webp\" width=\"686\" height=\"920\" title=\"DELTE HYLLEST: Sarah Ferguson delte r\u00f8rende hyllest p\u00e5 Instagram. Foto: Skjermdump \/ @sarahferguson15\" alt=\"\" class=\"\" style=\"--aspect-ratio-image: 0.75; \"\/><\/p>\n<p>\n          DELTE HYLLEST: Sarah Ferguson delte r\u00f8rende hyllest p\u00e5 Instagram. Foto: Skjermdump \/ @sarahferguson15\n      <\/p>\n<p> N\u00e5 deler hertuginnen en r\u00f8rende hyllest p\u00e5 Instagram, hvor hun minnes dronningens godhet og tiden de tilbrakte sammen. <\/p>\n<p>          <img loading=\"lazy\" decoding=\"async\" src=\"https:\/\/www.europesays.com\/no\/wp-content\/uploads\/2025\/09\/83565318.webp\" width=\"686\" height=\"549\" title=\"GIFT: Sarah Ferguson var gift med prins Andrew i 10 \u00e5r. Foto: NTB\" alt=\"\" class=\"\" style=\"--aspect-ratio-image: 1.25; \"\/><\/p>\n<p>\n          GIFT: Sarah Ferguson var gift med prins Andrew i 10 \u00e5r. Foto: NTB\n      <\/p>\n<p> \u00abI dag er det tre \u00e5r siden HM dronning Elizabeth II d\u00f8de. Hennes majestet vil alltid bli elsket, alltid savnet og aldri glemt. Ikke en dag g\u00e5r uten at jeg tenker p\u00e5 den godheten jeg ble vist uforbeholdent i b\u00e5de gode og vanskelige tider. \u00c5 ta vare p\u00e5 Hennes Majestets elskede corgier er en \u00e6re og en daglig p\u00e5minnelse om de stundene vi delte sammen\u00bb skriver hun p\u00e5 <a href=\"https:\/\/www.instagram.com\/p\/DOWY3jvCnsb\/\" rel=\"nofollow noopener\" target=\"_blank\">Instagram<\/a>.\u00a0<\/p>\n<p>          <img loading=\"lazy\" decoding=\"async\" src=\"https:\/\/www.europesays.com\/no\/wp-content\/uploads\/2025\/09\/83565345.webp\" width=\"686\" height=\"686\" title=\"EVENTYSBLANDING: Dronningen p\u00e5 tur med b\u00e5de corgi, dorgi og dachshund. Foto: NTB\" alt=\"\" class=\"\" style=\"--aspect-ratio-image: 1.00; \"\/><\/p>\n<p>\n          EVENTYSBLANDING: Dronningen p\u00e5 tur med b\u00e5de corgi, dorgi og dachshund. Foto: NTB\n      <\/p>\n<p class=\"font-weight-bold m-font-weight-bold\" data-lab-font_weight=\"font-weight-bold\">Se og H\u00f8rs kongehusekspert, Caroline Vagle, syntes innlegget er r\u00f8rende:<\/p>\n<p>&#8211;\u00a0 En r\u00f8rende hyllest av sin avd\u00f8de eks-svigermor! I dag er det tre \u00e5r siden dronning Elizabeth d\u00f8de, og det markerer hennes tidligere svigerdatter hertuginne Sarah med en varm hyllest p\u00e5 Instagram. Kj\u00e6rlige ord og et bilde av dronningens absolutte favoritter. Nemlig hundene.\u00a0<\/p>\n<p>Salige dronning Elizabeth gikk knapt noen steder p\u00e5 privaten uten sine h\u00f8yt elskede hunder hakk i h\u00e6l.\u00a0<\/p>\n<p>          <img loading=\"lazy\" decoding=\"async\" src=\"https:\/\/www.europesays.com\/no\/wp-content\/uploads\/2025\/09\/83565349.webp\" width=\"686\" height=\"392\" title=\"JEG F\u00d8RST!: Ruffus, en Cardiganshire Corgi var milit\u00e6rt antrukket da han hedret dronningen i paraden p\u00e5 ett\u00e5rsdagen for hennes d\u00f8d. Foto: Alastair Grant\/NTB\" alt=\"\" class=\"\" style=\"--aspect-ratio-image: 1.75; \"\/><\/p>\n<p>\n          JEG F\u00d8RST!: Ruffus, en Cardiganshire Corgi var milit\u00e6rt antrukket da han hedret dronningen i paraden p\u00e5 ett\u00e5rsdagen for hennes d\u00f8d. Foto: Alastair Grant\/NTB\n      <\/p>\n<p>De kortbente vennene &#8211; corgier og dorgier (en blanding mellom corgi og dachshund, journ. anm.) &#8211; tuslet som oftest foran sin royale matmor.\u00a0<\/p>\n<p>    <a itemprop=\"url\" href=\"https:\/\/www.seher.no\/kjendis\/har-landet-i-england\/83563274\" rel=\"nofollow noopener\" target=\"_blank\"><\/p>\n<p>      <img loading=\"lazy\" decoding=\"async\" src=\"https:\/\/www.europesays.com\/no\/wp-content\/uploads\/2025\/09\/83562992.webp\" width=\"980\" height=\"441\" title=\"Har landet i England\" alt=\"\" class=\"lazyload\" style=\"--aspect-ratio-image: 2.22; \"\/><\/p>\n<p>        Har landet i England<\/p>\n<p>    <\/a><\/p>\n<p>Hundene har ogs\u00e5 f\u00e5tt sin plass i popkulturen, blant annet i serien \u00abThe Crown\u00bb, og gjorde stor figur i \u00abJames Bond\u00bb-parodien under OL-\u00e5pningen i London i 2012.\u00a0<\/p>\n<p>Under dronningens Platina-jubileum i juni 2022 ble rasen l\u00f8ftet til nye h\u00f8yder, da en drone projiserte et animert corgie-bilde over Buckingham Palace.<\/p>\n<p>          <img loading=\"lazy\" decoding=\"async\" src=\"https:\/\/www.europesays.com\/no\/wp-content\/uploads\/2025\/09\/83565354.webp\" width=\"686\" height=\"611\" title=\"HUNDEDAGER: Da dronning Elizabeth feiret 70 \u00e5r p\u00e5 tronen, ble hun gjort stas p\u00e5 med lysshow over Buckingham Palace. Foto: NTB\" alt=\"\" class=\"\" style=\"--aspect-ratio-image: 1.12; \"\/><\/p>\n<p>\n          HUNDEDAGER: Da dronning Elizabeth feiret 70 \u00e5r p\u00e5 tronen, ble hun gjort stas p\u00e5 med lysshow over Buckingham Palace. Foto: NTB\n      <\/p>\n<p>Dronning Elizabeth hadde i l\u00f8pet av sitt liv over 14 generasjoner med corgier og dorgier, til sammen rundt 30 hunder &#8211; noen ansl\u00e5r at hun totalt hadde over 80.<\/p>\n<p>Ut ifra Instagram-posten til hertuginnen av York virker det som dronningens firbeinte venner blir tatt godt vare p\u00e5.\u00a0<\/p>\n<p><script async src=\"\/\/www.instagram.com\/embed.js\"><\/script><\/p>\n","protected":false},"excerpt":{"rendered":"Sarah Ferguson: Da dronning Elizabeth d\u00f8de i 2022, var det Sarah Ferguson som fikk \u00e6ren av \u00e5 ta&hellip;\n","protected":false},"author":2,"featured_media":30063,"comment_status":"","ping_status":"","sticky":false,"template":"","format":"standard","meta":{"footnotes":""},"categories":[58],"tags":[3681,71,2543,76,30,28,29,4840,4839,72],"class_list":{"0":"post-30062","1":"post","2":"type-post","3":"status-publish","4":"format-standard","5":"has-post-thumbnail","7":"category-underholdning","8":"tag-dronning-elizabeth","9":"tag-entertainment","10":"tag-kjendisdesken","11":"tag-kongelig","12":"tag-no","13":"tag-norge","14":"tag-norway","15":"tag-prins-andrew","16":"tag-sarah-ferguson","17":"tag-underholdning"},"share_on_mastodon":{"url":"","error":""},"_links":{"self":[{"href":"https:\/\/www.europesays.com\/no\/wp-json\/wp\/v2\/posts\/30062","targetHints":{"allow":["GET"]}}],"collection":[{"href":"https:\/\/www.europesays.com\/no\/wp-json\/wp\/v2\/posts"}],"about":[{"href":"https:\/\/www.europesays.com\/no\/wp-json\/wp\/v2\/types\/post"}],"author":[{"embeddable":true,"href":"https:\/\/www.europesays.com\/no\/wp-json\/wp\/v2\/users\/2"}],"replies":[{"embeddable":true,"href":"https:\/\/www.europesays.com\/no\/wp-json\/wp\/v2\/comments?post=30062"}],"version-history":[{"count":0,"href":"https:\/\/www.europesays.com\/no\/wp-json\/wp\/v2\/posts\/30062\/revisions"}],"wp:featuredmedia":[{"embeddable":true,"href":"https:\/\/www.europesays.com\/no\/wp-json\/wp\/v2\/media\/30063"}],"wp:attachment":[{"href":"https:\/\/www.europesays.com\/no\/wp-json\/wp\/v2\/media?parent=30062"}],"wp:term":[{"taxonomy":"category","embeddable":true,"href":"https:\/\/www.europesays.com\/no\/wp-json\/wp\/v2\/categories?post=30062"},{"taxonomy":"post_tag","embeddable":true,"href":"https:\/\/www.europesays.com\/no\/wp-json\/wp\/v2\/tags?post=30062"}],"curies":[{"name":"wp","href":"https:\/\/api.w.org\/{rel}","templated":true}]}}