{"id":300867,"date":"2026-07-23T21:18:14","date_gmt":"2026-07-23T21:18:14","guid":{"rendered":"https:\/\/www.europesays.com\/no\/300867\/"},"modified":"2026-07-23T21:18:14","modified_gmt":"2026-07-23T21:18:14","slug":"dyr-grane-fant-hund-langs-riksveien","status":"publish","type":"post","link":"https:\/\/www.europesays.com\/no\/300867\/","title":{"rendered":"Dyr, Grane | Fant hund langs riksveien"},"content":{"rendered":"\n<p>En familie observerte en hund ved riksvei 7334 i Fiplingdal, Grane. Da familien stanset for \u00e5 sjekke om det var noen eier av hunden i n\u00e6rheten, hoppet hunden inn i bilen til familien. Det melder politiet i Nordland torsdag kveld. <\/p>\n<p>N\u00e5 har familien tatt h\u00e5nd om hunden. Det er snakk om en langh\u00e5ret Sch\u00e4fer. <\/p>\n<p>Politiet i Nordland oppfordrer til at publikum kan ta kontakt p\u00e5 02800 dersom de kjenner igjen hunden eller savner den selv. Deretter vil politiet sette vedkommende i kontakt med dem som har tatt h\u00e5nd om hunden.<\/p>\n","protected":false},"excerpt":{"rendered":"En familie observerte en hund ved riksvei 7334 i Fiplingdal, Grane. Da familien stanset for \u00e5 sjekke om&hellip;\n","protected":false},"author":2,"featured_media":300868,"comment_status":"","ping_status":"","sticky":false,"template":"","format":"standard","meta":{"footnotes":"","_share_on_mastodon":"0"},"categories":[10],"tags":[36,20,21,1279,24,25,24629,2450,15,22,23,13,30,28,29,14,16,468,1510,26,27,224],"class_list":["post-300867","post","type-post","status-publish","format-standard","has-post-thumbnail","category-norge","tag-art","tag-breaking-news","tag-breakingnews","tag-dyr","tag-featured-news","tag-featurednews","tag-fiplingdalen","tag-grane","tag-headlines","tag-latest-news","tag-latestnews","tag-news","tag-no","tag-norge","tag-norway","tag-nyheter","tag-overskrifter","tag-politiet","tag-story","tag-top-stories","tag-topstories","tag-trafikk"],"share_on_mastodon":{"url":"https:\/\/pubeurope.com\/@no\/116971379527209661","error":""},"_links":{"self":[{"href":"https:\/\/www.europesays.com\/no\/wp-json\/wp\/v2\/posts\/300867","targetHints":{"allow":["GET"]}}],"collection":[{"href":"https:\/\/www.europesays.com\/no\/wp-json\/wp\/v2\/posts"}],"about":[{"href":"https:\/\/www.europesays.com\/no\/wp-json\/wp\/v2\/types\/post"}],"author":[{"embeddable":true,"href":"https:\/\/www.europesays.com\/no\/wp-json\/wp\/v2\/users\/2"}],"replies":[{"embeddable":true,"href":"https:\/\/www.europesays.com\/no\/wp-json\/wp\/v2\/comments?post=300867"}],"version-history":[{"count":0,"href":"https:\/\/www.europesays.com\/no\/wp-json\/wp\/v2\/posts\/300867\/revisions"}],"wp:featuredmedia":[{"embeddable":true,"href":"https:\/\/www.europesays.com\/no\/wp-json\/wp\/v2\/media\/300868"}],"wp:attachment":[{"href":"https:\/\/www.europesays.com\/no\/wp-json\/wp\/v2\/media?parent=300867"}],"wp:term":[{"taxonomy":"category","embeddable":true,"href":"https:\/\/www.europesays.com\/no\/wp-json\/wp\/v2\/categories?post=300867"},{"taxonomy":"post_tag","embeddable":true,"href":"https:\/\/www.europesays.com\/no\/wp-json\/wp\/v2\/tags?post=300867"}],"curies":[{"name":"wp","href":"https:\/\/api.w.org\/{rel}","templated":true}]}}