{"id":300873,"date":"2026-07-23T21:32:25","date_gmt":"2026-07-23T21:32:25","guid":{"rendered":"https:\/\/www.europesays.com\/no\/300873\/"},"modified":"2026-07-23T21:32:25","modified_gmt":"2026-07-23T21:32:25","slug":"andre-schermann-41-har-lyst-til-a-gi-opp-reisen","status":"publish","type":"post","link":"https:\/\/www.europesays.com\/no\/300873\/","title":{"rendered":"Andre Schermann (41) har lyst til \u00e5 gi opp reisen"},"content":{"rendered":"\n<ul class=\"_list_145nj_3 _list_64s2r_85 _unordered_145nj_106 text-sans-m\">\n<li class=\"_item_145nj_30\">Familien Schermann solgte alt og la ut p\u00e5 en lang seiltur for \u00e5 redde familien og Andr\u00e9s helse.<\/li>\n<li class=\"_item_145nj_30\">Reisen har v\u00e6rt t\u00f8ff; Andr\u00e9 sliter med sj\u00f8syke og f\u00f8ler seg nedsl\u00e5tt.<\/li>\n<li class=\"_item_145nj_30\">Linnea holder motet oppe og finner glede i hverdagslige \u00f8yeblikk p\u00e5 sj\u00f8en.<\/li>\n<li class=\"_item_145nj_30\">Barna har funnet sin plass om bord, noe som gir h\u00e5p for resten av turen.<\/li>\n<\/ul>\n<p>Vis mer <\/p>\n<p class=\"_paragraph_145nj_4 _paragraph_6fko5_10 layout-component text-serif-m layout-normal text-serif-m layout-padded\">\u2013 Jeg har hatt lyst til \u00e5 gi opp flere ganger, sier Andr\u00e9 Schermann (41) p\u00e5 telefon fra seilb\u00e5ten i det den passerer Gibraltar.<\/p>\n<p class=\"_paragraph_145nj_4 _paragraph_6fko5_10 layout-component text-serif-m layout-normal text-serif-m layout-padded\">\u2013 Jeg har knekt totalt sammen. <\/p>\n<p class=\"_paragraph_145nj_4 _paragraph_6fko5_10 layout-component text-serif-m layout-normal text-serif-m layout-padded\">Minst tre ganger har han v\u00e6rt klar til \u00e5 ta med familien og dra hjem til Oslo. <\/p>\n<p class=\"_paragraph_145nj_4 _paragraph_6fko5_10 layout-component text-serif-m layout-normal text-serif-m layout-padded\">Men \u00abhjem\u00bb, hvor er det? <\/p>\n<p class=\"_paragraph_145nj_4 _paragraph_6fko5_10 layout-component text-serif-m layout-normal text-serif-m layout-padded\">\u2013 Vi har jo ikke lenger et hjem. Vi har solgt alt vi eier og har. Selv ungenes senger og leker finnes ikke lenger.<\/p>\n<p><img alt=\"Familien Schermanns har solgt huset p\u00e5 Nordstrand.  Foto: Naina Hel\u00e9n J\u00e5ma \/ VG\" class=\"_image_jw3bv_65 layout-component layout-normal\" data-fullscreen- data-track-element-type=\"Article image fullscreen\" data-track-name=\"ImageFullscreen\" decoding=\"async\" loading=\"lazy\" height=\"6515\" itemprop=\"image\"  src=\"https:\/\/www.europesays.com\/no\/wp-content\/uploads\/2026\/07\/f198b17d-fd5c-39e5-b6e3-a81e52697887.jpeg\"  style=\"object-position:0% 0%\" width=\"5034\"\/>Familien Schermanns har solgt huset p\u00e5 Nordstrand.  Foto: Naina Hel\u00e9n J\u00e5ma \/ VG<\/p>\n<p class=\"_paragraph_145nj_4 _paragraph_6fko5_10 layout-component text-serif-m layout-normal text-serif-m layout-padded\">I juni dro ekteparet gjennom 17 \u00e5r, Andre (41) og Linnea (40) og d\u00f8trene Iben (8) og Leah (11)<a href=\"https:\/\/www.vg.no\/rampelys\/i\/XM9vex\/hva-har-vi-gjort\" data-track-element-type=\"Link\" data-track-id=\"link:XM9vex\" class=\"_link_145nj_39\" rel=\"nofollow noopener\" target=\"_blank\"> til sj\u00f8s for to \u00e5r<\/a>. Langt bort fra barnas skole og venner, foreldrenes jobb og hverdagsstress. <\/p>\n<p class=\"_paragraph_145nj_4 _paragraph_6fko5_10 layout-component text-serif-m layout-normal text-serif-m layout-padded\">Reisen handler ikke bare om \u00e5 realisere en dr\u00f8m. <\/p>\n<p class=\"_paragraph_145nj_4 _paragraph_6fko5_10 layout-component text-serif-m layout-normal text-serif-m layout-padded\">\u2013 Det er en <a href=\"https:\/\/www.vg.no\/tag\/reise-2?utm_source=vg-article&amp;utm_medium=auto-tagger&amp;utm_campaign=2pjMex\" class=\"_link_145nj_39\" rel=\"nofollow noopener\" target=\"_blank\">reise<\/a> for oss som familie. Og for at Andr\u00e9 skal bli bedre, sa mamma Linnea da VG m\u00f8tte familien to m\u00e5neder f\u00f8r avreise.<\/p>\n<p class=\"_paragraph_145nj_4 _paragraph_6fko5_10 layout-component text-serif-m layout-normal text-serif-m layout-padded\">For pappa Andr\u00e9 har slitt psykisk siden han var 13 \u00e5r. De siste \u00e5rene har det v\u00e6rt inn og ut hos fastleger, DPSDPSDistriktspsykiatrisk senter, et sted hvor man kan f\u00e5 hjelp med psykiske helseproblemer. og psykologer.<\/p>\n<p class=\"_paragraph_145nj_4 _paragraph_6fko5_10 layout-component text-serif-m layout-normal text-serif-m layout-padded\">\u2013 Jeg vil v\u00e6re den pappaen jentene mine og kona mi fortjener, sa Andr\u00e9 f\u00f8r de dro.<\/p>\n<p><img alt=\"Da skoleferien begynte, dro de.  Foto: Naina Hel\u00e9n J\u00e5ma \/ VG\" class=\"_image_jw3bv_65 layout-component layout-normal\" data-fullscreen- data-track-element-type=\"Article image fullscreen\" data-track-name=\"ImageFullscreen\" decoding=\"async\" loading=\"lazy\" height=\"5256\" itemprop=\"image\"  src=\"https:\/\/www.europesays.com\/no\/wp-content\/uploads\/2026\/07\/7de4329c-d5b1-39e0-a387-419844637a0f.jpeg\"  style=\"object-position:0% 0%\" width=\"6570\"\/>Da skoleferien begynte, dro de.  Foto: Naina Hel\u00e9n J\u00e5ma \/ VG<\/p>\n<p class=\"_paragraph_145nj_4 _paragraph_6fko5_10 layout-component text-serif-m layout-normal text-serif-m layout-padded\">Men reisen har ikke startet som Andr\u00e9 h\u00e5pet.<\/p>\n<p class=\"_paragraph_145nj_4 _paragraph_6fko5_10 layout-component text-serif-m layout-normal text-serif-m layout-padded\">\u2013 I ti\u2013tolv timer om gangen har jeg bare kastet opp.<\/p>\n<p><img alt=\"\" class=\"_image_jw3bv_65 layout-component layout-normal\" data-fullscreen- data-track-element-type=\"Article image fullscreen\" data-track-name=\"ImageFullscreen\" decoding=\"async\" loading=\"lazy\" height=\"640\" itemprop=\"image\"  src=\"https:\/\/www.europesays.com\/no\/wp-content\/uploads\/2026\/07\/7f9a6ac8-7282-3729-9fa0-793edeee1a40.jpeg\"  style=\"object-position:0% 0%\" width=\"480\"\/><\/p>\n<p class=\"_paragraph_145nj_4 _paragraph_6fko5_10 layout-component text-serif-m layout-normal text-serif-m layout-padded\">Han trodde han skulle v\u00e6re den sj\u00f8vante. <\/p>\n<p class=\"_paragraph_145nj_4 _paragraph_6fko5_10 layout-component text-serif-m layout-normal text-serif-m layout-padded\">\u2013 Jeg er jo n\u00e6rmest f\u00f8dt og oppvokst p\u00e5 b\u00e5t. Men jeg har v\u00e6rt s\u00e5 d\u00e5rlig. Og det gir seg ikke.<\/p>\n<p class=\"_paragraph_145nj_4 _paragraph_6fko5_10 layout-component text-serif-m layout-normal text-serif-m layout-padded\">N\u00e5 har familien brukt fire uker p\u00e5 \u00e5 komme seg til GibraltarGibraltarEt lite omr\u00e5de ved inngangen til Middelhavet. Fra de kastet loss i La Rochelle i Frankrike, og ned langs den franske og portugisiske kysten.<\/p>\n<p class=\"_paragraph_145nj_4 _paragraph_6fko5_10 layout-component text-serif-m layout-normal text-serif-m layout-padded\">Det har v\u00e6rt mye d\u00e5rlig v\u00e6r. AtlanterhavetAtlanterhavetDet store havet mellom Europa og Amerika er lunefullt. P\u00e5 bare minutter kan det bl\u00e5se opp fra blikkstille sj\u00f8 til 35 meter knop vind, og tre-fire meter h\u00f8ye b\u00f8lger.<\/p>\n<p class=\"_paragraph_145nj_4 _paragraph_6fko5_10 layout-component text-serif-m layout-normal text-serif-m layout-padded\">Ungene har ogs\u00e5 slitt med sj\u00f8syke. I starten ville den yngste datteren bare hjem.<\/p>\n<p class=\"_paragraph_145nj_4 _paragraph_6fko5_10 layout-component text-serif-m layout-normal text-serif-m layout-padded\">\u2013 Vi har v\u00e6rt s\u00e5 heldige at vi har hatt en god og erfaren seilervenn med oss de to f\u00f8rste ukene ned Atlanterhavet. Han har kj\u00f8rt b\u00e5ten, mens jeg og ungene bare har ligget rett ut.<\/p>\n<p class=\"_paragraph_145nj_4 _paragraph_6fko5_10 layout-component text-serif-m layout-normal text-serif-m layout-padded\">Samtidig ble kona Linnea st\u00e5ende igjen med ansvaret for \u00e5 holde alles mot oppe mens hun l\u00f8p mellom lugarene med b\u00f8tter.<br \/>\u2013 Igjen har Linnea v\u00e6rt ryggraden, sier Andr\u00e9.<\/p>\n<p class=\"_paragraph_145nj_4 _paragraph_6fko5_10 layout-component text-serif-m layout-normal text-serif-m layout-padded\">For Linnea, som aldri f\u00f8r har v\u00e6rt i b\u00e5t, har ikke v\u00e6rt kvalm.<\/p>\n<p class=\"_paragraph_145nj_4 _paragraph_6fko5_10 layout-component text-serif-m layout-normal text-serif-m layout-padded\">Han hadde ventet \u00e5 kjenne p\u00e5 frihet.<\/p>\n<p class=\"_paragraph_145nj_4 _paragraph_6fko5_10 layout-component text-serif-m layout-normal text-serif-m layout-padded\">\u2013 Jeg trodde jeg skulle finne en slags balanse p\u00e5 sj\u00f8en hvor jeg alltid har f\u00f8lt p\u00e5 en egen ro. Jeg hadde h\u00e5pet \u00e5 kjenne p\u00e5 en lykkef\u00f8lelse. At b\u00e5ten skulle f\u00f8les som hjemme.<\/p>\n<p class=\"_paragraph_145nj_4 _paragraph_6fko5_10 layout-component text-serif-m layout-normal text-serif-m layout-padded\">I stedet har Andr\u00e9 kjent p\u00e5 en tomhet.<\/p>\n<p class=\"_paragraph_145nj_4 _paragraph_6fko5_10 layout-component text-serif-m layout-normal text-serif-m layout-padded\">Er det dette vi skal gj\u00f8re, liksom?<\/p>\n<p class=\"_paragraph_145nj_4 _paragraph_6fko5_10 layout-component text-serif-m layout-normal text-serif-m layout-padded\">\u2013 Det har v\u00e6rt beint\u00f8ft. Jeg har v\u00e6rt veldig langt nede. Veldig lei meg.<\/p>\n<p><img alt=\"Foto: Naina Hel\u00e9n J\u00e5ma \/ VG\" class=\"_image_jw3bv_65 layout-component layout-normal\" data-fullscreen- data-track-element-type=\"Article image fullscreen\" data-track-name=\"ImageFullscreen\" decoding=\"async\" loading=\"lazy\" height=\"6163\" itemprop=\"image\"  src=\"https:\/\/www.europesays.com\/no\/wp-content\/uploads\/2026\/07\/60915ecc-4726-3b3e-82c3-c6c5793e158e.jpeg\"  style=\"object-position:0% 0%\" width=\"4931\"\/>Foto: Naina Hel\u00e9n J\u00e5ma \/ VG<\/p>\n<p class=\"_paragraph_145nj_4 _paragraph_6fko5_10 layout-component text-serif-m layout-normal text-serif-m layout-padded\">Linnea har forberedt seg mentalt lenge.<\/p>\n<p class=\"_paragraph_145nj_4 _paragraph_6fko5_10 layout-component text-serif-m layout-normal text-serif-m layout-padded\">\u2013 Jeg vet at jeg m\u00e5 st\u00e5 st\u00f8dig uansett hvilken situasjon vi havner i. <\/p>\n<p class=\"_paragraph_145nj_4 _paragraph_6fko5_10 layout-component text-serif-m layout-normal text-serif-m layout-padded\">Slik har hun hatt det lenge.<\/p>\n<p class=\"_paragraph_145nj_4 _paragraph_6fko5_10 layout-component text-serif-m layout-normal text-serif-m layout-padded\">\u2013 Men jeg regnet ikke med at Andr\u00e9 skulle bli s\u00e5 d\u00e5rlig som han har v\u00e6rt. Vi trengte ikke sj\u00f8syken opp\u00e5 alt det andre.<\/p>\n<p class=\"_paragraph_145nj_4 _paragraph_6fko5_10 layout-component text-serif-m layout-normal text-serif-m layout-padded\">Selv finner hun glede i veldig mye.<\/p>\n<p class=\"_paragraph_145nj_4 _paragraph_6fko5_10 layout-component text-serif-m layout-normal text-serif-m layout-padded\">\u2013 Her ute p\u00e5 havet er det s\u00e5 mye \u00e5 la seg begeistre av. <\/p>\n<p class=\"_paragraph_145nj_4 _paragraph_6fko5_10 layout-component text-serif-m layout-normal text-serif-m layout-padded\">Solnedganger og soloppganger, delfiner, hval, hai. Hun ramser opp.<\/p>\n<p class=\"_paragraph_145nj_4 _paragraph_6fko5_10 layout-component text-serif-m layout-normal text-serif-m layout-padded\">\u2013 Men jeg kan ikke st\u00e5 og rope: \u00abGud, se her!\u00bb n\u00e5r halve crewet ligger nede for telling. Og n\u00e5r de andre rundt deg ikke klarer \u00e5 nyte, klarer ikke du det heller.<\/p>\n<p><img alt=\"\" class=\"_image_jw3bv_65 layout-component layout-normal\" data-fullscreen- data-track-element-type=\"Article image fullscreen\" data-track-name=\"ImageFullscreen\" decoding=\"async\" loading=\"lazy\" height=\"640\" itemprop=\"image\"  src=\"https:\/\/www.europesays.com\/no\/wp-content\/uploads\/2026\/07\/5d4aeac6-b688-3434-8c95-98301713faee.jpeg\"  style=\"object-position:0% 0%\" width=\"480\"\/><\/p>\n<p class=\"_paragraph_145nj_4 _paragraph_6fko5_10 layout-component text-serif-m layout-normal text-serif-m layout-padded\">Likevel. For f\u00f8rste gang p\u00e5 lenge begynner hun \u00e5 kjenne hun p\u00e5 en ny f\u00f8lelse der ute p\u00e5 havet.<\/p>\n<p class=\"_paragraph_145nj_4 _paragraph_6fko5_10 layout-component text-serif-m layout-normal text-serif-m layout-padded\">\u2013 Jeg kan begynne \u00e5 senke garden min, og kose meg.<\/p>\n<p class=\"_paragraph_145nj_4 _paragraph_6fko5_10 layout-component text-serif-m layout-normal text-serif-m layout-padded\">Hun ser det p\u00e5 d\u00f8trene ogs\u00e5. <\/p>\n<p class=\"_paragraph_145nj_4 _paragraph_6fko5_10 layout-component text-serif-m layout-normal text-serif-m layout-padded\">\u2013 Til \u00e5 begynne med kjedet de seg, n\u00e5 har de funnet sin plass om bord. De er en del av crewet. De har funnet roen, sier Linnea.<\/p>\n<p class=\"_paragraph_145nj_4 _paragraph_6fko5_10 layout-component text-serif-m layout-normal text-serif-m layout-padded\">\u2013 Se, Andre!<\/p>\n<p class=\"_paragraph_145nj_4 _paragraph_6fko5_10 layout-component text-serif-m layout-normal text-serif-m layout-padded\">Linnea har akkurat oppdaget fire delfiner som sv\u00f8mmer langs b\u00e5ten.<\/p>\n<p class=\"_paragraph_145nj_4 _paragraph_6fko5_10 layout-component text-serif-m layout-normal text-serif-m layout-padded\">\u2013 Du skulle sett det, det er helt fantastisk! roper hun inn i telefonen.<\/p>\n<p class=\"_paragraph_145nj_4 _paragraph_6fko5_10 layout-component text-serif-m layout-normal text-serif-m layout-padded\">Det er s\u00e5 mye glede. Delfinene som plutselig dukker opp og f\u00e5r alle til \u00e5 glemme sj\u00f8syken. Et bad i en rolig bukt, en fisk p\u00e5 kroken, en is p\u00e5 land, og plutselig er alt bra igjen. <\/p>\n<p><img alt=\"\" class=\"_image_jw3bv_65 layout-component layout-normal\" data-fullscreen- data-track-element-type=\"Article image fullscreen\" data-track-name=\"ImageFullscreen\" decoding=\"async\" loading=\"lazy\" height=\"640\" itemprop=\"image\"  src=\"https:\/\/www.europesays.com\/no\/wp-content\/uploads\/2026\/07\/bce9e9b2-181e-342e-836d-e8689c7d8397.jpeg\"  style=\"object-position:0% 0%\" width=\"480\"\/><\/p>\n<p class=\"_paragraph_145nj_4 _paragraph_6fko5_10 layout-component text-serif-m layout-normal text-serif-m layout-padded\">\u2013 Vi kommer ikke til \u00e5 gi oss, sier Andr\u00e9.<\/p>\n<p class=\"_paragraph_145nj_4 _paragraph_6fko5_10 layout-component text-serif-m layout-normal text-serif-m layout-padded\">Paradoksalt nok, s\u00e5 er det dette han trenger, sier han. Skikkelig motgang. For \u00e5 bli bedre. <\/p>\n<p class=\"_paragraph_145nj_4 _paragraph_6fko5_10 layout-component text-serif-m layout-normal text-serif-m layout-padded\">\u2013 Det er de t\u00f8ffe dagene jeg har veldig godt av.<\/p>\n<p class=\"_paragraph_145nj_4 _paragraph_6fko5_10 layout-component text-serif-m layout-normal text-serif-m layout-padded\">Linnea er enig.<\/p>\n<p class=\"_paragraph_145nj_4 _paragraph_6fko5_10 layout-component text-serif-m layout-normal text-serif-m layout-padded\">\u2013 Vi vil m\u00f8te stormer mentalt. Og vi m\u00f8ter stormer fysisk, sier hun.<\/p>\n<p class=\"_paragraph_145nj_4 _paragraph_6fko5_10 layout-component text-serif-m layout-normal text-serif-m layout-padded\">Det visste de.<\/p>\n<p class=\"_paragraph_145nj_4 _paragraph_6fko5_10 layout-component text-serif-m layout-normal text-serif-m layout-padded\">\u2013 Hvis alt hadde v\u00e6rt en idyll, hadde ikke det hjulpet oss med den mentale reisen vi skal igjennom, sammen med Andr\u00e9.<\/p>\n<p class=\"_paragraph_145nj_4 _paragraph_6fko5_10 layout-component text-serif-m layout-normal text-serif-m layout-padded\">Tobarnsmoren kjenner p\u00e5 mye mestring. <\/p>\n<p class=\"_paragraph_145nj_4 _paragraph_6fko5_10 layout-component text-serif-m layout-normal text-serif-m layout-padded\">\u2013 Jeg t\u00e5ler mye og det f\u00e5r jeg bekreftet her ute.<\/p>\n<p class=\"_paragraph_145nj_4 _paragraph_6fko5_10 layout-component text-serif-m layout-normal text-serif-m layout-padded\">Men hun er ogs\u00e5 ut\u00e5lmodig, litt kontrollfrik. <\/p>\n<p class=\"_paragraph_145nj_4 _paragraph_6fko5_10 layout-component text-serif-m layout-normal text-serif-m layout-padded\">\u2013 P\u00e5 sj\u00f8en fungerer ikke den overlevelsesstrategien. Selv om vi har planlagt at vi skal v\u00e6re i Spania om fem dager, s\u00e5 er vi kanskje ikke der f\u00f8r om ti. Det er v\u00e6r og vind som bestemmer her, ikke jeg.<\/p>\n<p class=\"_paragraph_145nj_4 _paragraph_6fko5_10 layout-component text-serif-m layout-normal text-serif-m layout-padded\">Hun sier hun har godt av \u00e5 l\u00e6re seg \u00e5 senke skuldrene. Bare ta \u00e9n dag om gangen.<\/p>\n<p><img alt=\"\u2013 Plutselig, p\u00e5 ti minutter, har det bl\u00e5st opp. Ungene blir redde. Glass knuses. Det er veldig uforutsigbart, forteller foreldrene.\" class=\"_image_jw3bv_65 layout-component layout-normal\" data-fullscreen- data-track-element-type=\"Article image fullscreen\" data-track-name=\"ImageFullscreen\" decoding=\"async\" loading=\"lazy\" height=\"640\" itemprop=\"image\"  src=\"https:\/\/www.europesays.com\/no\/wp-content\/uploads\/2026\/07\/b4d629fc-6ad8-371c-b934-d3491d18b070.jpeg\"  style=\"object-position:0% 0%\" width=\"480\"\/>\u2013 Plutselig, p\u00e5 ti minutter, har det bl\u00e5st opp. Ungene blir redde. Glass knuses. Det er veldig uforutsigbart, forteller foreldrene.<\/p>\n<p class=\"_paragraph_145nj_4 _paragraph_6fko5_10 layout-component text-serif-m layout-normal text-serif-m layout-padded\">Flere netter sitter far og eldstedatteren skulder til skulder og styrer b\u00e5ten mens de ser m\u00e5nen speile seg i sj\u00f8en og prater. Uten forstyrrelser. Bare de to.<\/p>\n<p class=\"_paragraph_145nj_4 _paragraph_6fko5_10 layout-component text-serif-m layout-normal text-serif-m layout-padded\">De timene alene er verdt hele turen, sier Andr\u00e9.<\/p>\n<p class=\"_paragraph_145nj_4 _paragraph_6fko5_10 layout-component text-serif-m layout-normal text-serif-m layout-padded\">\u2013 Jeg er s\u00e5 imponert over jentene mine. De har blitt s\u00e5 t\u00f8ffe og selvstendige, bare p\u00e5 denne korte tiden. Og de klager ikke. Selv n\u00e5r de er s\u00e5 sj\u00f8syke. <\/p>\n<p><img alt=\"Lea bak roret.\" class=\"_image_jw3bv_65 layout-component layout-normal\" data-fullscreen- data-track-element-type=\"Article image fullscreen\" data-track-name=\"ImageFullscreen\" decoding=\"async\" loading=\"lazy\" height=\"640\" itemprop=\"image\"  src=\"https:\/\/www.europesays.com\/no\/wp-content\/uploads\/2026\/07\/4131609e-81ea-3567-aafd-1c30b0a6c1a0.jpeg\"  style=\"object-position:0% 0%\" width=\"480\"\/>Lea bak roret.<\/p>\n<p class=\"_paragraph_145nj_4 _paragraph_6fko5_10 layout-component text-serif-m layout-normal text-serif-m layout-padded\">Dagen f\u00f8r sa datteren Lea noe som r\u00f8rte ham dypt.<\/p>\n<p class=\"_paragraph_145nj_4 _paragraph_6fko5_10 layout-component text-serif-m layout-normal text-serif-m layout-padded\">\u2013 Pappa, jeg er veldig glad for at vi har tatt denne turen, og at jeg har f\u00e5tt oppleve \u00e5 v\u00e6re ordentlig sj\u00f8syk og redd. For det gj\u00f8r at jeg kan takle det som er vanskelig p\u00e5 en bedre m\u00e5te senere.<\/p>\n<p class=\"_paragraph_145nj_4 _paragraph_6fko5_10 layout-component text-serif-m layout-normal text-serif-m layout-padded\">N\u00e5r datteren p\u00e5 11 \u00e5r tenker slik, da skulle det bare mangle om han ikke klarer \u00e5 ha samme innstilling, sier han.<\/p>\n<p class=\"_paragraph_145nj_4 _paragraph_6fko5_10 layout-component text-serif-m layout-normal text-serif-m layout-padded\">I det de runder Gibraltar og seiler inn Middelhavet, med kurs mot Ibiza, er det igjen tvil:<\/p>\n<p class=\"_paragraph_145nj_4 _paragraph_6fko5_10 layout-component text-serif-m layout-normal text-serif-m layout-padded\">\u2013 Vi skal gunne p\u00e5. Dette her kommer til \u00e5 bli veldig, veldig bra.<\/p>\n<ul class=\"_gallery_1qa3s_23\" tabindex=\"0\">\n<li class=\"_item_1qa3s_37\" data-index=\"0\"><img decoding=\"async\" class=\"_image_foru8_23 _articleGallery_foru8_39\" data-fullscreen- width=\"480\" height=\"640\" itemprop=\"image\" loading=\"lazy\"  src=\"https:\/\/www.europesays.com\/no\/wp-content\/uploads\/2026\/07\/6dafea6b-ae53-3f31-ac20-491666d20762.jpeg\"  style=\"object-position:50% 50%;aspect-ratio:var(--gallery-aspect-ratio, 16 \/ 9)\"\/> \u2013 Med en gang man stopper b\u00e5ten og har tatt seg en dukkert, er man mye bedre igjen. Linnea sier det er viktig \u00e5 minne seg p\u00e5: \u00abOK. Bare se her n\u00e5. Bare v\u00e6r til stede.\u00bb<\/li>\n<li class=\"_item_1qa3s_37\" data-index=\"1\"><img decoding=\"async\" class=\"_image_foru8_23 _articleGallery_foru8_39\" data-fullscreen- width=\"480\" height=\"640\" itemprop=\"image\" loading=\"lazy\"  src=\"https:\/\/www.europesays.com\/no\/wp-content\/uploads\/2026\/07\/48ba8a97-da9d-3b48-ab52-0b58b33649da.jpeg\"  style=\"object-position:50% 50%;aspect-ratio:var(--gallery-aspect-ratio, 16 \/ 9)\"\/> Litt ipad, men masse perling, tegning, maling, b\u00f8ker og fiske. Hvem skulle trodd?!<\/li>\n<li class=\"_item_1qa3s_37\" data-index=\"2\"><img decoding=\"async\" class=\"_image_foru8_23 _articleGallery_foru8_39\" data-fullscreen- width=\"480\" height=\"640\" itemprop=\"image\" loading=\"lazy\"  src=\"https:\/\/www.europesays.com\/no\/wp-content\/uploads\/2026\/07\/65484c33-87b2-39f8-8f55-76907b0e248f.jpeg\"  style=\"object-position:50% 50%;aspect-ratio:var(--gallery-aspect-ratio, 16 \/ 9)\"\/>Det er jo ikke t\u00f8ft hele tiden, minner Linnea Ivrsen-Schermann om. \u2013 Det er lett \u00e5 glemme det n\u00e5r b\u00f8lgene st\u00e5r p\u00e5 som verst.<\/li>\n<li class=\"_item_1qa3s_37\" data-index=\"3\"><img decoding=\"async\" class=\"_image_foru8_23 _articleGallery_foru8_39\" data-fullscreen- width=\"2264\" height=\"4024\" itemprop=\"image\" loading=\"lazy\"  src=\"https:\/\/www.europesays.com\/no\/wp-content\/uploads\/2026\/07\/0fae378c-c421-37c1-ad9a-51832cd4626a.jpeg\"  style=\"object-position:50% 50%;aspect-ratio:var(--gallery-aspect-ratio, 16 \/ 9)\"\/><\/li>\n<\/ul>\n<p> \u2013 Med en gang man stopper b\u00e5ten og har tatt seg en dukkert, er man mye bedre igjen. Linnea sier det er viktig \u00e5 minne seg p\u00e5: \u00abOK. Bare se her n\u00e5. Bare v\u00e6r til stede.\u00bb<\/p>\n","protected":false},"excerpt":{"rendered":"Familien Schermann solgte alt og la ut p\u00e5 en lang seiltur for \u00e5 redde familien og Andr\u00e9s helse.&hellip;\n","protected":false},"author":2,"featured_media":300874,"comment_status":"","ping_status":"","sticky":false,"template":"","format":"standard","meta":{"footnotes":"","_share_on_mastodon":"0"},"categories":[10],"tags":[903,20,21,525,24,25,15,22,23,13,30,28,29,14,16,1992,26,27],"class_list":["post-300873","post","type-post","status-publish","format-standard","has-post-thumbnail","category-norge","tag-bat","tag-breaking-news","tag-breakingnews","tag-familie","tag-featured-news","tag-featurednews","tag-headlines","tag-latest-news","tag-latestnews","tag-news","tag-no","tag-norge","tag-norway","tag-nyheter","tag-overskrifter","tag-reise","tag-top-stories","tag-topstories"],"share_on_mastodon":{"url":"https:\/\/pubeurope.com\/@no\/116971435167319748","error":""},"_links":{"self":[{"href":"https:\/\/www.europesays.com\/no\/wp-json\/wp\/v2\/posts\/300873","targetHints":{"allow":["GET"]}}],"collection":[{"href":"https:\/\/www.europesays.com\/no\/wp-json\/wp\/v2\/posts"}],"about":[{"href":"https:\/\/www.europesays.com\/no\/wp-json\/wp\/v2\/types\/post"}],"author":[{"embeddable":true,"href":"https:\/\/www.europesays.com\/no\/wp-json\/wp\/v2\/users\/2"}],"replies":[{"embeddable":true,"href":"https:\/\/www.europesays.com\/no\/wp-json\/wp\/v2\/comments?post=300873"}],"version-history":[{"count":0,"href":"https:\/\/www.europesays.com\/no\/wp-json\/wp\/v2\/posts\/300873\/revisions"}],"wp:featuredmedia":[{"embeddable":true,"href":"https:\/\/www.europesays.com\/no\/wp-json\/wp\/v2\/media\/300874"}],"wp:attachment":[{"href":"https:\/\/www.europesays.com\/no\/wp-json\/wp\/v2\/media?parent=300873"}],"wp:term":[{"taxonomy":"category","embeddable":true,"href":"https:\/\/www.europesays.com\/no\/wp-json\/wp\/v2\/categories?post=300873"},{"taxonomy":"post_tag","embeddable":true,"href":"https:\/\/www.europesays.com\/no\/wp-json\/wp\/v2\/tags?post=300873"}],"curies":[{"name":"wp","href":"https:\/\/api.w.org\/{rel}","templated":true}]}}