{"id":301115,"date":"2026-07-24T08:50:11","date_gmt":"2026-07-24T08:50:11","guid":{"rendered":"https:\/\/www.europesays.com\/no\/301115\/"},"modified":"2026-07-24T08:50:11","modified_gmt":"2026-07-24T08:50:11","slug":"politi-bergen-ber-om-tilstaelsesdom-etter-17-mai-volden-tre-av-guttene-erkjenner-straffskyld","status":"publish","type":"post","link":"https:\/\/www.europesays.com\/no\/301115\/","title":{"rendered":"Politi, Bergen | Ber om tilst\u00e5elsesdom etter 17. mai-volden: \u2013 Tre av guttene erkjenner straffskyld"},"content":{"rendered":"\n<p>Politiet anbefaler derfor at saken blir avgjort med en tilst\u00e5elsesdom, forteller politiadvokat Linn Mari S\u00f8fteland. Saken er sendt til Statsadvokaten for endelig avgj\u00f8relse, if\u00f8lge henne.<\/p>\n<p>Saken om russen som ble angrepet av unge gutter i Strandgaten p\u00e5 17. mai har f\u00e5tt stor nasjonal oppmerksomhet. En video viser hvordan det 18 \u00e5r gamle voldsofferet blir sl\u00e5tt i bakken, og sl\u00e5tt og sparket mens han ligger nede.<\/p>\n<p>Tre gutter ble siktet for forholdet mens \u00e9n hadde status som mistenkt. De siktede var 15, 16 og 17 \u00e5r gamle p\u00e5 gjerningstidspunktet. Den mistenkte var 16 \u00e5r gammel.<\/p>\n<p>\u2013 N\u00e5r det gjelder den mistenkte har den saken frafalt ettersom han ikke ut\u00f8vde vold p\u00e5 videoen.<\/p>\n<p>\u2013 Ellers erkjenner tre av de siktede straffskyld, sier S\u00f8fteland til BA.<\/p>\n<p>\u2013 \u00d8nsker \u00e5 gj\u00f8re opp for seg<\/p>\n<p>To av de siktede har erkjent forholdet tidlig, mens den siste personen har gjort det nylig, forteller politiadvokaten.<\/p>\n<p>Advokat Alexander Gonzalo Sele forsvarer 17-\u00e5ringen som sl\u00e5r russen i bakken p\u00e5 videoen <a href=\"https:\/\/www.ba.no\/her-ga-r-de-los-pa-russen\/v\/5-8-3409084\" rel=\"Follow nofollow noopener\" target=\"_blank\">BA har publisert.<\/a> Hans kient erkjente straffskyld tidlig i saken.<\/p>\n<p>\u2013 Han har erkjent straffskyld og har forklart seg om sin rolle i hendelsesforl\u00f8pet. Han \u00f8nsker \u00e5 gj\u00f8re opp for seg, sier Sele.<\/p>\n<p>En tilst\u00e5elsessak er en forenklet og rask behandlingsm\u00e5te i tingretten for straffesaker der den siktede har lagt kortene p\u00e5 bordet og tilst\u00e5tt lovbruddet.<\/p>\n<p>I stedet for \u00e5 gjennomf\u00f8re en full rettssak med vitner, utstrakt bevisf\u00f8rsel og meddommere, blir saken vanligvis avgjort i et kort rettsm\u00f8te med \u00e9n enkelt fagdommer.<\/p>\n<p>Saken vakte stor nasjonal oppmerksomhet og det verserte en rekke rykter i sosiale medier. Stortinsrepresentant Jon Helgheim (Frp) fikk skarp kritikk for \u00e5 ha <a href=\"https:\/\/www.ba.no\/frp-topp-identifiserte-mindrearige-etter-voldshendelse\/s\/5-8-3412637\" rel=\"Follow nofollow noopener\" target=\"_blank\">delt usladdede bilder av de mindre\u00e5rige voldsut\u00f8verne<\/a> p\u00e5 sin Facebook-side.<\/p>\n<p>En rekke h\u00f8yreradikale profiler <a href=\"https:\/\/www.ba.no\/hoyreradikale-fikk-voldsvideo-til-a-ga-viralt\/s\/5-8-3420228\" rel=\"Follow nofollow noopener\" target=\"_blank\">mente at saken var et bevis p\u00e5 rasistisk motivert vold mot hvite. <\/a><\/p>\n<p>Saken oppdateres.<\/p>\n","protected":false},"excerpt":{"rendered":"Politiet anbefaler derfor at saken blir avgjort med en tilst\u00e5elsesdom, forteller politiadvokat Linn Mari S\u00f8fteland. Saken er sendt&hellip;\n","protected":false},"author":2,"featured_media":301116,"comment_status":"","ping_status":"","sticky":false,"template":"","format":"standard","meta":{"footnotes":"","_share_on_mastodon":"0"},"categories":[10],"tags":[14670,36,444,20,21,24,25,15,22,23,13,30,28,29,14,16,254,1510,26,27],"class_list":["post-301115","post","type-post","status-publish","format-standard","has-post-thumbnail","category-norge","tag-17-mai","tag-art","tag-bergen","tag-breaking-news","tag-breakingnews","tag-featured-news","tag-featurednews","tag-headlines","tag-latest-news","tag-latestnews","tag-news","tag-no","tag-norge","tag-norway","tag-nyheter","tag-overskrifter","tag-politi","tag-story","tag-top-stories","tag-topstories"],"share_on_mastodon":{"url":"https:\/\/pubeurope.com\/@no\/116974100543619334","error":""},"_links":{"self":[{"href":"https:\/\/www.europesays.com\/no\/wp-json\/wp\/v2\/posts\/301115","targetHints":{"allow":["GET"]}}],"collection":[{"href":"https:\/\/www.europesays.com\/no\/wp-json\/wp\/v2\/posts"}],"about":[{"href":"https:\/\/www.europesays.com\/no\/wp-json\/wp\/v2\/types\/post"}],"author":[{"embeddable":true,"href":"https:\/\/www.europesays.com\/no\/wp-json\/wp\/v2\/users\/2"}],"replies":[{"embeddable":true,"href":"https:\/\/www.europesays.com\/no\/wp-json\/wp\/v2\/comments?post=301115"}],"version-history":[{"count":0,"href":"https:\/\/www.europesays.com\/no\/wp-json\/wp\/v2\/posts\/301115\/revisions"}],"wp:featuredmedia":[{"embeddable":true,"href":"https:\/\/www.europesays.com\/no\/wp-json\/wp\/v2\/media\/301116"}],"wp:attachment":[{"href":"https:\/\/www.europesays.com\/no\/wp-json\/wp\/v2\/media?parent=301115"}],"wp:term":[{"taxonomy":"category","embeddable":true,"href":"https:\/\/www.europesays.com\/no\/wp-json\/wp\/v2\/categories?post=301115"},{"taxonomy":"post_tag","embeddable":true,"href":"https:\/\/www.europesays.com\/no\/wp-json\/wp\/v2\/tags?post=301115"}],"curies":[{"name":"wp","href":"https:\/\/api.w.org\/{rel}","templated":true}]}}