{"id":30121,"date":"2025-09-08T21:24:46","date_gmt":"2025-09-08T21:24:46","guid":{"rendered":"https:\/\/www.europesays.com\/no\/30121\/"},"modified":"2025-09-08T21:24:46","modified_gmt":"2025-09-08T21:24:46","slug":"sopp-morderen-erin-patterson-domt-til-livstid","status":"publish","type":"post","link":"https:\/\/www.europesays.com\/no\/30121\/","title":{"rendered":"Sopp-morderen Erin Patterson d\u00f8mt til livstid"},"content":{"rendered":"\n<p class=\"_lead_ew2ao_2 _lead_xtcu6_50 layout-component text-serif-m layout-normal text-serif-l layout-component layout-wide layout-padded _wide_17hqh_1 layout-padded\">Blir Victorias lengst sittende kvinnelige fange.<\/p>\n<p><img alt=\" Foto: Jason Edwards \/ Reuters \/ NTB\" class=\"_image_qp4xg_65 layout-component layout-wide\" data-fullscreen- data-track-element-type=\"Article image fullscreen\" data-track-name=\"ImageFullscreen\" fetchpriority=\"high\" decoding=\"sync\" loading=\"eager\" height=\"2508\" itemprop=\"image\"  src=\"https:\/\/www.europesays.com\/no\/wp-content\/uploads\/2025\/09\/71667c42-74db-4805-b605-f5fb3e040e37\"  style=\"object-position:0% 0%\" width=\"3533\"\/> Foto: Jason Edwards \/ Reuters \/ NTB<\/p>\n<ul aria-hidden=\"true\" class=\"_images_1y6fe_106\">\n<li><a class=\"_link_1y6fe_111\" href=\"https:\/\/www.vg.no\/forfatter\/kari-aarstad-aase\" style=\"z-index:1\" title=\"Kari Aarstad Aase\" rel=\"nofollow noopener\" target=\"_blank\"><img alt=\"Bilde av Kari Aarstad Aase\" class=\"_image_1y6fe_88\" fetchpriority=\"low\" loading=\"lazy\" decoding=\"async\" itemprop=\"image\"  src=\"https:\/\/www.europesays.com\/no\/wp-content\/uploads\/2025\/09\/1757366686_913_0dbde33e-6d8e-4680-8e4f-e2a64281e2b8\"  width=\"480\"\/><\/a><\/li>\n<\/ul>\n<p> Oppdatert mandag 8. september kl. 02:39     <\/p>\n<p class=\"_paragraph_ew2ao_4 _paragraph_xtcu6_10 layout-component text-serif-m layout-normal text-serif-m layout-padded\">Erin Patterson (50) ble mandag d\u00f8mt til livstid i fengsel for \u00e5 ha drept tre familiemedlemmer med giftige sopp. Hun kan tidligst l\u00f8slates om 33 \u00e5r, n\u00e5r hun er 82 \u00e5r gammel.<\/p>\n<p class=\"_paragraph_ew2ao_4 _paragraph_xtcu6_10 layout-component text-serif-m layout-normal text-serif-m layout-padded\">Dommer Christopher Beale i Victorias h\u00f8yesterett kalte forbrytelsene \u00abavskyelige\u00bb og sa Patterson hadde beg\u00e5tt \u00abet enormt tillitsbrudd\u00bb, if\u00f8lge <a href=\"https:\/\/www.theguardian.com\/australia-news\/2025\/sep\/08\/erin-patterson-mushroom-murders-live-stream-tv-coverage-sentencing-hearing-ntwnfb\" class=\"_link_ew2ao_39\" rel=\"nofollow noopener\" target=\"_blank\">The Guardian<\/a> og <a href=\"https:\/\/www.smh.com.au\/national\/victoria\/erin-patterson-sentencing-live-updates-mushroom-cook-to-be-sentenced-for-triple-murder-20250903-p5ms88.html?post=p5980l\" class=\"_link_ew2ao_39\" rel=\"nofollow noopener\" target=\"_blank\">Sydney Morning Herald<\/a>.<\/p>\n<p class=\"_paragraph_ew2ao_4 _paragraph_xtcu6_10 layout-component text-serif-m layout-normal text-serif-m layout-padded\">I juli 2023 inviterte Patterson sine svigerforeldre Don og Gail Patterson samt Heather Wilkinson til lunsj. Hun serverte beef wellington tilsatt d\u00f8delige fluesopp. Alle tre d\u00f8de, mens Heathers ektemann Ian Wilkinson overlevde.<\/p>\n<p class=\"_paragraph_ew2ao_4 _paragraph_xtcu6_10 layout-component text-serif-m layout-normal text-serif-m layout-padded\">Patterson ble i juli i \u00e5r funnet skyldig i tre drap og ett drapsfors\u00f8k etter en 11 uker lang rettssak.<\/p>\n<p class=\"_paragraph_ew2ao_4 _paragraph_xtcu6_10 layout-component text-serif-m layout-normal text-serif-m layout-padded\">Under straffeutm\u00e5lingen holdt Patterson \u00f8ynene lukket mesteparten av tiden. Kun da dommeren snakket om medieoppmerksomheten rundt saken, \u00e5pnet hun \u00f8ynene og stirret p\u00e5 journalistene i rettssalen.<\/p>\n<p class=\"_paragraph_ew2ao_4 _paragraph_xtcu6_10 layout-component text-serif-m layout-normal text-serif-m layout-padded\">Ian Wilkinson, som er prest, tilga Patterson i sin offeruttalelse:<\/p>\n<p class=\"_paragraph_ew2ao_4 _paragraph_xtcu6_10 layout-component text-serif-m layout-normal text-serif-m layout-padded\">\u2013 N\u00e5 er jeg ikke lenger Erin Pattersons offer, og hun har blitt offer for min vennlighet, sa han.<\/p>\n<p class=\"_paragraph_ew2ao_4 _paragraph_xtcu6_10 layout-component text-serif-m layout-normal text-serif-m layout-padded\">Dommen gj\u00f8r Patterson til Victorias lengst sittende kvinnelige fange. <\/p>\n<p>Les ogs\u00e5<\/p>\n","protected":false},"excerpt":{"rendered":"Blir Victorias lengst sittende kvinnelige fange. Foto: Jason Edwards \/ Reuters \/ NTB Oppdatert mandag 8. september kl.&hellip;\n","protected":false},"author":2,"featured_media":30122,"comment_status":"","ping_status":"","sticky":false,"template":"","format":"standard","meta":{"footnotes":""},"categories":[12],"tags":[47,20,21,24,25,15,22,23,13,30,28,29,14,16,26,27,42,46,43,44,45],"class_list":{"0":"post-30121","1":"post","2":"type-post","3":"status-publish","4":"format-standard","5":"has-post-thumbnail","7":"category-verden","8":"tag-australia","9":"tag-breaking-news","10":"tag-breakingnews","11":"tag-featured-news","12":"tag-featurednews","13":"tag-headlines","14":"tag-latest-news","15":"tag-latestnews","16":"tag-news","17":"tag-no","18":"tag-norge","19":"tag-norway","20":"tag-nyheter","21":"tag-overskrifter","22":"tag-top-stories","23":"tag-topstories","24":"tag-verden","25":"tag-vgai","26":"tag-world","27":"tag-world-news","28":"tag-worldnews"},"share_on_mastodon":{"url":"","error":""},"_links":{"self":[{"href":"https:\/\/www.europesays.com\/no\/wp-json\/wp\/v2\/posts\/30121","targetHints":{"allow":["GET"]}}],"collection":[{"href":"https:\/\/www.europesays.com\/no\/wp-json\/wp\/v2\/posts"}],"about":[{"href":"https:\/\/www.europesays.com\/no\/wp-json\/wp\/v2\/types\/post"}],"author":[{"embeddable":true,"href":"https:\/\/www.europesays.com\/no\/wp-json\/wp\/v2\/users\/2"}],"replies":[{"embeddable":true,"href":"https:\/\/www.europesays.com\/no\/wp-json\/wp\/v2\/comments?post=30121"}],"version-history":[{"count":0,"href":"https:\/\/www.europesays.com\/no\/wp-json\/wp\/v2\/posts\/30121\/revisions"}],"wp:featuredmedia":[{"embeddable":true,"href":"https:\/\/www.europesays.com\/no\/wp-json\/wp\/v2\/media\/30122"}],"wp:attachment":[{"href":"https:\/\/www.europesays.com\/no\/wp-json\/wp\/v2\/media?parent=30121"}],"wp:term":[{"taxonomy":"category","embeddable":true,"href":"https:\/\/www.europesays.com\/no\/wp-json\/wp\/v2\/categories?post=30121"},{"taxonomy":"post_tag","embeddable":true,"href":"https:\/\/www.europesays.com\/no\/wp-json\/wp\/v2\/tags?post=30121"}],"curies":[{"name":"wp","href":"https:\/\/api.w.org\/{rel}","templated":true}]}}