{"id":30143,"date":"2025-09-08T21:47:09","date_gmt":"2025-09-08T21:47:09","guid":{"rendered":"https:\/\/www.europesays.com\/no\/30143\/"},"modified":"2025-09-08T21:47:09","modified_gmt":"2025-09-08T21:47:09","slug":"sylvi-listhaug-jubler-etter-frp-suksessen","status":"publish","type":"post","link":"https:\/\/www.europesays.com\/no\/30143\/","title":{"rendered":"Sylvi Listhaug jubler etter Frp-suksessen"},"content":{"rendered":"\n<p class=\"_lead_ew2ao_2 _lead_xtcu6_50 layout-component text-serif-m layout-normal text-serif-l layout-component layout-wide layout-padded _wide_17hqh_1 layout-padded\">Frp-lederen har all grunn til \u00e5 juble etter \u00e5 ha gjort det som ligger an til \u00e5 v\u00e6re tidenes valg.<\/p>\n<p><img alt=\"\u2013 Vi skal f\u00e5 St\u00f8re ut av regjeringskontoret i valget 2029, sa Sylvi Listhaug fra scenen. Foto: Gisle Oddstad \/ VG\" class=\"_image_qp4xg_65 layout-component layout-wide\" data-fullscreen- data-track-element-type=\"Article image fullscreen\" data-track-name=\"ImageFullscreen\" fetchpriority=\"high\" decoding=\"sync\" loading=\"eager\" height=\"4000\" itemprop=\"image\"  src=\"https:\/\/www.europesays.com\/no\/wp-content\/uploads\/2025\/09\/fa5ff323-3244-4fce-b944-b1f0f6764dc2\"  style=\"object-position:0% 0%\" width=\"6000\"\/>\u2013 Vi skal f\u00e5 St\u00f8re ut av regjeringskontoret i valget 2029, sa Sylvi Listhaug fra scenen. Foto: Gisle Oddstad \/ VGRapporterer fra fra Frps valgvake p\u00e5 Hotel Bristol i Oslo Oppdatert mandag 8. september kl. 23:37     <\/p>\n<p class=\"_paragraph_ew2ao_4 _paragraph_xtcu6_10 layout-component text-serif-m layout-normal text-serif-m layout-padded\">\u2013 For en fantastisk kveld, sier Frp-leder Sylvi Listhaug fra talerstolen p\u00e5 partiets valgvake ved Hotel Bristol i Oslo.<\/p>\n<p class=\"_paragraph_ew2ao_4 _paragraph_xtcu6_10 layout-component text-serif-m layout-normal text-serif-m layout-padded\">Det er trampeklapp for partilederen som har dratt partiet opp til \u00e5 bli landets nest st\u00f8rste. \u00abSylvi, Sylvi, Sylvi\u00bb, roper salen i takt. <\/p>\n<p class=\"_paragraph_ew2ao_4 _paragraph_xtcu6_10 layout-component text-serif-m layout-normal text-serif-m layout-padded\">Frp fikk 24,7 prosent av forh\u00e5ndsstemmene. Det gj\u00f8r dem til landets nest st\u00f8rste parti f\u00f8r alle stemmene er telt opp.<\/p>\n<p>\u2013 Bare begynnelsen<\/p>\n<p class=\"_paragraph_ew2ao_4 _paragraph_xtcu6_10 layout-component text-serif-m layout-normal text-serif-m layout-padded\">\u2013 Frp blir det st\u00f8rste og ledende opposisjonspartiet p\u00e5 Stortinget. Vi f\u00e5r den st\u00f8rste stortingsgruppen som Frp noen gang har hatt. Vi skal v\u00e6re et sv\u00e6rt tydelig alternativ til Ap og de som skal styre Norge de neste fire \u00e5rene. <\/p>\n<p class=\"_paragraph_ew2ao_4 _paragraph_xtcu6_10 layout-component text-serif-m layout-normal text-serif-m layout-padded\">\u2013 Mitt m\u00e5l er at dette bare er begynnelsen. Jeg h\u00e5per dere er enige. Jeg er utrolig stolt av dere! <\/p>\n<p class=\"_paragraph_ew2ao_4 _paragraph_xtcu6_10 layout-component text-serif-m layout-normal text-serif-m layout-padded\">Hun lover \u00e5 st\u00e5 opp tidlig hver dag. <\/p>\n<p class=\"_paragraph_ew2ao_4 _paragraph_xtcu6_10 layout-component text-serif-m layout-normal text-serif-m layout-padded\">\u2013 Jeg skal st\u00e5 opp tidlig og ser hvem som er tidlig p\u00e5 kontoret, sier hun til applaus fra valgvaken.<\/p>\n<p class=\"_paragraph_ew2ao_4 _paragraph_xtcu6_10 layout-component text-serif-m layout-normal text-serif-m layout-padded\">Hun beskrev resultatet slik p\u00e5 vei bort til valgvaken:<\/p>\n<p class=\"_paragraph_ew2ao_4 _paragraph_xtcu6_10 layout-component text-serif-m layout-normal text-serif-m layout-padded\">\u2013 Det er formidabelt! <\/p>\n<p class=\"_paragraph_ew2ao_4 _paragraph_xtcu6_10 layout-component text-serif-m layout-normal text-serif-m layout-padded\">Erna Solbergs H\u00f8yre fikk bare 14,4 prosent av stemmene. B\u00e5de Erna Solberg og Sylvi Listhaug har erkjent at de har tapt valget. <\/p>\n<p class=\"_paragraph_ew2ao_4 _paragraph_xtcu6_10 layout-component text-serif-m layout-normal text-serif-m layout-padded\">\u2013 Det borgerlige flertallet glipper?<\/p>\n<p class=\"_paragraph_ew2ao_4 _paragraph_xtcu6_10 layout-component text-serif-m layout-normal text-serif-m layout-padded\">\u2013 Ja, det er det eneste sk\u00e5ret jeg har, sier Listhaug p\u00e5 vei inn til Frps valgvake p\u00e5 Hotel Bristol. <\/p>\n<p><img alt=\"Frp-lederen tas imot med jubelbr\u00f8l p\u00e5 Frps valgvake.  Foto: Gisle Oddstad \/ VG\" class=\"_image_qp4xg_65 layout-component layout-normal\" data-fullscreen- data-track-element-type=\"Article image fullscreen\" data-track-name=\"ImageFullscreen\" decoding=\"async\" loading=\"lazy\" height=\"4000\" itemprop=\"image\"  src=\"https:\/\/www.europesays.com\/no\/wp-content\/uploads\/2025\/09\/c6005155-abbf-46c7-bf0a-c7d8e1e266df\"  style=\"object-position:0% 0%\" width=\"6000\"\/>Frp-lederen tas imot med jubelbr\u00f8l p\u00e5 Frps valgvake.  Foto: Gisle Oddstad \/ VG\u2013 Skal klippe h\u00e5ret<\/p>\n<p class=\"_paragraph_ew2ao_4 _paragraph_xtcu6_10 layout-component text-serif-m layout-normal text-serif-m layout-padded\">Fpu-leder Simen Velle er str\u00e5lende forn\u00f8yd med de forel\u00f8pige tallene.<\/p>\n<p class=\"_paragraph_ew2ao_4 _paragraph_xtcu6_10 layout-component text-serif-m layout-normal text-serif-m layout-padded\">\u2013 Det er j\u00e6vlig g\u00f8y. Det er ikke noe mer \u00e5 si. Vi har jobbet lenge for dette, og det \u00e5 lande et godt resultat &#8230; Det er f\u00e5 ting som sl\u00e5r det, sier han med en pils i h\u00e5nden. <\/p>\n<p class=\"_paragraph_ew2ao_4 _paragraph_xtcu6_10 layout-component text-serif-m layout-normal text-serif-m layout-padded\">\u2013 Fra scenen tidligere i kveld sa du at dette er ditt livs \u00e6re.<\/p>\n<p class=\"_paragraph_ew2ao_4 _paragraph_xtcu6_10 layout-component text-serif-m layout-normal text-serif-m layout-padded\">\u2013 Det \u00e5 f\u00e5 lov til \u00e5 v\u00e6re frontfigur for den gjengen her, lede Fpu, det \u00e5 f\u00e5 lov til \u00e5 stille til Stortinget &#8230; Det er ikke alle som f\u00e5r den muligheten. Det er s\u00e5 mange som jobber for \u00e5 gj\u00f8re meg sterk, og det er det som gj\u00f8r meg sterk. <\/p>\n<p class=\"_paragraph_ew2ao_4 _paragraph_xtcu6_10 layout-component text-serif-m layout-normal text-serif-m layout-padded\">Der ser likevel ut til at det borgerlige flertallet kan glippe, med Venstre under sperregrensen og H\u00f8yre p\u00e5 under 15 prosent.<\/p>\n<p class=\"_paragraph_ew2ao_4 _paragraph_xtcu6_10 layout-component text-serif-m layout-normal text-serif-m layout-padded\">Det vil Velle ikke kommentere.<\/p>\n<p class=\"_paragraph_ew2ao_4 _paragraph_xtcu6_10 layout-component text-serif-m layout-normal text-serif-m layout-padded\">\u2013 Vi f\u00e5r telle stemmer i kveld og evaluere i morgen.<\/p>\n<p class=\"_paragraph_ew2ao_4 _paragraph_xtcu6_10 layout-component text-serif-m layout-normal text-serif-m layout-padded\">\u2013 H\u00f8yre-profiler er n\u00e5 ute og sier at Erna Solberg m\u00e5 g\u00e5?<\/p>\n<p class=\"_paragraph_ew2ao_4 _paragraph_xtcu6_10 layout-component text-serif-m layout-normal text-serif-m layout-padded\">\u2013 Det har jeg ingen kommentar til.<\/p>\n<p class=\"_paragraph_ew2ao_4 _paragraph_xtcu6_10 layout-component text-serif-m layout-normal layout-padded\"><strong class=\"_strong_ew2ao_25\">Les ogs\u00e5:<\/strong> <a href=\"https:\/\/www.vg.no\/i\/dRydp1\" data-track-element-type=\"Link\" data-track-id=\"link:dRydp1\" class=\"_link_ew2ao_39\" rel=\"nofollow noopener\" target=\"_blank\">Flere H\u00f8yre-profiler sier Erna m\u00e5 g\u00e5<\/a><\/p>\n<p class=\"_paragraph_ew2ao_4 _paragraph_xtcu6_10 layout-component text-serif-m layout-normal text-serif-m layout-padded\">\u2013 Du har tidligere lovet at du skal klippe h\u00e5ret dersom du kommer inn p\u00e5 Stortinget. Skjer det?<\/p>\n<p class=\"_paragraph_ew2ao_4 _paragraph_xtcu6_10 layout-component text-serif-m layout-normal text-serif-m layout-padded\">\u2013 Jeg skal klippe h\u00e5ret! Ikke i kveld, men jeg skal gj\u00f8re det, sier han og fortsetter festen. <\/p>\n<p>    <img decoding=\"async\" alt=\"Tips oss illustrasjon\" width=\"62px\" height=\"auto\" src=\"https:\/\/www.europesays.com\/no\/wp-content\/uploads\/2025\/08\/1754784428_95_W9avJzE.png\"\/>    <\/p>\n<p class=\"title-serif-s\">Har du tips til oss?<\/p>\n<p class=\"text-sans-m\">Send oss informasjon, bilder eller video<\/p>\n<p>  <a href=\"https:\/\/www.vg.no\/tips-oss\" rel=\"nofollow noopener\" target=\"_blank\"> Tips oss <\/a>      <\/p>\n","protected":false},"excerpt":{"rendered":"Frp-lederen har all grunn til \u00e5 juble etter \u00e5 ha gjort det som ligger an til \u00e5 v\u00e6re&hellip;\n","protected":false},"author":2,"featured_media":30144,"comment_status":"","ping_status":"","sticky":false,"template":"","format":"standard","meta":{"footnotes":""},"categories":[5],"tags":[31,20,21,24,25,15,19,22,23,17,18,13,30,28,281,29,14,16,199,26,27,205],"class_list":{"0":"post-30143","1":"post","2":"type-post","3":"status-publish","4":"format-standard","5":"has-post-thumbnail","7":"category-overskrifter","8":"tag-breaking","9":"tag-breaking-news","10":"tag-breakingnews","11":"tag-featured-news","12":"tag-featurednews","13":"tag-headlines","14":"tag-hovedoppslag","15":"tag-latest-news","16":"tag-latestnews","17":"tag-main-news","18":"tag-mainnews","19":"tag-news","20":"tag-no","21":"tag-norge","22":"tag-norsk-politikk","23":"tag-norway","24":"tag-nyheter","25":"tag-overskrifter","26":"tag-stortingsvalg","27":"tag-top-stories","28":"tag-topstories","29":"tag-vgsamfunn"},"share_on_mastodon":{"url":"","error":""},"_links":{"self":[{"href":"https:\/\/www.europesays.com\/no\/wp-json\/wp\/v2\/posts\/30143","targetHints":{"allow":["GET"]}}],"collection":[{"href":"https:\/\/www.europesays.com\/no\/wp-json\/wp\/v2\/posts"}],"about":[{"href":"https:\/\/www.europesays.com\/no\/wp-json\/wp\/v2\/types\/post"}],"author":[{"embeddable":true,"href":"https:\/\/www.europesays.com\/no\/wp-json\/wp\/v2\/users\/2"}],"replies":[{"embeddable":true,"href":"https:\/\/www.europesays.com\/no\/wp-json\/wp\/v2\/comments?post=30143"}],"version-history":[{"count":0,"href":"https:\/\/www.europesays.com\/no\/wp-json\/wp\/v2\/posts\/30143\/revisions"}],"wp:featuredmedia":[{"embeddable":true,"href":"https:\/\/www.europesays.com\/no\/wp-json\/wp\/v2\/media\/30144"}],"wp:attachment":[{"href":"https:\/\/www.europesays.com\/no\/wp-json\/wp\/v2\/media?parent=30143"}],"wp:term":[{"taxonomy":"category","embeddable":true,"href":"https:\/\/www.europesays.com\/no\/wp-json\/wp\/v2\/categories?post=30143"},{"taxonomy":"post_tag","embeddable":true,"href":"https:\/\/www.europesays.com\/no\/wp-json\/wp\/v2\/tags?post=30143"}],"curies":[{"name":"wp","href":"https:\/\/api.w.org\/{rel}","templated":true}]}}