{"id":302137,"date":"2026-07-25T12:30:10","date_gmt":"2026-07-25T12:30:10","guid":{"rendered":"https:\/\/www.europesays.com\/no\/302137\/"},"modified":"2026-07-25T12:30:10","modified_gmt":"2026-07-25T12:30:10","slug":"sogndal-sogndal-fotball-gir-seg-som-sportssjef","status":"publish","type":"post","link":"https:\/\/www.europesays.com\/no\/302137\/","title":{"rendered":"Sogndal, Sogndal Fotball | Gir seg som sportssjef"},"content":{"rendered":"\n<p>Det skriv Sogndal Fotball p\u00e5 <a href=\"https:\/\/www.sogndalfotball.no\/nyheiter\/terje-skjeldestad-gir-seg-som-sportssjef\" rel=\"Follow nofollow noopener\" target=\"_blank\">nettsida laurdag.<\/a> <\/p>\n<p>Initiativet til endringa har kome fr\u00e5 Terje sj\u00f8lv, skriv Sogndal Fotball. <\/p>\n<p>\u2013 Dette er ei avgjerd som har vakse fram gjennom ein prosess over tid. Alt har si tid, og etter grundige vurderingar kjenner eg at dette er den rette l\u00f8ysinga \u2013 b\u00e5de for meg sj\u00f8lv og for klubben. Eg har hatt fine \u00e5r som sportssjef i Sogndal Fotball, og er takksam for tilliten, samarbeidet og opplevingane eg har f\u00e5tt vera ein del av, heiter det i meldinga. <\/p>\n<p>Klar for nye utfordringar<\/p>\n<p>\u2013 Samtidig kjenner eg at eg er klar for nye utfordringar, og at det kan vera sunt med nye perspektiv inn i den sportslege leiinga. Det viktigaste for meg har heile vegen vore \u00e5 gjere det som er best for klubben, seier Skjeldestad til sogndalfotball.no.<\/p>\n<p>Skjeldestad blir i meldinga framheva som viktig bidragsytar for klubben over mange \u00e5r og har lagt ned eit stort arbeid for utviklinga av b\u00e5de laget og den sportslege verksemda i klubben.<\/p>\n<p>Betydd mykje<\/p>\n<p>Klubben melder at framover vil Terje halda fram dialogen med konstituert dagleg leiar Ingrid Narum og klubben om kva oppg\u00e5ver som kan vera aktuelle for han p\u00e5 kort sikt. Samtidig vil han og klubben i fellesskap bruka hausten til \u00e5 avklare kva som blir den beste l\u00f8ysinga vidare. <\/p>\n<p>\u2013 Terje har betydd mykje for klubben gjennom mange \u00e5r. Han har vore open og ryddig gjennom prosessen, og dette er ei avgjerd som har vakse fram over tid. No respekterer me \u00f8nskje hans om \u00e5 tre til side fr\u00e5 rolla som sportssjef, og skal bruka tida framover til gode samtalar om vegen vidare. Det viktigaste for oss er \u00e5 finne ei l\u00f8ysing som er god b\u00e5de for Terje og for klubben, seier Ingrid Narum, konstituert dagleg leiar i Sogndal Fotball i meldinga. <\/p>\n<p>Kapteinen takkar<\/p>\n<p>\u2013 Eg \u00f8nskjer \u00e5 takka Terje for innsatsen han har lagt ned i rolla som sportssjef. Terje har gjort ein utruleg god jobb for klubben gjennom mange \u00e5r i ulike roller. Han er ein person som har vigd store delar av livet sitt til Sogndal Fotball og alltid gjort det beste for klubben, seier kaptein Even Hovland.<\/p>\n<p>Klubben takkar Terje for innsatsen som sportssjef og ser fram til den vidare dialogen om vegen vidare.<\/p>\n<p>Klubben skriv at inntil vidare vil dei l\u00f8ysa oppg\u00e5vene til rolla som sportssjef gjennom eksisterande ressursar, medan hausten blir brukt til \u00e5 gjera n\u00f8dvendige avklaringar om den framtidige sportslege organiseringa.<\/p>\n","protected":false},"excerpt":{"rendered":"Det skriv Sogndal Fotball p\u00e5 nettsida laurdag. Initiativet til endringa har kome fr\u00e5 Terje sj\u00f8lv, skriv Sogndal Fotball.&hellip;\n","protected":false},"author":2,"featured_media":302138,"comment_status":"","ping_status":"","sticky":false,"template":"","format":"standard","meta":{"footnotes":"","_share_on_mastodon":"0"},"categories":[59],"tags":[465,36,92,30,28,29,1029,7865,83,82,1510],"class_list":["post-302137","post","type-post","status-publish","format-standard","has-post-thumbnail","category-sport","tag-arbeidsliv","tag-art","tag-fotball","tag-no","tag-norge","tag-norway","tag-sogndal","tag-sogndal-fotball","tag-sport","tag-sports","tag-story"],"share_on_mastodon":{"url":"https:\/\/pubeurope.com\/@no\/116980628048527838","error":""},"_links":{"self":[{"href":"https:\/\/www.europesays.com\/no\/wp-json\/wp\/v2\/posts\/302137","targetHints":{"allow":["GET"]}}],"collection":[{"href":"https:\/\/www.europesays.com\/no\/wp-json\/wp\/v2\/posts"}],"about":[{"href":"https:\/\/www.europesays.com\/no\/wp-json\/wp\/v2\/types\/post"}],"author":[{"embeddable":true,"href":"https:\/\/www.europesays.com\/no\/wp-json\/wp\/v2\/users\/2"}],"replies":[{"embeddable":true,"href":"https:\/\/www.europesays.com\/no\/wp-json\/wp\/v2\/comments?post=302137"}],"version-history":[{"count":0,"href":"https:\/\/www.europesays.com\/no\/wp-json\/wp\/v2\/posts\/302137\/revisions"}],"wp:featuredmedia":[{"embeddable":true,"href":"https:\/\/www.europesays.com\/no\/wp-json\/wp\/v2\/media\/302138"}],"wp:attachment":[{"href":"https:\/\/www.europesays.com\/no\/wp-json\/wp\/v2\/media?parent=302137"}],"wp:term":[{"taxonomy":"category","embeddable":true,"href":"https:\/\/www.europesays.com\/no\/wp-json\/wp\/v2\/categories?post=302137"},{"taxonomy":"post_tag","embeddable":true,"href":"https:\/\/www.europesays.com\/no\/wp-json\/wp\/v2\/tags?post=302137"}],"curies":[{"name":"wp","href":"https:\/\/api.w.org\/{rel}","templated":true}]}}