{"id":302268,"date":"2026-07-25T15:40:22","date_gmt":"2026-07-25T15:40:22","guid":{"rendered":"https:\/\/www.europesays.com\/no\/302268\/"},"modified":"2026-07-25T15:40:22","modified_gmt":"2026-07-25T15:40:22","slug":"meteorologisk-institutt-advarer-om-ny-klimatrussel","status":"publish","type":"post","link":"https:\/\/www.europesays.com\/no\/302268\/","title":{"rendered":"Meteorologisk institutt advarer om ny \u00abklimatrussel\u00bb"},"content":{"rendered":"<p><strong>Ekstrem varme gj\u00f8r t\u00f8rken i Europa stadig mer alvorlig \u2013 og Norge er ikke skjermet. Det skriver Meteorologisk institutt med henvisning til en ny internasjonal studie.<\/strong><\/p>\n<p>If\u00f8lge klimaforsker Julia Lutz ved Meteorologisk institutt handler klimaendringene ikke lenger bare om mindre nedb\u00f8r. H\u00f8yere temperaturer gj\u00f8r at jord, elver og innsj\u00f8er t\u00f8rker ut langt raskere enn tidligere.<\/p>\n<p>\u2013 Vi ser n\u00e5 at klimaendringer ikke bare handler om mindre regn om sommeren, men ogs\u00e5 om hvordan h\u00f8yere temperaturer gj\u00f8r at landskapet t\u00f8rker raskere ut. Det som f\u00f8r var en t\u00f8rr sommer, kan n\u00e5 utvikle seg til alvorlig t\u00f8rke, sier Lutz i en pressemelding fra Meteorologisk institutt.<\/p>\n<p>Studien fra World Weather Attribution (WWA) hevder at den \u00f8kte varmen f\u00f8rer til kraftigere fordamping, slik at selv perioder med moderat nedb\u00f8rsmangel kan utvikle seg til alvorlig t\u00f8rke. Forskerne advarer om at dette kan gi store konsekvenser for matproduksjon, skogbrannfare, energiforsyning og transport, samtidig som prisene p\u00e5 mat og energi kan presses opp.<\/p>\n<p>Meteorologisk institutt peker ogs\u00e5 p\u00e5 at Norge ikke er skjermet. De viser blant annet til t\u00f8rkesommeren i 2018, da langvarig varme f\u00f8rte til rekordlav jordfuktighet, avlingssvikt og stor skogbrannfare flere steder i landet.<\/p>\n<p>If\u00f8lge forskerne vil slike hete- og t\u00f8rkeperioder kunne bli om lag dobbelt s\u00e5 vanlige dersom den globale oppvarmingen fortsetter mot rundt 2,8 grader. Meteorologisk institutt understreker at menneskeskapte klimaendringer gj\u00f8r t\u00f8rken mer alvorlig fordi h\u00f8yere temperaturer \u00f8ker fordampingen, og advarer om at utviklingen vil fortsette dersom utslippene ikke reduseres raskt.<\/p>\n","protected":false},"excerpt":{"rendered":"Ekstrem varme gj\u00f8r t\u00f8rken i Europa stadig mer alvorlig \u2013 og Norge er ikke skjermet. Det skriver Meteorologisk&hellip;\n","protected":false},"author":2,"featured_media":302269,"comment_status":"","ping_status":"","sticky":false,"template":"","format":"standard","meta":{"footnotes":"","_share_on_mastodon":"0"},"categories":[12],"tags":[20,21,24,25,15,4351,22,23,1202,13,30,28,29,14,16,26,27,11413,42,43,44,45],"class_list":["post-302268","post","type-post","status-publish","format-standard","has-post-thumbnail","category-verden","tag-breaking-news","tag-breakingnews","tag-featured-news","tag-featurednews","tag-headlines","tag-klimaendringer","tag-latest-news","tag-latestnews","tag-meteorologisk-institutt","tag-news","tag-no","tag-norge","tag-norway","tag-nyheter","tag-overskrifter","tag-top-stories","tag-topstories","tag-torke","tag-verden","tag-world","tag-world-news","tag-worldnews"],"share_on_mastodon":{"url":"https:\/\/pubeurope.com\/@no\/116981375195065185","error":""},"_links":{"self":[{"href":"https:\/\/www.europesays.com\/no\/wp-json\/wp\/v2\/posts\/302268","targetHints":{"allow":["GET"]}}],"collection":[{"href":"https:\/\/www.europesays.com\/no\/wp-json\/wp\/v2\/posts"}],"about":[{"href":"https:\/\/www.europesays.com\/no\/wp-json\/wp\/v2\/types\/post"}],"author":[{"embeddable":true,"href":"https:\/\/www.europesays.com\/no\/wp-json\/wp\/v2\/users\/2"}],"replies":[{"embeddable":true,"href":"https:\/\/www.europesays.com\/no\/wp-json\/wp\/v2\/comments?post=302268"}],"version-history":[{"count":0,"href":"https:\/\/www.europesays.com\/no\/wp-json\/wp\/v2\/posts\/302268\/revisions"}],"wp:featuredmedia":[{"embeddable":true,"href":"https:\/\/www.europesays.com\/no\/wp-json\/wp\/v2\/media\/302269"}],"wp:attachment":[{"href":"https:\/\/www.europesays.com\/no\/wp-json\/wp\/v2\/media?parent=302268"}],"wp:term":[{"taxonomy":"category","embeddable":true,"href":"https:\/\/www.europesays.com\/no\/wp-json\/wp\/v2\/categories?post=302268"},{"taxonomy":"post_tag","embeddable":true,"href":"https:\/\/www.europesays.com\/no\/wp-json\/wp\/v2\/tags?post=302268"}],"curies":[{"name":"wp","href":"https:\/\/api.w.org\/{rel}","templated":true}]}}