{"id":302278,"date":"2026-07-25T16:05:14","date_gmt":"2026-07-25T16:05:14","guid":{"rendered":"https:\/\/www.europesays.com\/no\/302278\/"},"modified":"2026-07-25T16:05:14","modified_gmt":"2026-07-25T16:05:14","slug":"resultatloft-for-tone-damli-fant-mye-kraft-og-styrke-i-arbeid-e24","status":"publish","type":"post","link":"https:\/\/www.europesays.com\/no\/302278\/","title":{"rendered":"Resultatl\u00f8ft for Tone Damli: \u2013 Fant mye kraft og styrke i arbeid \u2013 E24"},"content":{"rendered":"\n<p class=\"_textTheme_1yhmn_1 _lead_16k26_2 _lead_3ue4t_18 layout-component layout-wide layout-padded _lead_o6m9k_5 body-large _wide_o6m9k_9\">Til tross for et tungt \u00e5r privat, oppn\u00e5dde artisten sitt beste \u00f8konomiske resultat noensinne i 2025.<\/p>\n<p><img alt=\"Tone Damli tok ut millionutbytte etter et rekord\u00e5r inntektsmessig.\" class=\"_image_1jxax_84 layout-component layout-wide\" data-fullscreen- data-track-element-type=\"Article image fullscreen\" data-track-name=\"ImageFullscreen\" fetchpriority=\"high\" decoding=\"sync\" loading=\"eager\" height=\"4996\" itemprop=\"image\"  src=\"https:\/\/www.europesays.com\/no\/wp-content\/uploads\/2026\/07\/e6666f36-7bd9-3ecf-a2e6-0ec9c7b1a423.jpeg\"  style=\"object-position:0% 0%\" width=\"7490\"\/>Tone Damli p\u00e5 MGP i 2025.  Foto: Jonas Been Henriksen \/ NTBVis mer         <\/p>\n<p>Oppsummeringen er laget med kunstig intelligens og kvalitetssikret av E24s journalister.<\/p>\n<ul class=\"_list_16k26_3 _list_tj395_103 _unordered_16k26_103 _textTheme_1yhmn_1 body-small\">\n<li class=\"_item_16k26_63\">Tone Damli satte ny inntektsrekord med 3,2 millioner kroner i 2025, og tok ut et utbytte p\u00e5 1,35 millioner.<\/li>\n<li class=\"_item_16k26_63\">Overskuddet \u00f8kte kraftig, men jubileumsturneen ble utsatt etter et tungt \u00e5r privat.<\/li>\n<li class=\"_item_16k26_63\">Damli forteller at arbeidslivet ga henne styrke i en vanskelig tid.<\/li>\n<\/ul>\n<p>Vis mer  <\/p>\n<p class=\"_textTheme_1yhmn_1 _paragraph_16k26_4 _paragraph_3ue4t_27 layout-component layout-normal layout-padded body-medium\">I 2025 kunne artisten og TV-personligheten Tone Damli markere 20 \u00e5r siden gjennombruddet p\u00e5 Idol. Sangkonkurransen sendte henne inn i norsk offentlighet og la grunnlag for en lang karriere, som artist, programleder og profil. <\/p>\n<p class=\"_textTheme_1yhmn_1 _paragraph_16k26_4 _paragraph_3ue4t_27 layout-component layout-normal layout-padded body-medium\"><strong class=\"_strong_16k26_20\">I 2025 satt selskapet til Tone Damli igjen med et overskudd p\u00e5 1,6 millioner kroner. <\/strong><\/p>\n<p class=\"_textTheme_1yhmn_1 _paragraph_16k26_4 _paragraph_3ue4t_27 layout-component layout-normal layout-padded body-medium\">Jubileums\u00e5ret ble imidlertid ogs\u00e5 preget av en tung privat hendelse. I april 2025 mistet Damli s\u00f8steren sin, Tale, som valgte \u00e5 ta sitt eget liv. Familien har v\u00e6rt \u00e5pne om d\u00f8ds\u00e5rsaken.<\/p>\n<p> <a class=\"_link_12q07_20\" data-track-id=\"teaser:M7d3qM\" data-track-impression=\"true\" data-track-name=\"Slik finner Robert N\u00e6ss vinneraksjene\" data-track-element-size=\"small\" data-track-element-type=\"Teaser\" data-track-image-url=\"https:\/\/www.europesays.com\/no\/wp-content\/uploads\/2026\/07\/1784995513_896_17c3b4d1-2749-3df8-86e4-da749f9207c5.jpeg\" data-track-layout-name=\"image:right\" data-track-position-source=\"related-article\" href=\"https:\/\/e24.no\/boers-og-finans\/i\/M7d3qM\/slik-finner-robert-naess-vinneraksjene\" rel=\"nofollow noopener\" target=\"_blank\"><img decoding=\"async\" alt=\"\" class=\"_image_12q07_77\" height=\"5464\" loading=\"lazy\"  src=\"https:\/\/www.europesays.com\/no\/wp-content\/uploads\/2026\/07\/1784995513_896_17c3b4d1-2749-3df8-86e4-da749f9207c5.jpeg\"  width=\"8192\"\/><\/p>\n<p class=\"label-small _kicker_12q07_98\">Les ogs\u00e5<\/p>\n<p>Slik finner Robert N\u00e6ss vinneraksjene<\/a> <\/p>\n<p class=\"_textTheme_1yhmn_1 _paragraph_16k26_4 _paragraph_3ue4t_27 layout-component layout-normal layout-padded body-medium\">\u2013 Hele familien \u00f8nsket \u00e6rlighet rundt Tales d\u00f8ds\u00e5rsak. Vi ville unng\u00e5 hvisking og tisking og spekulasjoner rundt bortgangen. Og at vi skulle slippe \u00e5 fortelle dem vi m\u00f8tte p\u00e5 butikken og andre steder hva som hadde skjedd, har Damli tidligere uttalt til<a href=\"https:\/\/www.aftenposten.no\/amagasinet\/i\/zAd17O\/tone-damli-i-stort-intervju-om-den-knallharde-sorgen\" class=\"_link_16k26_32\" rel=\"nofollow noopener\" target=\"_blank\"> A-magasinet<\/a>.<\/p>\n<p class=\"_textTheme_1yhmn_1 _paragraph_16k26_4 _paragraph_3ue4t_27 layout-component layout-normal layout-padded body-medium\">Til tross for det tunge \u00e5ret privat, jobbet Damli hardt gjennom 2025, og kan n\u00e5 se tilbake p\u00e5 et rekord\u00e5r \u00f8konomisk.<\/p>\n<p class=\"_textTheme_1yhmn_1 _paragraph_16k26_4 _paragraph_3ue4t_27 layout-component layout-normal layout-padded body-medium\"><strong class=\"_strong_16k26_20\">\u2013 Jeg fant mye kraft og styrke i arbeid. I mitt yrke vil det alltid svinge \u00f8konomisk, skriver hun til E24.<\/strong><\/p>\n<p> Rekordoverskudd  <\/p>\n<p class=\"_textTheme_1yhmn_1 _paragraph_16k26_4 _paragraph_3ue4t_27 layout-component layout-normal layout-padded body-medium\">Det ferske \u00e5rsregnskapet fra Tone Damli AS viser at Butterflies-sangerens selskap hadde en inntekt p\u00e5 3,2 millioner kroner i 2025, sammenlignet med 2,8 millioner \u00e5ret f\u00f8r.<\/p>\n<p class=\"_textTheme_1yhmn_1 _paragraph_16k26_4 _paragraph_3ue4t_27 layout-component layout-normal layout-padded body-medium\">Driftsresultatet endte p\u00e5 1,97 millioner kroner.<\/p>\n<p> <img alt=\"Tone Damli var \u00abGladfisken\u00bb p\u00e5 Maskorama i 2024, og ble senere dommer p\u00e5 programmet \u00e5ret etter.\" class=\"_image_1jxax_84 layout-component layout-normal\" data-fullscreen- data-track-element-type=\"Article image fullscreen\" data-track-name=\"ImageFullscreen\" decoding=\"async\" loading=\"lazy\" height=\"3439\" itemprop=\"image\"  src=\"https:\/\/www.europesays.com\/no\/wp-content\/uploads\/2026\/07\/01f7a676-0922-3eb3-bbf9-56411700a100.jpeg\"  style=\"object-position:0% 0%\" width=\"5158\"\/>Tone Damli var \u00abGladfisken\u00bb p\u00e5 Maskorama i 2024, og ble senere dommer p\u00e5 programmet \u00e5ret etter. Foto: Jonas Been Henriksen \/ NTBVis mer <\/p>\n<p class=\"_textTheme_1yhmn_1 _paragraph_16k26_4 _paragraph_3ue4t_27 layout-component layout-normal layout-padded body-medium\">Etter skatt satt selskapet igjen med et 600.000 kroner st\u00f8rre overskudd enn \u00e5ret tidligere. <\/p>\n<p class=\"_textTheme_1yhmn_1 _paragraph_16k26_4 _paragraph_3ue4t_27 layout-component layout-normal layout-padded body-medium\"><strong class=\"_strong_16k26_20\">Artisten, som ofte er et fast inventar i programmet \u00abAlle elsker David\u00bb, har aldri hatt et s\u00e5 stort overskudd med selskapet sitt tidligere.<\/strong><\/p>\n<p class=\"_textTheme_1yhmn_1 _paragraph_16k26_4 _paragraph_3ue4t_27 layout-component layout-normal layout-padded body-medium\">Ved utgangen av \u00e5ret var egenkapitalen p\u00e5 5,54 millioner kroner, opp fra 5,26 millioner kroner ved utgangen av 2024. Selskapet har registrert ett \u00e5rsverk og hadde l\u00f8nnskostnader p\u00e5 litt over \u00e9n million kroner.<\/p>\n<p> Tar ut millionutbytte <\/p>\n<p class=\"_textTheme_1yhmn_1 _paragraph_16k26_4 _paragraph_3ue4t_27 layout-component layout-normal layout-padded body-medium\"><strong class=\"_strong_16k26_20\">Damli, som tidligere har deltatt p\u00e5 \u00abKompani Lauritzen\u00bb og \u00abSkal vi danse\u00bb, tok ut 1,35 millioner kroner i tilleggsutbytte i 2025. Det er litt over 300.000 kroner mer enn det som ble tatt ut \u00e5ret f\u00f8r.<\/strong><\/p>\n<p class=\"_textTheme_1yhmn_1 _paragraph_16k26_4 _paragraph_3ue4t_27 layout-component layout-normal layout-padded body-medium\">Den resterende delen av overskuddet ble satt tilbake i selskapet.<\/p>\n<p> <img alt=\"Tone Damli da hun var med p\u00e5 Idol i 2005.\" class=\"_image_1jxax_84 layout-component layout-normal\" data-fullscreen- data-track-element-type=\"Article image fullscreen\" data-track-name=\"ImageFullscreen\" decoding=\"async\" loading=\"lazy\" height=\"2070\" itemprop=\"image\"  src=\"https:\/\/www.europesays.com\/no\/wp-content\/uploads\/2026\/07\/dd7f2925-52f4-3ae5-829a-142e51a324a9.jpeg\"  style=\"object-position:0% 0%\" width=\"2658\"\/>Tone Damli da hun var med p\u00e5 Idol i 2005. Foto: Bj\u00f8rn Sigurds\u00f8n \/ NTBVis mer  M\u00e5tte utsette turneen  <\/p>\n<p class=\"_textTheme_1yhmn_1 _paragraph_16k26_4 _paragraph_3ue4t_27 layout-component layout-normal layout-padded body-medium\">For \u00e5 feire 20-\u00e5rsjubileet arrangerte Damli en jubileumskonsert p\u00e5 Chat Noir i slutten av 2025. Den planlagte jubileumsturneen ble imidlertid utsatt til 2026 som f\u00f8lge av tapet i familien.<\/p>\n<p class=\"_textTheme_1yhmn_1 _paragraph_16k26_4 _paragraph_3ue4t_27 layout-component layout-normal layout-padded body-medium\">Damli var ogs\u00e5 \u00e5 se tilbake p\u00e5 Melodi Grand Prix. Hun har v\u00e6rt med to ganger tidligere. F\u00f8rste gangen hun deltok kom hun p\u00e5 en annenplass etter Alexander Rybak.  <\/p>\n<p class=\"_textTheme_1yhmn_1 _paragraph_16k26_4 _paragraph_3ue4t_27 layout-component layout-normal layout-padded body-medium\">I 2025 kom Damli p\u00e5 en femteplass med sangen \u00abLast Song\u00bb. <\/p>\n","protected":false},"excerpt":{"rendered":"Til tross for et tungt \u00e5r privat, oppn\u00e5dde artisten sitt beste \u00f8konomiske resultat noensinne i 2025. Tone Damli&hellip;\n","protected":false},"author":2,"featured_media":302279,"comment_status":"","ping_status":"","sticky":false,"template":"","format":"standard","meta":{"footnotes":"","_share_on_mastodon":"0"},"categories":[5],"tags":[2694,20,21,24,25,15,19,19666,22,23,17,18,13,30,28,29,14,16,26,27],"class_list":["post-302278","post","type-post","status-publish","format-standard","has-post-thumbnail","category-overskrifter","tag-artist","tag-breaking-news","tag-breakingnews","tag-featured-news","tag-featurednews","tag-headlines","tag-hovedoppslag","tag-idol","tag-latest-news","tag-latestnews","tag-main-news","tag-mainnews","tag-news","tag-no","tag-norge","tag-norway","tag-nyheter","tag-overskrifter","tag-top-stories","tag-topstories"],"share_on_mastodon":{"url":"https:\/\/pubeurope.com\/@no\/116981473853996451","error":""},"_links":{"self":[{"href":"https:\/\/www.europesays.com\/no\/wp-json\/wp\/v2\/posts\/302278","targetHints":{"allow":["GET"]}}],"collection":[{"href":"https:\/\/www.europesays.com\/no\/wp-json\/wp\/v2\/posts"}],"about":[{"href":"https:\/\/www.europesays.com\/no\/wp-json\/wp\/v2\/types\/post"}],"author":[{"embeddable":true,"href":"https:\/\/www.europesays.com\/no\/wp-json\/wp\/v2\/users\/2"}],"replies":[{"embeddable":true,"href":"https:\/\/www.europesays.com\/no\/wp-json\/wp\/v2\/comments?post=302278"}],"version-history":[{"count":0,"href":"https:\/\/www.europesays.com\/no\/wp-json\/wp\/v2\/posts\/302278\/revisions"}],"wp:featuredmedia":[{"embeddable":true,"href":"https:\/\/www.europesays.com\/no\/wp-json\/wp\/v2\/media\/302279"}],"wp:attachment":[{"href":"https:\/\/www.europesays.com\/no\/wp-json\/wp\/v2\/media?parent=302278"}],"wp:term":[{"taxonomy":"category","embeddable":true,"href":"https:\/\/www.europesays.com\/no\/wp-json\/wp\/v2\/categories?post=302278"},{"taxonomy":"post_tag","embeddable":true,"href":"https:\/\/www.europesays.com\/no\/wp-json\/wp\/v2\/tags?post=302278"}],"curies":[{"name":"wp","href":"https:\/\/api.w.org\/{rel}","templated":true}]}}