{"id":30238,"date":"2025-09-08T23:53:07","date_gmt":"2025-09-08T23:53:07","guid":{"rendered":"https:\/\/www.europesays.com\/no\/30238\/"},"modified":"2025-09-08T23:53:07","modified_gmt":"2025-09-08T23:53:07","slug":"playstation-6-ryktes-a-ta-i-bruk-permanent-modulaer-design","status":"publish","type":"post","link":"https:\/\/www.europesays.com\/no\/30238\/","title":{"rendered":"Playstation 6 ryktes \u00e5 ta i bruk permanent modul\u00e6r design &#8211;"},"content":{"rendered":"<p>If\u00f8lge ferske <a href=\"https:\/\/insider-gaming.com\/exclusive-playstation-6-is-planned-to-have-a-detachable-disc-drive-on-launch\/\" target=\"_blank\" rel=\"nofollow noopener\">rapporter<\/a> fra Insider Gaming planlegger Sony \u00e5 lansere sin neste generasjons Playstation med en avtakbar diskstasjon. Den modul\u00e6re modellen skal n\u00e5 bli en permanent del av selskapets langsiktige strategi, og if\u00f8lge flere anonyme kilder ser Sony p\u00e5 l\u00f8sningen som et vinnende kompromiss. Kundene vil ganske enkelt kunne velge om de vil investere i en heldigital underholdningsmaskin, kj\u00f8pe en pakke med en diskettstasjon inkludert, eller oppgradere senere hvis de \u00f8nsker det.<\/p>\n<p>En kilde hevder at beslutningen er &laquo;l\u00e5st&raquo; internt, ettersom den avtakbare diskettstasjonen til Playstation 5 ikke bare innfridde, men overgikk Sonys salgsforventninger. Hovedbegrunnelsen bak dette trekket er de &laquo;usikre tidene&raquo; som bransjen st\u00e5r overfor, med handelskriger og tollsatser som p\u00e5virker globale forsyningskjeder. Dette betyr at Playstation 6 forventes \u00e5 bli enklere n\u00e5r det gjelder design og mer fokusert p\u00e5 \u00e5 kutte fraktkostnader.<\/p>\n<p>Samtidig ryktes det at Sony forbereder nok en revisjon av Playstation 5 Slim, med mindre lagringsplass. Konsollen sies ogs\u00e5 \u00e5 veie mindre enn forgjengeren, noe som ytterligere understreker Sonys ambisjon om \u00e5 spare penger p\u00e5 alle mulige detaljer.<\/p>\n<p>S\u00e5, foretrekker du Playstation med eller uten diskettstasjon?<\/p>\n<p><img loading=\"lazy\" decoding=\"async\" id=\"img-1858623-3483653\" data-fullsize=\"\/media\/36\/_3483653b.jpg\" data-lazy=\"\" src=\"https:\/\/www.gamereactor.nohttps:\/\/www.gamereactor.no\/media\/36\/_3483653_650x.jpg\" width=\"650\" onclick=\"if (!window.__cfRLUnblockHandlers) return false; gallery_openmodal('1858623','3483653',false,'cadc00bf738b6e71ea1b481736554a25');\" height=\"600\" alt=\"Playstation 6 ryktes \u00e5 ta i bruk permanent modul\u00e6r design\" class=\"rwd_col_content lazy\" data-cf-modified-add6beb56cea62d6fd2531d3-=\"\"\/><\/p>\n","protected":false},"excerpt":{"rendered":"If\u00f8lge ferske rapporter fra Insider Gaming planlegger Sony \u00e5 lansere sin neste generasjons Playstation med en avtakbar diskstasjon.&hellip;\n","protected":false},"author":2,"featured_media":20888,"comment_status":"","ping_status":"","sticky":false,"template":"","format":"standard","meta":{"footnotes":""},"categories":[57],"tags":[30,28,29,65,63,64,66,70,69,67,68],"class_list":{"0":"post-30238","1":"post","2":"type-post","3":"status-publish","4":"format-standard","5":"has-post-thumbnail","7":"category-vitenskap-og-teknologi","8":"tag-no","9":"tag-norge","10":"tag-norway","11":"tag-science","12":"tag-science-and-technology","13":"tag-scienceandtechnology","14":"tag-technology","15":"tag-teknologi","16":"tag-vitenskap","17":"tag-vitenskap-og-teknologi","18":"tag-vitenskapteknologi"},"share_on_mastodon":{"url":"","error":""},"_links":{"self":[{"href":"https:\/\/www.europesays.com\/no\/wp-json\/wp\/v2\/posts\/30238","targetHints":{"allow":["GET"]}}],"collection":[{"href":"https:\/\/www.europesays.com\/no\/wp-json\/wp\/v2\/posts"}],"about":[{"href":"https:\/\/www.europesays.com\/no\/wp-json\/wp\/v2\/types\/post"}],"author":[{"embeddable":true,"href":"https:\/\/www.europesays.com\/no\/wp-json\/wp\/v2\/users\/2"}],"replies":[{"embeddable":true,"href":"https:\/\/www.europesays.com\/no\/wp-json\/wp\/v2\/comments?post=30238"}],"version-history":[{"count":0,"href":"https:\/\/www.europesays.com\/no\/wp-json\/wp\/v2\/posts\/30238\/revisions"}],"wp:featuredmedia":[{"embeddable":true,"href":"https:\/\/www.europesays.com\/no\/wp-json\/wp\/v2\/media\/20888"}],"wp:attachment":[{"href":"https:\/\/www.europesays.com\/no\/wp-json\/wp\/v2\/media?parent=30238"}],"wp:term":[{"taxonomy":"category","embeddable":true,"href":"https:\/\/www.europesays.com\/no\/wp-json\/wp\/v2\/categories?post=30238"},{"taxonomy":"post_tag","embeddable":true,"href":"https:\/\/www.europesays.com\/no\/wp-json\/wp\/v2\/tags?post=30238"}],"curies":[{"name":"wp","href":"https:\/\/api.w.org\/{rel}","templated":true}]}}