{"id":30257,"date":"2025-09-09T00:34:56","date_gmt":"2025-09-09T00:34:56","guid":{"rendered":"https:\/\/www.europesays.com\/no\/30257\/"},"modified":"2025-09-09T00:34:56","modified_gmt":"2025-09-09T00:34:56","slug":"russiske-droner-angrep-odesa-vi-overlevde","status":"publish","type":"post","link":"https:\/\/www.europesays.com\/no\/30257\/","title":{"rendered":"Russiske droner angrep Odesa: \u2013 Vi overlevde"},"content":{"rendered":"\n<p class=\"_lead_ew2ao_2 _lead_xtcu6_50 layout-component text-serif-m layout-normal text-serif-l layout-component layout-wide layout-padded _wide_17hqh_1 layout-padded\">Den russiske dronen fl\u00f8y rett inn i rommet til 14 \u00e5r gamle Kyrylo og eksploderte i Odesa, Ukraina.<\/p>\n<p> <img class=\"_image_qp4xg_65 layout-component layout-wide\" data-fullscreen- data-track-element-type=\"Article image fullscreen\" data-track-name=\"ImageFullscreen\" fetchpriority=\"high\" decoding=\"sync\" loading=\"eager\" height=\"181\" itemprop=\"image\"  src=\"https:\/\/www.europesays.com\/no\/wp-content\/uploads\/2025\/09\/c22b91a0346ca69d6c4163e3724f176e.jpg\"  style=\"object-position:50% 50%;aspect-ratio:1.75;height:auto;object-fit:cover;width:100%\" width=\"102\"\/>  <\/p>\n<ul aria-hidden=\"true\" class=\"_images_1y6fe_106\">\n<li><a class=\"_link_1y6fe_111\" href=\"https:\/\/www.vg.no\/forfatter\/espen-rasmussen-2\" style=\"z-index:1\" title=\"Espen Rasmussen\" rel=\"nofollow noopener\" target=\"_blank\"><img alt=\"Bilde av Espen Rasmussen\" class=\"_image_1y6fe_88\" fetchpriority=\"low\" loading=\"lazy\" decoding=\"async\" itemprop=\"image\"  src=\"https:\/\/www.europesays.com\/no\/wp-content\/uploads\/2025\/09\/1757378094_719_9e07ea87-bca1-4760-986f-5788e43af739\"  width=\"480\"\/><\/a><\/li>\n<\/ul>\n<p>Rapporterer fra Odesa, Ukraina Oppdatert s\u00f8ndag 7. september kl. 12:23    <\/p>\n<ul class=\"_list_ew2ao_3 _list_64s2r_85 _unordered_ew2ao_99 text-sans-m\">\n<li class=\"_item_ew2ao_30\">En russisk drone eksploderte i 14 \u00e5r gamle Kyryllos rom i Odesa, Ukraina.<\/li>\n<li class=\"_item_ew2ao_30\">Angrepet rammet flere steder i Odesa, og Statsministerens kontor i Kyiv ble ogs\u00e5 truffet.<\/li>\n<li class=\"_item_ew2ao_30\">Det var et rekordstort angrep, med flere d\u00f8dsfall, inkludert en mor og hennes spedbarn.<\/li>\n<\/ul>\n<p>Vis mer <\/p>\n<p class=\"_paragraph_ew2ao_4 _paragraph_xtcu6_10 layout-component text-serif-m layout-normal text-serif-m layout-padded\">I <a href=\"https:\/\/www.vg.no\/i\/gwb6lq\" data-track-element-type=\"Link\" data-track-id=\"link:gwb6lq\" class=\"_link_ew2ao_39\" rel=\"nofollow noopener\" target=\"_blank\">nattens store angrep<\/a> ble ogs\u00e5 den s\u00f8rlige byen Odesa, hvor VG n\u00e5 befinner seg, hardt rammet.<\/p>\n<p class=\"_paragraph_ew2ao_4 _paragraph_xtcu6_10 layout-component text-serif-m layout-normal text-serif-m layout-padded\">For det har v\u00e6rt et rekordstort angrep mot <a href=\"https:\/\/www.vg.no\/tag\/ukraina?utm_source=vg-article&amp;utm_medium=auto-tagger&amp;utm_campaign=AveLen\" class=\"_link_ew2ao_39\" rel=\"nofollow noopener\" target=\"_blank\">Ukraina<\/a> i natt, der Russland bombet Statsministerens kontor i Kyiv. Over 800 droner ble brukt mot Ukraina i natt. <\/p>\n<p class=\"_paragraph_ew2ao_4 _paragraph_xtcu6_10 layout-component text-serif-m layout-normal text-serif-m layout-padded\">Og i Odesa kunne det h\u00f8res en rekke eksplosjoner h\u00f8rtes over byen fra klokken fire i natt. Angrepet i natt varte i over time, og flere boligomr\u00e5der i sentrale deler av byen ble truffet.<\/p>\n<p class=\"_paragraph_ew2ao_4 _paragraph_xtcu6_10 layout-component text-serif-m layout-normal text-serif-m layout-padded\">43 \u00e5r gamle Alla og hennes s\u00f8nn Kyrylo var blant de som ble rammet i natt.<\/p>\n<p><img alt=\"Foto: Espen Rasmussen\" class=\"_image_qp4xg_65 layout-component layout-normal\" data-fullscreen- data-track-element-type=\"Article image fullscreen\" data-track-name=\"ImageFullscreen\" decoding=\"async\" loading=\"lazy\" height=\"5558\" itemprop=\"image\"  src=\"https:\/\/www.europesays.com\/no\/wp-content\/uploads\/2025\/09\/f6985145-37ab-415c-8252-7b5d12c5b5c3\"  style=\"object-position:0% 0%\" width=\"7410\"\/>Foto: Espen Rasmussen<\/p>\n<p class=\"_paragraph_ew2ao_4 _paragraph_xtcu6_10 layout-component text-serif-m layout-normal text-serif-m layout-padded\">\u2013 Vanligvis vil ikke s\u00f8nnen min g\u00e5 i kjelleren n\u00e5r flyalarmen g\u00e5r. Men i natt klarte jeg \u00e5 f\u00e5 ham med meg. Heldigvis, ellers ville vi ikke v\u00e6rt her n\u00e5, sier Alla til VG mens hun sitter i ruinene av barnerommet. <\/p>\n<p class=\"_paragraph_ew2ao_4 _paragraph_xtcu6_10 layout-component text-serif-m layout-normal text-serif-m layout-padded\">De har ikke bomberom i blokken, men beboerne gikk i kjelleren da alarmen gikk over hele Odesa i natt.<\/p>\n<p class=\"_paragraph_ew2ao_4 _paragraph_xtcu6_10 layout-component text-serif-m layout-normal text-serif-m layout-padded\">Et stort hull i veggen p\u00e5 blokken der de bor vitner om kraften bak angrepet. Den russiske Shahed-dronen gikk gjennom den tykke murveggen og leiligheten ble totalskadet.<\/p>\n<p><img alt=\"Foto: Espen Rasmussen\" class=\"_image_qp4xg_65 layout-component layout-normal\" data-fullscreen- data-track-element-type=\"Article image fullscreen\" data-track-name=\"ImageFullscreen\" decoding=\"async\" loading=\"lazy\" height=\"4984\" itemprop=\"image\"  src=\"https:\/\/www.europesays.com\/no\/wp-content\/uploads\/2025\/09\/4e0bcdab-3b89-4822-a202-34c75ac7cbe3\"  style=\"object-position:0% 0%\" width=\"6645\"\/>Foto: Espen Rasmussen<\/p>\n<p class=\"_paragraph_ew2ao_4 _paragraph_xtcu6_10 layout-component text-serif-m layout-normal text-serif-m layout-padded\">I morgentimene i dag p\u00e5gikk oppryddingsarbeidet i omr\u00e5det som ble rammet i sentrum av Odesa.<\/p>\n<p class=\"_paragraph_ew2ao_4 _paragraph_xtcu6_10 layout-component text-serif-m layout-normal text-serif-m layout-padded\">\u2013 Motoren til dronen l\u00e5 igjen her i rommet til s\u00f8nnen min. Politiet tok den med seg for en time siden, forteller Alla. <\/p>\n<p class=\"_paragraph_ew2ao_4 _paragraph_xtcu6_10 layout-component text-serif-m layout-normal text-serif-m layout-padded\">Telefonen hennes ringer i ett. Hun forklarer de som ringer at hun og s\u00f8nnen klarte seg. N\u00e5 venter hun p\u00e5 \u00e5 kunne redde det lille som ikke er skadet av angrepet.<\/p>\n<p class=\"_paragraph_ew2ao_4 _paragraph_xtcu6_10 layout-component text-serif-m layout-normal text-serif-m layout-padded\">\u2013 Jeg m\u00e5 pr\u00f8ve \u00e5 f\u00e5 med meg noen ting. Men som du ser, alt er skadet. Det begynte \u00e5 brenne etter angrepet, sier hun. <\/p>\n<p><img alt=\"Foto: Espen Rasmussen\" class=\"_image_qp4xg_65 layout-component layout-normal\" data-fullscreen- data-track-element-type=\"Article image fullscreen\" data-track-name=\"ImageFullscreen\" decoding=\"async\" loading=\"lazy\" height=\"5284\" itemprop=\"image\"  src=\"https:\/\/www.europesays.com\/no\/wp-content\/uploads\/2025\/09\/ad29cf4f-6e91-48be-b723-5c9c260cdbf4\"  style=\"object-position:0% 0%\" width=\"7046\"\/>Foto: Espen Rasmussen<\/p>\n<p class=\"_paragraph_ew2ao_4 _paragraph_xtcu6_10 layout-component text-serif-m layout-normal text-serif-m layout-padded\">Det rekordstore angrepet mot Ukraina i natt rammet ogs\u00e5 Statsministerens kontor i Kyiv. I angrepet ble ogs\u00e5 en mor og spedbarn drept. <\/p>\n<p class=\"_paragraph_ew2ao_4 _paragraph_xtcu6_10 layout-component text-serif-m layout-normal text-serif-m layout-padded\">Angrepet vekker nok en gang reaksjoner fra landets ledere. <\/p>\n<p class=\"_paragraph_ew2ao_4 _paragraph_xtcu6_10 layout-component text-serif-m layout-normal text-serif-m layout-padded\">\u2013 Russland angriper bevisst sivile m\u00e5l, sa Timur Tkatsjenko, leder for hovedstadens milit\u00e6radministrasjon, p\u00e5 Telegram.<\/p>\n<p class=\"_paragraph_ew2ao_4 _paragraph_xtcu6_10 layout-component text-serif-m layout-normal text-serif-m layout-padded\">Anton Kudinov bidro i felt til denne reportasjen<\/p>\n<p>Les ogs\u00e5<\/p>\n","protected":false},"excerpt":{"rendered":"Den russiske dronen fl\u00f8y rett inn i rommet til 14 \u00e5r gamle Kyrylo og eksploderte i Odesa, Ukraina.&hellip;\n","protected":false},"author":2,"featured_media":30258,"comment_status":"","ping_status":"","sticky":false,"template":"","format":"standard","meta":{"footnotes":""},"categories":[5],"tags":[20,21,1014,24,25,15,19,179,22,23,17,18,13,30,28,29,14,16,188,26,27,489,412],"class_list":{"0":"post-30257","1":"post","2":"type-post","3":"status-publish","4":"format-standard","5":"has-post-thumbnail","7":"category-overskrifter","8":"tag-breaking-news","9":"tag-breakingnews","10":"tag-droner","11":"tag-featured-news","12":"tag-featurednews","13":"tag-headlines","14":"tag-hovedoppslag","15":"tag-krigen-i-ukraina","16":"tag-latest-news","17":"tag-latestnews","18":"tag-main-news","19":"tag-mainnews","20":"tag-news","21":"tag-no","22":"tag-norge","23":"tag-norway","24":"tag-nyheter","25":"tag-overskrifter","26":"tag-russland","27":"tag-top-stories","28":"tag-topstories","29":"tag-ukraina","30":"tag-utenriks"},"share_on_mastodon":{"url":"","error":""},"_links":{"self":[{"href":"https:\/\/www.europesays.com\/no\/wp-json\/wp\/v2\/posts\/30257","targetHints":{"allow":["GET"]}}],"collection":[{"href":"https:\/\/www.europesays.com\/no\/wp-json\/wp\/v2\/posts"}],"about":[{"href":"https:\/\/www.europesays.com\/no\/wp-json\/wp\/v2\/types\/post"}],"author":[{"embeddable":true,"href":"https:\/\/www.europesays.com\/no\/wp-json\/wp\/v2\/users\/2"}],"replies":[{"embeddable":true,"href":"https:\/\/www.europesays.com\/no\/wp-json\/wp\/v2\/comments?post=30257"}],"version-history":[{"count":0,"href":"https:\/\/www.europesays.com\/no\/wp-json\/wp\/v2\/posts\/30257\/revisions"}],"wp:featuredmedia":[{"embeddable":true,"href":"https:\/\/www.europesays.com\/no\/wp-json\/wp\/v2\/media\/30258"}],"wp:attachment":[{"href":"https:\/\/www.europesays.com\/no\/wp-json\/wp\/v2\/media?parent=30257"}],"wp:term":[{"taxonomy":"category","embeddable":true,"href":"https:\/\/www.europesays.com\/no\/wp-json\/wp\/v2\/categories?post=30257"},{"taxonomy":"post_tag","embeddable":true,"href":"https:\/\/www.europesays.com\/no\/wp-json\/wp\/v2\/tags?post=30257"}],"curies":[{"name":"wp","href":"https:\/\/api.w.org\/{rel}","templated":true}]}}