{"id":30272,"date":"2025-09-09T01:36:18","date_gmt":"2025-09-09T01:36:18","guid":{"rendered":"https:\/\/www.europesays.com\/no\/30272\/"},"modified":"2025-09-09T01:36:18","modified_gmt":"2025-09-09T01:36:18","slug":"leder-stortingsvalget-2025-valg-er-ikke-underholdning","status":"publish","type":"post","link":"https:\/\/www.europesays.com\/no\/30272\/","title":{"rendered":"Leder, Stortingsvalget 2025 | Valg er ikke underholdning"},"content":{"rendered":"\n<p>B\u00e5de media og politikere m\u00e5 ta ansvar for at det ble slik.<\/p>\n<p>Politikk kan gjerne b\u00e5de engasjere og underholde. Debatter kan ha h\u00f8y tempo, og h\u00f8y temperatur.<\/p>\n<p><b>Men n\u00e5r valgkampen domineres av taktikkeri, manipulasjon og spekulasjoner om statsministerposisjoner, skaper det et uheldig politisk klima.<\/b><\/p>\n<p>I et slikt klima \u00f8ker mistilliten til politikken og politikerne. Men ogs\u00e5 til de redakt\u00f8rstyrte mediene.<\/p>\n<p>  <a href=\"https:\/\/www.nordnorskdebatt.no\/5-124-386978\" class=\"related-teaser has-image default-opinion-teaser article--c-eRUmMG article--c-eRUmMG-jKCPdD-design-default\" rel=\"nofollow noopener\" target=\"_blank\"><\/p>\n<p>    <img decoding=\"async\" loading=\"lazy\"  src=\"https:\/\/www.europesays.com\/no\/wp-content\/uploads\/2025\/09\/debatt+front.jpg\" alt=\"\" class=\"brick-c-cFOWSL\" style=\"\"\/><\/p>\n<p>\n            Les ogs\u00e5<\/p>\n<p>              En thriller til siste stemme\u00a0\n        <\/p>\n<p>  <\/a><\/p>\n<p><b>Alle redakt\u00f8rstyrte medier m\u00e5 evaluere om de har v\u00e6rt med p\u00e5 \u00e5 sette dagsordenen, eller om de diltet etter de politiske strategene i partiene.<\/b><\/p>\n<p>I \u00e5r kan man i tillegg sp\u00f8rre seg om man ukritisk har halset etter trender og p\u00e5virkningskampanjer i sosiale medier?<\/p>\n<p>Dette er et landskap som blir stadig vanskeligere \u00e5 orientere seg, ogs\u00e5 for redakt\u00f8rstyrte medier.<\/p>\n<p>Men vi har en fordel i Norge: Lokale og regionale medier l\u00f8fter de sakene som er viktige for folk flest, der de bor. De har snakket med vanlige folk i Kirkenes, p\u00e5 Finnsnes, Steinkjer, Stord og Drammen.<\/p>\n<p>Den store regionale dekninga er den st\u00f8rste styrken i det norske demokratiet.<\/p>\n<p>Disse sakene m\u00e5 komme p\u00e5 nasjonal dagsorden. I Nordlys har vi fors\u00f8kt \u00e5 gj\u00f8re dette med \u00e5 sette s\u00f8kelys p\u00e5 boligpolitikk, kommune\u00f8konomi, samferdsel og forsvar.<\/p>\n<p>  <a href=\"https:\/\/www.nordnorskdebatt.no\/5-124-385979\" class=\"related-teaser has-image default-opinion-teaser article--c-eRUmMG article--c-eRUmMG-jKCPdD-design-default\" rel=\"nofollow noopener\" target=\"_blank\"><\/p>\n<p>    <img decoding=\"async\" loading=\"lazy\"  src=\"https:\/\/www.europesays.com\/no\/wp-content\/uploads\/2025\/09\/f2bbb397-27b6-4ae6-ae28-24b4a76174db.bin\" alt=\"\" class=\"brick-c-cFOWSL\" style=\"\"\/><\/p>\n<p>\n            Les ogs\u00e5<\/p>\n<p>              Pasientfokus kan avgj\u00f8re valget<\/p>\n<p>  <\/a><\/p>\n<p><b>Boligpolitikk ble dessverre ikke et b\u00e6rende tema i noen av de store partilederdebattene, til tross for at kostnader ved bolig er de st\u00f8rste kostnadene for mange velgere. <\/b><\/p>\n<p>Man kan ikke se at noen av disse viktige temaene fikk stor oppmerksomhet nasjonalt, selv om de er utrolig viktige for folk flest.<\/p>\n<p>Det er mye som har v\u00e6rt l\u00f8ftet i lokale medier, som ikke har v\u00e6rt synlig i partilederdebattene hos de store rikskringkasterne i NRK og TV 2. De har holdt seg til Arendal og Oslo i de fleste partilederutsp\u00f8rringer. NRKs folkem\u00f8te i Trondheim var et hederlig unntak.<\/p>\n<p><b>Formuesskatt og Sylvi Listhaugs statsminister-ambisjoner har p\u00e5 sin side f\u00e5tt uforholdsmessig stor oppmerksomhet. <\/b><\/p>\n<p>B\u00e5de i politiske utspill og i riksmediene.<\/p>\n<p>  <a href=\"https:\/\/www.nordnorskdebatt.no\/5-124-384865\" class=\"related-teaser has-image default-opinion-teaser article--c-eRUmMG article--c-eRUmMG-jKCPdD-design-default\" rel=\"nofollow noopener\" target=\"_blank\"><\/p>\n<p>    <img decoding=\"async\" loading=\"lazy\"  src=\"https:\/\/www.europesays.com\/no\/wp-content\/uploads\/2025\/08\/last+ned.png\" alt=\"\" class=\"brick-c-cFOWSL\" style=\"\"\/><\/p>\n<p>\n            Les ogs\u00e5<\/p>\n<p>              Kan bli d\u00f8dt l\u00f8p p\u00e5 Sametinget\n        <\/p>\n<p>  <\/a><\/p>\n","protected":false},"excerpt":{"rendered":"B\u00e5de media og politikere m\u00e5 ta ansvar for at det ble slik. Politikk kan gjerne b\u00e5de engasjere og&hellip;\n","protected":false},"author":2,"featured_media":30273,"comment_status":"","ping_status":"","sticky":false,"template":"","format":"standard","meta":{"footnotes":""},"categories":[10],"tags":[36,20,21,24,25,15,22,23,246,13,30,28,29,14,1533,16,41,475,26,27],"class_list":{"0":"post-30272","1":"post","2":"type-post","3":"status-publish","4":"format-standard","5":"has-post-thumbnail","7":"category-norge","8":"tag-art","9":"tag-breaking-news","10":"tag-breakingnews","11":"tag-featured-news","12":"tag-featurednews","13":"tag-headlines","14":"tag-latest-news","15":"tag-latestnews","16":"tag-leder","17":"tag-news","18":"tag-no","19":"tag-norge","20":"tag-norway","21":"tag-nyheter","22":"tag-opinion","23":"tag-overskrifter","24":"tag-politikk","25":"tag-stortingsvalget-2025","26":"tag-top-stories","27":"tag-topstories"},"share_on_mastodon":{"url":"","error":""},"_links":{"self":[{"href":"https:\/\/www.europesays.com\/no\/wp-json\/wp\/v2\/posts\/30272","targetHints":{"allow":["GET"]}}],"collection":[{"href":"https:\/\/www.europesays.com\/no\/wp-json\/wp\/v2\/posts"}],"about":[{"href":"https:\/\/www.europesays.com\/no\/wp-json\/wp\/v2\/types\/post"}],"author":[{"embeddable":true,"href":"https:\/\/www.europesays.com\/no\/wp-json\/wp\/v2\/users\/2"}],"replies":[{"embeddable":true,"href":"https:\/\/www.europesays.com\/no\/wp-json\/wp\/v2\/comments?post=30272"}],"version-history":[{"count":0,"href":"https:\/\/www.europesays.com\/no\/wp-json\/wp\/v2\/posts\/30272\/revisions"}],"wp:featuredmedia":[{"embeddable":true,"href":"https:\/\/www.europesays.com\/no\/wp-json\/wp\/v2\/media\/30273"}],"wp:attachment":[{"href":"https:\/\/www.europesays.com\/no\/wp-json\/wp\/v2\/media?parent=30272"}],"wp:term":[{"taxonomy":"category","embeddable":true,"href":"https:\/\/www.europesays.com\/no\/wp-json\/wp\/v2\/categories?post=30272"},{"taxonomy":"post_tag","embeddable":true,"href":"https:\/\/www.europesays.com\/no\/wp-json\/wp\/v2\/tags?post=30272"}],"curies":[{"name":"wp","href":"https:\/\/api.w.org\/{rel}","templated":true}]}}