{"id":302827,"date":"2026-07-26T09:45:14","date_gmt":"2026-07-26T09:45:14","guid":{"rendered":"https:\/\/www.europesays.com\/no\/302827\/"},"modified":"2026-07-26T09:45:14","modified_gmt":"2026-07-26T09:45:14","slug":"emiratene-holder-liv-i-krigen-i-sudan-2","status":"publish","type":"post","link":"https:\/\/www.europesays.com\/no\/302827\/","title":{"rendered":"Emiratene holder liv i krigen i Sudan"},"content":{"rendered":"\n<p class=\"_paragraph_145nj_4 _paragraph_6fko5_10 layout-component text-serif-m layout-normal text-serif-m layout-padded\"><a href=\"https:\/\/digitallibrary.un.org\/record\/4081224?ln=en&amp;v=pdf\" class=\"_link_145nj_39\" rel=\"nofollow noopener\" target=\"_blank\">FNs ekspertpanel p\u00e5 Sudan<\/a> , <a href=\"https:\/\/www.amnesty.org\/en\/latest\/news\/2025\/05\/sudan-advanced-chinese-weaponry-provided-by-uae-identified-in-breach-of-arms-embargo-new-investigation\/\" class=\"_link_145nj_39\" rel=\"nofollow noopener\" target=\"_blank\">Amnesty International<\/a> og <a href=\"https:\/\/www.hrw.org\/report\/2026\/05\/25\/from-bogota-to-el-fasher\/the-uaes-role-in-the-deployment-of-colombian-fighters\" class=\"_link_145nj_39\" rel=\"nofollow noopener\" target=\"_blank\">Human Rights Watch<\/a> har alle dokumentert hvordan Emiratene via omr\u00e5der kontrollert av oppr\u00f8rsgeneralen Khalifa Haftar i Libya har forsynt RSF-militsen i <a href=\"https:\/\/www.vg.no\/tag\/sudan?utm_source=vg-article&amp;utm_medium=auto-tagger&amp;utm_campaign=7pjVB8\" class=\"_link_145nj_39\" rel=\"nofollow noopener\" target=\"_blank\">Sudan<\/a> med v\u00e5pen og soldater.<\/p>\n<p class=\"_paragraph_145nj_4 _paragraph_6fko5_10 layout-component text-serif-m layout-normal text-serif-m layout-padded\">Det samme har medier som <a href=\"https:\/\/www.nytimes.com\/2023\/09\/29\/world\/africa\/sudan-war-united-arab-emirates-chad.html\" class=\"_link_145nj_39\" rel=\"nofollow noopener\" target=\"_blank\">The New York Times<\/a> , <a href=\"https:\/\/www.ft.com\/content\/e88e0973-3218-4ce6-a73e-20961c71c33b\" class=\"_link_145nj_39\" rel=\"nofollow noopener\" target=\"_blank\">Financial Times<\/a> , <a href=\"https:\/\/www.wsj.com\/world\/how-u-a-e-arms-bolstered-a-sudanese-militia-accused-of-genocide-781b9803?mod=Searchresults&amp;pos=2&amp;page=1\" class=\"_link_145nj_39\" rel=\"nofollow noopener\" target=\"_blank\">The Wall Street Journal<\/a> , <a href=\"https:\/\/www.middleeasteye.net\/news\/how-uae-continued-supporting-sudans-rsf-through-haftar-and-libya\" class=\"_link_145nj_39\" rel=\"nofollow noopener\" target=\"_blank\">Middle East Eye<\/a> og andre.<\/p>\n<p><img alt=\"Oppr\u00f8rsgeneralen Khalifa Haftar i Libya har v\u00e6rt en sentral st\u00f8ttespiller for RSF-militsen i Sudan.   Foto: AP \/ NTB\" class=\"_image_jw3bv_65 layout-component layout-normal\" data-fullscreen- data-track-element-type=\"Article image fullscreen\" data-track-name=\"ImageFullscreen\" decoding=\"async\" loading=\"lazy\" height=\"1879\" itemprop=\"image\"  src=\"https:\/\/www.europesays.com\/no\/wp-content\/uploads\/2026\/07\/26e4a8f5-86cc-3a52-8206-90cf96294806.jpeg\"  style=\"object-position:0% 0%\" width=\"2689\"\/>Oppr\u00f8rsgeneralen Khalifa Haftar i Libya har v\u00e6rt en sentral st\u00f8ttespiller for RSF-militsen i Sudan.   Foto: AP \/ NTB<\/p>\n<p class=\"_paragraph_145nj_4 _paragraph_6fko5_10 layout-component text-serif-m layout-normal text-serif-m layout-padded\">B\u00e5de Emiratene og Haftar nekter, selv om bevisene er mange.<\/p>\n<p class=\"_paragraph_145nj_4 _paragraph_6fko5_10 layout-component text-serif-m layout-normal text-serif-m layout-padded\">\u2013 Vi avviser kategorisk enhver p\u00e5stand om at vi gir st\u00f8tte til noen av de krigf\u00f8rende partene, het det i en uttalelse fra utenriksdepartementet i Emiratene i fjor.<\/p>\n<p>Gamle allierte<\/p>\n<p class=\"_paragraph_145nj_4 _paragraph_6fko5_10 layout-component text-serif-m layout-normal text-serif-m layout-padded\">Borgerkrigen mellom Sudans regjeringsh\u00e6r og Mohamed Hamdan Dagalo og hans RSF-milits br\u00f8t ut i april 2023.<\/p>\n<p class=\"_paragraph_145nj_4 _paragraph_6fko5_10 layout-component text-serif-m layout-normal text-serif-m layout-padded\">Militsen har sitt utspring i den fryktede Janjaweed-militsen, som tidligere samarbeidet tett med regimet i Khartoum.<\/p>\n<p><img alt=\"RSF-militsen i Sudan ledes av Mohamed Hamdan Dagalo, som kontrollerer en rekke gullgruver og f\u00e5r v\u00e5pen og annet utstyr fra De forente arabiske emirater.   Foto: AP \/ NTB\" class=\"_image_jw3bv_65 layout-component layout-normal\" data-fullscreen- data-track-element-type=\"Article image fullscreen\" data-track-name=\"ImageFullscreen\" decoding=\"async\" loading=\"lazy\" height=\"4480\" itemprop=\"image\"  src=\"https:\/\/www.europesays.com\/no\/wp-content\/uploads\/2026\/07\/e80bda15-0c6d-369e-97a7-a63ade73f513.jpeg\"  style=\"object-position:0% 0%\" width=\"6720\"\/>RSF-militsen i Sudan ledes av Mohamed Hamdan Dagalo, som kontrollerer en rekke gullgruver og f\u00e5r v\u00e5pen og annet utstyr fra De forente arabiske emirater.   Foto: AP \/ NTB<\/p>\n<p class=\"_paragraph_145nj_4 _paragraph_6fko5_10 layout-component text-serif-m layout-normal text-serif-m layout-padded\">I dag kontrollerer RSF rundt halvparten av landet, f\u00f8rst og fremst store omr\u00e5der i de to regionene Darfur og Kordofan vest for hovedstaden Khartoum, samt omr\u00e5der i s\u00f8r\u00f8st p\u00e5 grensa til S\u00f8r-Sudan og Etiopia.<\/p>\n<p class=\"_paragraph_145nj_4 _paragraph_6fko5_10 layout-component text-serif-m layout-normal text-serif-m layout-padded\">Over 12 millioner mennesker, nesten en tredel av befolkningen, er drevet p\u00e5 flukt siden krigen br\u00f8t ut, n\u00e6rmere 4 millioner til naboland.<\/p>\n<p class=\"_paragraph_145nj_4 _paragraph_6fko5_10 layout-component text-serif-m layout-normal text-serif-m layout-padded\">Over 30 millioner er avhengig av n\u00f8dhjelp utenfra, 5 millioner av dem opplever livstruende matmangel, og FN omtaler situasjonen som verdens verste humanit\u00e6re krise.<\/p>\n<p class=\"_paragraph_145nj_4 _paragraph_6fko5_10 layout-component text-serif-m layout-normal text-serif-m layout-padded\">RSF-militsen er i dag en formidabel styrke og har if\u00f8lge <a href=\"https:\/\/africacenter.org\/spotlight\/sudan-conflict-armed-actors\/\" class=\"_link_145nj_39\" rel=\"nofollow noopener\" target=\"_blank\">Africa Center for Strategic Studies<\/a> trolig mellom 100.000 og 200.000 menn under v\u00e5pen.<\/p>\n<p><img alt=\"\u00d8delagte stridsvogner i Khartoum i Sudan.  Foto: El Tayeb Siddig \/ Reuters \/ NTB\" class=\"_image_jw3bv_65 layout-component layout-normal\" data-fullscreen- data-track-element-type=\"Article image fullscreen\" data-track-name=\"ImageFullscreen\" decoding=\"async\" loading=\"lazy\" height=\"3667\" itemprop=\"image\"  src=\"https:\/\/www.europesays.com\/no\/wp-content\/uploads\/2026\/07\/9aaab1bb-5915-38bd-8d65-a32412bc724b.jpeg\"  style=\"object-position:0% 0%\" width=\"5500\"\/>\u00d8delagte stridsvogner i Khartoum i Sudan.  Foto: El Tayeb Siddig \/ Reuters \/ NTB<\/p>\n<p class=\"_paragraph_145nj_4 _paragraph_6fko5_10 layout-component text-serif-m layout-normal text-serif-m layout-padded\">Dagalo hevder selv \u00e5 ha 450.000 soldater, men det fester ikke uavhengige eksperter lit til.<\/p>\n<p>Leirer i Libya<\/p>\n<p class=\"_paragraph_145nj_4 _paragraph_6fko5_10 layout-component text-serif-m layout-normal text-serif-m layout-padded\">Khalifa Haftars LNA-milits kontrollerer i dag to tredeler av Libya og er en av RSF-militsens fremste st\u00f8ttespillere.<\/p>\n<p class=\"_paragraph_145nj_4 _paragraph_6fko5_10 layout-component text-serif-m layout-normal text-serif-m layout-padded\">Flere avhoppere fra RSF og LNA har bekreftet st\u00f8tten og fortalt hvordan den finner veien til Sudan.<\/p>\n<p class=\"_paragraph_145nj_4 _paragraph_6fko5_10 layout-component text-serif-m layout-normal text-serif-m layout-padded\">RSF-soldater mottar if\u00f8lge avhopperne ogs\u00e5 trening i minst fem milit\u00e6rleirer i de LNA-kontrollerte delene av Libya.<\/p>\n<p><img alt=\"Beslaglagte v\u00e5pen som skal ha tilh\u00f8rt RSF-militsen.  Foto: EBRAHIM HAMID \/ AFP \/ NTB\" class=\"_image_jw3bv_65 layout-component layout-normal\" data-fullscreen- data-track-element-type=\"Article image fullscreen\" data-track-name=\"ImageFullscreen\" decoding=\"async\" loading=\"lazy\" height=\"3589\" itemprop=\"image\"  src=\"https:\/\/www.europesays.com\/no\/wp-content\/uploads\/2026\/07\/1b6c73ff-3c4f-37e6-a60c-b9d1e5e8657e.jpeg\"  style=\"object-position:0% 0%\" width=\"5384\"\/>Beslaglagte v\u00e5pen som skal ha tilh\u00f8rt RSF-militsen.  Foto: EBRAHIM HAMID \/ AFP \/ NTB<\/p>\n<p class=\"_paragraph_145nj_4 _paragraph_6fko5_10 layout-component text-serif-m layout-normal text-serif-m layout-padded\">En av leirene ligger n\u00e6r Benghazi og er den viktigste mellomstasjonen for milit\u00e6re kj\u00f8ret\u00f8y, drivstoff, v\u00e5pen og andre forsyninger som sendes over grensa.<\/p>\n<p class=\"_paragraph_145nj_4 _paragraph_6fko5_10 layout-component text-serif-m layout-normal text-serif-m layout-padded\">Alt som bringes inn kommer if\u00f8lge en av avhopperne fra De forente arabiske emirater.<\/p>\n<p class=\"_paragraph_145nj_4 _paragraph_6fko5_10 layout-component text-serif-m layout-normal text-serif-m layout-padded\">\u2013 Dersom RSF mistet Emiratenes st\u00f8tte, ville de ikke lenger v\u00e6re i stand til \u00e5 kjempe, de ville g\u00e5 i oppl\u00f8sning, sier han til <a href=\"https:\/\/www.middleeasteye.net\/news\/how-uae-continued-supporting-sudans-rsf-through-haftar-and-libya\" class=\"_link_145nj_39\" rel=\"nofollow noopener\" target=\"_blank\">Middle East Eye<\/a>.<\/p>\n<p>Gullgruver<\/p>\n<p class=\"_paragraph_145nj_4 _paragraph_6fko5_10 layout-component text-serif-m layout-normal text-serif-m layout-padded\">Emiratenes omfattende st\u00f8tte er delvis takk for at <a href=\"https:\/\/jamestown.org\/sudans-controversial-rapid-support-forces-bolsters-saudi-efforts-yemen\/\" class=\"_link_145nj_39\" rel=\"nofollow noopener\" target=\"_blank\">RSF bisto med tusenvis av leiesoldater<\/a> under deres krig mot houthiene i Jemen.<\/p>\n<p class=\"_paragraph_145nj_4 _paragraph_6fko5_10 layout-component text-serif-m layout-normal text-serif-m layout-padded\">Noen \u00e5r senere sendte RSF <a href=\"https:\/\/www.securitycouncilreport.org\/monthly-forecast\/2020-01\/libya-10.php\" class=\"_link_145nj_39\" rel=\"nofollow noopener\" target=\"_blank\">if\u00f8lge FN-eksperter<\/a> ogs\u00e5 et stort antall leiesoldater til Haftars milits i Libya.<\/p>\n<p class=\"_paragraph_145nj_4 _paragraph_6fko5_10 layout-component text-serif-m layout-normal text-serif-m layout-padded\">Emiratene har ogs\u00e5 store \u00f8konomiske interesser i Dagalo-familiens gullgruver i Darfur, og mesteparten av gullet derfra smugles til Dubai.<\/p>\n<p class=\"_paragraph_145nj_4 _paragraph_6fko5_10 layout-component text-serif-m layout-normal text-serif-m layout-padded\">Dagalo-familiens selskap Al Junaid, som har v\u00e6rt underlagt amerikanske sanksjoner siden 2023, kontrollerer if\u00f8lge Financial Times fem gullgruver i Sungo-omr\u00e5det i Darfur, og disse er en av militsens viktigste inntektskilder.<\/p>\n<p>Flyplass i Tsjad<\/p>\n<p class=\"_paragraph_145nj_4 _paragraph_6fko5_10 layout-component text-serif-m layout-normal text-serif-m layout-padded\">Haftars st\u00f8tte til militsen i Sudan har imidlertid provosert hans allierte Egypt, som st\u00f8tter regjeringsh\u00e6ren i landet.<\/p>\n<p class=\"_paragraph_145nj_4 _paragraph_6fko5_10 layout-component text-serif-m layout-normal text-serif-m layout-padded\">Tyrkia st\u00f8tter ogs\u00e5 Sudans regjeringsh\u00e6r, og har sammen med Egypt angrepet kolonner med forsyninger p\u00e5 vei fra Libya til Sudan.<\/p>\n<p class=\"_paragraph_145nj_4 _paragraph_6fko5_10 layout-component text-serif-m layout-normal text-serif-m layout-padded\">Det har f\u00f8rt til at mye av st\u00f8tten n\u00e5 i stedet kanaliseres via Tsjad, som ogs\u00e5 grenser til Darfur-regionen.<\/p>\n<p class=\"_paragraph_145nj_4 _paragraph_6fko5_10 layout-component text-serif-m layout-normal text-serif-m layout-padded\">Alt h\u00f8sten 2023 avsl\u00f8rte The New York Times at en jevn str\u00f8m med fly fra Emiratene landet p\u00e5 Amdjarass-flyplassen \u00f8st i Tsjad.<\/p>\n<p class=\"_paragraph_145nj_4 _paragraph_6fko5_10 layout-component text-serif-m layout-normal text-serif-m layout-padded\">Flyene er ikke bare lastet med milit\u00e6re forsyninger til RSF-militsen, men ogs\u00e5 med leiesoldater fra land som Colombia.<\/p>\n<p>\u2013 M\u00e5 ta slutt<\/p>\n<p class=\"_paragraph_145nj_4 _paragraph_6fko5_10 layout-component text-serif-m layout-normal text-serif-m layout-padded\">Blant dem som har rettet hard kritikk av Emiratene for st\u00f8tten til militsen i Sudan, er Amnesty Internationals generalsekret\u00e6r Agn\u00e8s Callamard.<\/p>\n<p class=\"_paragraph_145nj_4 _paragraph_6fko5_10 layout-component text-serif-m layout-normal text-serif-m layout-padded\"> \u2013 Emiratenes p\u00e5g\u00e5ende st\u00f8tte til RSF fyrer opp under en n\u00e5del\u00f8s voldssyklus mot sivile i Sudan. Verdenssamfunnet og Sikkerhetsr\u00e5det m\u00e5 kreve at denne st\u00f8tten tar slutt, <a href=\"https:\/\/www.amnesty.org\/en\/latest\/news\/2025\/11\/sudan-el-fasher-survivors-tell-of-deliberate-rsf-killings-and-sexual-violence-new-testimony\/\" class=\"_link_145nj_39\" rel=\"nofollow noopener\" target=\"_blank\">sa hun i november<\/a>.<\/p>\n<p><img alt=\"Emiratenes st\u00f8tte til RSF-militsen i Sudan har resultert i en n\u00e5del\u00f8s voldssyklus mot sivile, sier Amnesty Internationals generalsekret\u00e6r Agn\u00e8s Callamard.   Foto: Ole Berg-Rusten \/ NTB\" class=\"_image_jw3bv_65 layout-component layout-normal\" data-fullscreen- data-track-element-type=\"Article image fullscreen\" data-track-name=\"ImageFullscreen\" decoding=\"async\" loading=\"lazy\" height=\"3744\" itemprop=\"image\"  src=\"https:\/\/www.europesays.com\/no\/wp-content\/uploads\/2026\/07\/c9171f88-d3fa-38c1-b4a8-76232e21e48c.jpeg\"  style=\"object-position:0% 0%\" width=\"5616\"\/>Emiratenes st\u00f8tte til RSF-militsen i Sudan har resultert i en n\u00e5del\u00f8s voldssyklus mot sivile, sier Amnesty Internationals generalsekret\u00e6r Agn\u00e8s Callamard.   Foto: Ole Berg-Rusten \/ NTB<\/p>\n<p class=\"_paragraph_145nj_4 _paragraph_6fko5_10 layout-component text-serif-m layout-normal text-serif-m layout-padded\">EU har i likhet med USA innf\u00f8rt sanksjoner mot Dagalo-familiens selskap Al Junaid, og Norge har ogs\u00e5 sluttet opp om sanksjonene.<\/p>\n<p class=\"_paragraph_145nj_4 _paragraph_6fko5_10 layout-component text-serif-m layout-normal text-serif-m layout-padded\">Regjeringen har derimot ikke kritisert Emiratene offentlig for v\u00e5penst\u00f8tten til militsen i Sudan, men krever i <a href=\"https:\/\/www.regjeringen.no\/no\/whats-new\/statement-on-un-fact-finding-mission-report-on-el-fasher\/id3150334\/\" class=\"_link_145nj_39\" rel=\"nofollow noopener\" target=\"_blank\">en felles uttalelse<\/a> med flere andre land at \u00aball ekstern milit\u00e6r og finansiell st\u00f8tte\u00bb til partene i krigen \u00abm\u00e5 opph\u00f8re umiddelbart\u00bb.<\/p>\n","protected":false},"excerpt":{"rendered":"FNs ekspertpanel p\u00e5 Sudan , Amnesty International og Human Rights Watch har alle dokumentert hvordan Emiratene via omr\u00e5der&hellip;\n","protected":false},"author":2,"featured_media":302828,"comment_status":"","ping_status":"","sticky":false,"template":"","format":"standard","meta":{"footnotes":"","_share_on_mastodon":"0"},"categories":[12],"tags":[20,21,24,25,15,24717,22,23,13,30,28,29,14,16,3918,26,27,42,43,44,45],"class_list":["post-302827","post","type-post","status-publish","format-standard","has-post-thumbnail","category-verden","tag-breaking-news","tag-breakingnews","tag-featured-news","tag-featurednews","tag-headlines","tag-khartoum","tag-latest-news","tag-latestnews","tag-news","tag-no","tag-norge","tag-norway","tag-nyheter","tag-overskrifter","tag-sudan","tag-top-stories","tag-topstories","tag-verden","tag-world","tag-world-news","tag-worldnews"],"share_on_mastodon":{"url":"https:\/\/pubeurope.com\/@no\/116985642070463481","error":""},"_links":{"self":[{"href":"https:\/\/www.europesays.com\/no\/wp-json\/wp\/v2\/posts\/302827","targetHints":{"allow":["GET"]}}],"collection":[{"href":"https:\/\/www.europesays.com\/no\/wp-json\/wp\/v2\/posts"}],"about":[{"href":"https:\/\/www.europesays.com\/no\/wp-json\/wp\/v2\/types\/post"}],"author":[{"embeddable":true,"href":"https:\/\/www.europesays.com\/no\/wp-json\/wp\/v2\/users\/2"}],"replies":[{"embeddable":true,"href":"https:\/\/www.europesays.com\/no\/wp-json\/wp\/v2\/comments?post=302827"}],"version-history":[{"count":0,"href":"https:\/\/www.europesays.com\/no\/wp-json\/wp\/v2\/posts\/302827\/revisions"}],"wp:featuredmedia":[{"embeddable":true,"href":"https:\/\/www.europesays.com\/no\/wp-json\/wp\/v2\/media\/302828"}],"wp:attachment":[{"href":"https:\/\/www.europesays.com\/no\/wp-json\/wp\/v2\/media?parent=302827"}],"wp:term":[{"taxonomy":"category","embeddable":true,"href":"https:\/\/www.europesays.com\/no\/wp-json\/wp\/v2\/categories?post=302827"},{"taxonomy":"post_tag","embeddable":true,"href":"https:\/\/www.europesays.com\/no\/wp-json\/wp\/v2\/tags?post=302827"}],"curies":[{"name":"wp","href":"https:\/\/api.w.org\/{rel}","templated":true}]}}