{"id":303776,"date":"2026-07-27T10:00:19","date_gmt":"2026-07-27T10:00:19","guid":{"rendered":"https:\/\/www.europesays.com\/no\/303776\/"},"modified":"2026-07-27T10:00:19","modified_gmt":"2026-07-27T10:00:19","slug":"okonomisk-rekordar-i-2025-for-astrid-s","status":"publish","type":"post","link":"https:\/\/www.europesays.com\/no\/303776\/","title":{"rendered":"\u00d8konomisk rekord\u00e5r i 2025 for Astrid S"},"content":{"rendered":"\n<p class=\"_lead_145nj_2 _lead_6fko5_53 layout-component text-serif-m layout-normal text-serif-l layout-component layout-wide layout-padded _wide_17hqh_1 layout-padded\">Artisten hadde et begivenhetsrikt 2025, og kroner det med sitt beste \u00f8konomiske resultat til n\u00e5.<\/p>\n<p><img alt=\" Foto: MARIUS SIMENSEN \/ Bildbyr\u00e5n\" class=\"_image_jw3bv_65 layout-component layout-wide\" data-fullscreen- data-track-element-type=\"Article image fullscreen\" data-track-name=\"ImageFullscreen\" fetchpriority=\"high\" decoding=\"sync\" loading=\"eager\" height=\"4000\" itemprop=\"image\"  src=\"https:\/\/www.europesays.com\/no\/wp-content\/uploads\/2026\/07\/b22981cf-3cce-38bf-ad49-ff552b79c60b.jpeg\"  style=\"object-position:0% 0%\" width=\"6000\"\/> Foto: MARIUS SIMENSEN \/ Bildbyr\u00e5n<\/p>\n<ul aria-hidden=\"true\" class=\"_images_ntbth_112\">\n<li><a class=\"_link_ntbth_117\" href=\"https:\/\/www.vg.no\/forfatter\/thomas-talseth\" style=\"z-index:1\" title=\"Thomas Talseth\" rel=\"nofollow noopener\" target=\"_blank\"><img alt=\"Bilde av Thomas Talseth\" class=\"_image_ntbth_93\" fetchpriority=\"low\" loading=\"lazy\" decoding=\"async\" itemprop=\"image\"  src=\"https:\/\/www.europesays.com\/no\/wp-content\/uploads\/2026\/07\/b236192f-46fc-4036-a0ef-9ef26d45fd8d.jpeg\"  width=\"480\"\/><\/a><\/li>\n<\/ul>\n<p> Oppdatert mandag 27. juli kl. 11:36    <\/p>\n<ul class=\"_list_145nj_3 _list_64s2r_85 _unordered_145nj_106 text-sans-m\">\n<li class=\"_item_145nj_30\">Astrid S oppn\u00e5dde sitt beste \u00f8konomiske resultat noensinne i 2025.<\/li>\n<li class=\"_item_145nj_30\">Selskapet hennes fikk et overskudd p\u00e5 5,34 millioner kroner.<\/li>\n<li class=\"_item_145nj_30\">Inntektene i selskapet Turn Up AS \u00f8kte til 17,2 millioner kroner.<\/li>\n<li class=\"_item_145nj_30\">2025 var et begivenhetsrikt \u00e5r for artisten.<\/li>\n<\/ul>\n<p>Vis mer <\/p>\n<p class=\"_paragraph_145nj_4 _paragraph_6fko5_10 layout-component text-serif-m layout-normal text-serif-m layout-padded\">Det viser det ferske \u00e5rsregnskapet fra Turn Up AS, som Astrid Smeplass (29) eier i sin helhet.<\/p>\n<p class=\"_paragraph_145nj_4 _paragraph_6fko5_10 layout-component text-serif-m layout-normal text-serif-m layout-padded\">Inntektene i selskapet \u00f8kte fra 8,7 millioner i 2024 til 17,2 millioner i 2025.<\/p>\n<p class=\"_paragraph_145nj_4 _paragraph_6fko5_10 layout-component text-serif-m layout-normal text-serif-m layout-padded\">Kostnadene \u00f8kte ikke i takt med inntektene, og popstjernen satt igjen med et overskudd p\u00e5 5,34 millioner kroner etter skatt.<\/p>\n<p class=\"_paragraph_145nj_4 _paragraph_6fko5_10 layout-component text-serif-m layout-normal text-serif-m layout-padded\">Med det g\u00e5r hun forbi sine 2020-tall, det f\u00f8rste \u00abpandemi-\u00e5ret\u00bb, da mange artister fikk offentlige kompensasjonsmidler og Turn Up AS fikk et overskudd p\u00e5 5,25 millioner \u2013 som til n\u00e5 har v\u00e6rt selskapets soleklart beste resultat.<\/p>\n<p class=\"_paragraph_145nj_4 _paragraph_6fko5_10 layout-component text-serif-m layout-normal text-serif-m layout-padded\">Overskuddet i 2024 ble p\u00e5 kun 311.000 kroner.<\/p>\n<p class=\"_paragraph_145nj_4 _paragraph_6fko5_10 layout-component text-serif-m layout-normal text-serif-m layout-padded\">2025 markerte en rekke milep\u00e6ler for <a href=\"https:\/\/www.vg.no\/tag\/astrid-s?utm_source=vg-article&amp;utm_medium=auto-tagger&amp;utm_campaign=WvJk0K\" class=\"_link_145nj_39\" rel=\"nofollow noopener\" target=\"_blank\">Astrid S<\/a>:<\/p>\n<ul class=\"_list_145nj_3 _list_6fko5_9 _unordered_145nj_106 layout-component text-serif-m layout-normal text-serif-m layout-padded\">\n<li class=\"_item_145nj_30\">Brudd med plateselskapet Universal<\/li>\n<li class=\"_item_145nj_30\">Deltagelse i \u00abHver gang vi m\u00f8tes\u00bb p\u00e5 TV 2<\/li>\n<li class=\"_item_145nj_30\">Store str\u00f8mmetall i kj\u00f8lvannet av TV-serien<\/li>\n<li class=\"_item_145nj_30\">Konsert i Oslo Spektrum<\/li>\n<li class=\"_item_145nj_30\">Viral suksess med sin versjon av \u00abJa, vi elsker\u00bb<\/li>\n<\/ul>\n<p class=\"_paragraph_145nj_4 _paragraph_6fko5_10 layout-component text-serif-m layout-normal text-serif-m layout-padded\">Turn Up AS hadde ti millioner kroner i bankinnskudd og kontanter ved utgangen av 2025.<\/p>\n<p class=\"_paragraph_145nj_4 _paragraph_6fko5_10 layout-component text-serif-m layout-normal text-serif-m layout-padded\">Selskapet oppgir \u00e5 ha ett \u00e5rsverk, med totale l\u00f8nnskostnader p\u00e5 982.000 kroner.<\/p>\n<p class=\"_paragraph_145nj_4 _paragraph_6fko5_10 layout-component text-serif-m layout-normal text-serif-m layout-padded\">Astrid S tok ut \u00e9n million i tilleggsutbytte fra selskapet, hvor hun er b\u00e5de daglig leder og styreleder.<\/p>\n","protected":false},"excerpt":{"rendered":"Artisten hadde et begivenhetsrikt 2025, og kroner det med sitt beste \u00f8konomiske resultat til n\u00e5. Foto: MARIUS SIMENSEN&hellip;\n","protected":false},"author":2,"featured_media":303777,"comment_status":"","ping_status":"","sticky":false,"template":"","format":"standard","meta":{"footnotes":"","_share_on_mastodon":"0"},"categories":[59],"tags":[3442,30,28,29,83,82],"class_list":["post-303776","post","type-post","status-publish","format-standard","has-post-thumbnail","category-sport","tag-astrid-s","tag-no","tag-norge","tag-norway","tag-sport","tag-sports"],"share_on_mastodon":{"url":"https:\/\/pubeurope.com\/@no\/116991363198572433","error":""},"_links":{"self":[{"href":"https:\/\/www.europesays.com\/no\/wp-json\/wp\/v2\/posts\/303776","targetHints":{"allow":["GET"]}}],"collection":[{"href":"https:\/\/www.europesays.com\/no\/wp-json\/wp\/v2\/posts"}],"about":[{"href":"https:\/\/www.europesays.com\/no\/wp-json\/wp\/v2\/types\/post"}],"author":[{"embeddable":true,"href":"https:\/\/www.europesays.com\/no\/wp-json\/wp\/v2\/users\/2"}],"replies":[{"embeddable":true,"href":"https:\/\/www.europesays.com\/no\/wp-json\/wp\/v2\/comments?post=303776"}],"version-history":[{"count":0,"href":"https:\/\/www.europesays.com\/no\/wp-json\/wp\/v2\/posts\/303776\/revisions"}],"wp:featuredmedia":[{"embeddable":true,"href":"https:\/\/www.europesays.com\/no\/wp-json\/wp\/v2\/media\/303777"}],"wp:attachment":[{"href":"https:\/\/www.europesays.com\/no\/wp-json\/wp\/v2\/media?parent=303776"}],"wp:term":[{"taxonomy":"category","embeddable":true,"href":"https:\/\/www.europesays.com\/no\/wp-json\/wp\/v2\/categories?post=303776"},{"taxonomy":"post_tag","embeddable":true,"href":"https:\/\/www.europesays.com\/no\/wp-json\/wp\/v2\/tags?post=303776"}],"curies":[{"name":"wp","href":"https:\/\/api.w.org\/{rel}","templated":true}]}}