{"id":30390,"date":"2025-09-09T06:44:20","date_gmt":"2025-09-09T06:44:20","guid":{"rendered":"https:\/\/www.europesays.com\/no\/30390\/"},"modified":"2025-09-09T06:44:20","modified_gmt":"2025-09-09T06:44:20","slug":"ingeborg-heldal-om-dating-og-klesstil","status":"publish","type":"post","link":"https:\/\/www.europesays.com\/no\/30390\/","title":{"rendered":"Ingeborg Heldal om dating og klesstil"},"content":{"rendered":"<p>Da jeg traff ham jeg er gift med, for nesten 25 \u00e5r siden, klokket jeg inn p\u00e5 absolutt alle punkter som etter sigende beskriver en dame du kanskje vil vurdere \u00e5 ligge med, men aldri, aldri ta med hjem til mor.\u00a0<\/p>\n<p>I hvert fall hvis vi skal tro datingeksperten i\u00a0\u00abSex og singelliv\u00bb-oppf\u00f8lgeren, \u00abAnd Just like That\u00bb, som har v\u00e6rt en snakkis det siste halv\u00e5ret.\u00a0<\/p>\n<p>Jeg gikk nemlig ofte kledd i et av m\u00f8nstrene som visstnok er det mest frast\u00f8tende menn vet, leopardm\u00f8nster. Jeg tok relativt mye plass, var masse ute p\u00e5 byen, sang og lo h\u00f8yt, festr\u00f8yket og drakk nok innimellom mer enn det som blir sett p\u00e5 som helt \u00abladylike\u00bb.\u00a0<\/p>\n<p>Nettopp disse tingene blir Seema i serien bedt om \u00e5 legge av seg for \u00e5 bli et attraktivt koneemne. <\/p>\n<p>    <a itemprop=\"url\" href=\"https:\/\/www.kk.no\/meninger\/i-gar-skjedde-det-noe-jeg-bare-er-nodt-til-a-fortelle\/83472894\" rel=\"nofollow noopener\" target=\"_blank\"><\/p>\n<p>      <img loading=\"lazy\" decoding=\"async\" src=\"https:\/\/www.europesays.com\/no\/wp-content\/uploads\/2025\/09\/1757400259_40_83472901.webp\" width=\"147\" height=\"98\" title=\"- I g\u00e5r skjedde det noe jeg bare er n\u00f8dt til \u00e5 fortelle\" alt=\"\" class=\"lazyload\" style=\"--aspect-ratio-image: 1.50; \"\/><\/p>\n<p>        &#8211; I g\u00e5r skjedde det noe jeg bare er n\u00f8dt til \u00e5 fortelle<\/p>\n<p>    <\/a><\/p>\n<p>Gud hjelpe meg, godt jeg aldri spurte noen om r\u00e5d, si. Og at jeg fant meg en sindig kar fra Rakkestad, som ikke lot seg skremme av verken leopardm\u00f8nster eller allsang (og som faktisk likte det litt). Ellers hadde jeg kanskje fremdeles lurt p\u00e5 om jeg noen gang kom til \u00e5 finne noen som passet for meg? Men det er jo faktisk en interessant og noks\u00e5 provoserende debatt der, gjemt bak amerikansk popkultur p\u00e5 sitt mest glossy.\u00a0<\/p>\n<p>    <a itemprop=\"url\" href=\"https:\/\/www.kk.no\/meninger\/eg-har-provd-i-stova-i-senga-saman-med-andre-og-aleine-1\/83472919\" rel=\"nofollow noopener\" target=\"_blank\"><\/p>\n<p>      <img loading=\"lazy\" decoding=\"async\" src=\"https:\/\/www.europesays.com\/no\/wp-content\/uploads\/2025\/09\/83472925.webp\" width=\"147\" height=\"98\" title=\"- Eg klarer det berre ikkje\" alt=\"\" class=\"lazyload\" style=\"--aspect-ratio-image: 1.50; \"\/><\/p>\n<p>        &#8211; Eg klarer det berre ikkje<\/p>\n<p>    <\/a><\/p>\n<p>For er det slik at det faktisk eksisterer kleskoder og koder for oppf\u00f8rsel som gj\u00f8r deg mer attraktiv p\u00e5 datingmarkedet? Vi m\u00e5tte sjekke med ekspertene, og det resulterte i en morsom, men ogs\u00e5 litt tankevekkende <a href=\"https:\/\/www.kk.no\/samliv\/psykologen-ga-et-datingrad-vi-ikke-turte-a-skrive-om-er-det-virkelig-dette-som-skal-til-for-a-kapre-han\/83247696\" rel=\"nofollow noopener\" target=\"_blank\">artikkel du kan lese her.<\/a>\u00a0<\/p>\n<p class=\"no_italic m-no_italic\" data-lab-italic=\"\">I tillegg har vi i h\u00f8stens store motenummer, som er i salg n\u00e5, masse ekstra sider med inspirasjon, b\u00e5de for deg som har tenkt \u00e5 g\u00e5 til innkj\u00f8p av noe nytt, eller bare vil ha ideer til hvordan du kan finne nye m\u00e5ter \u00e5 bruke det du allerede har, enten det er leopardm\u00f8nster eller sarte blomster.<\/p>\n<p class=\"italic m-italic\" data-lab-italic=\"italic\">Klem fra Ingeborg<\/p>\n<p>    <a itemprop=\"url\" href=\"https:\/\/www.kk.no\/meninger\/da-ida-apnet-opp-om-datinglivet-eksploderte-det\/83487200\" rel=\"nofollow noopener\" target=\"_blank\"><\/p>\n<p>      <img loading=\"lazy\" decoding=\"async\" src=\"https:\/\/www.europesays.com\/no\/wp-content\/uploads\/2025\/09\/1757400260_622_83487923.webp\" width=\"147\" height=\"98\" title=\"Da Ida \u00e5pnet opp om datinglivet, eksploderte det\" alt=\"\" class=\"lazyload\" style=\"--aspect-ratio-image: 1.50; \"\/><\/p>\n<p>        Da Ida \u00e5pnet opp om datinglivet, eksploderte det<\/p>\n<p>    <\/a><\/p>\n","protected":false},"excerpt":{"rendered":"Da jeg traff ham jeg er gift med, for nesten 25 \u00e5r siden, klokket jeg inn p\u00e5 absolutt&hellip;\n","protected":false},"author":2,"featured_media":30391,"comment_status":"","ping_status":"","sticky":false,"template":"","format":"standard","meta":{"footnotes":""},"categories":[56],"tags":[60,61,4876,156,62,30,28,29],"class_list":{"0":"post-30390","1":"post","2":"type-post","3":"status-publish","4":"format-standard","5":"has-post-thumbnail","7":"category-naeringsliv","8":"tag-business","9":"tag-economy","10":"tag-ingeborg-heldal","11":"tag-meninger","12":"tag-naeringsliv","13":"tag-no","14":"tag-norge","15":"tag-norway"},"share_on_mastodon":{"url":"","error":""},"_links":{"self":[{"href":"https:\/\/www.europesays.com\/no\/wp-json\/wp\/v2\/posts\/30390","targetHints":{"allow":["GET"]}}],"collection":[{"href":"https:\/\/www.europesays.com\/no\/wp-json\/wp\/v2\/posts"}],"about":[{"href":"https:\/\/www.europesays.com\/no\/wp-json\/wp\/v2\/types\/post"}],"author":[{"embeddable":true,"href":"https:\/\/www.europesays.com\/no\/wp-json\/wp\/v2\/users\/2"}],"replies":[{"embeddable":true,"href":"https:\/\/www.europesays.com\/no\/wp-json\/wp\/v2\/comments?post=30390"}],"version-history":[{"count":0,"href":"https:\/\/www.europesays.com\/no\/wp-json\/wp\/v2\/posts\/30390\/revisions"}],"wp:featuredmedia":[{"embeddable":true,"href":"https:\/\/www.europesays.com\/no\/wp-json\/wp\/v2\/media\/30391"}],"wp:attachment":[{"href":"https:\/\/www.europesays.com\/no\/wp-json\/wp\/v2\/media?parent=30390"}],"wp:term":[{"taxonomy":"category","embeddable":true,"href":"https:\/\/www.europesays.com\/no\/wp-json\/wp\/v2\/categories?post=30390"},{"taxonomy":"post_tag","embeddable":true,"href":"https:\/\/www.europesays.com\/no\/wp-json\/wp\/v2\/tags?post=30390"}],"curies":[{"name":"wp","href":"https:\/\/api.w.org\/{rel}","templated":true}]}}