{"id":30400,"date":"2025-09-09T06:53:12","date_gmt":"2025-09-09T06:53:12","guid":{"rendered":"https:\/\/www.europesays.com\/no\/30400\/"},"modified":"2025-09-09T06:53:12","modified_gmt":"2025-09-09T06:53:12","slug":"en-katastrofe","status":"publish","type":"post","link":"https:\/\/www.europesays.com\/no\/30400\/","title":{"rendered":"&#8211; En katastrofe"},"content":{"rendered":"<p class=\"kicker \" style=\"\">Stortingsvalget 2025:\u00a0<\/p>\n<p>  Investor Jan Petter Sissener frykter alvorlige konsekvenser for norsk n\u00e6ringsliv. Sveits-utflytter Kjartan Aas mener nordmenn har gjort en feiltakelse.\u00a0<\/p>\n<p>\n    BL\u00c5TIRSDAG: Investor Jan Petter Sissener er en av mange som mener at en r\u00f8dgr\u00f8nn regjering vil v\u00e6re katastrofal for utviklingen av et verdifullt norsk n\u00e6ringsliv. Sissener sier han n\u00e5 vil vurdere skatteflukt ut av Norge. Foto: Erlend Aas \/ NTB\n  <\/p>\n<p>\u00c5rets valgresultat er en bitter pille \u00e5 svelge for mange av landets rikeste og mektigste.<\/p>\n<p class=\"font-weight-bold m-font-weight-bold\" data-lab-font_weight=\"font-weight-bold\">Investor Jan Petter Sissener (70), som har gitt penger til henholdsvis Frp og Venstre f\u00f8r \u00e5rets valg, frykter n\u00e5 dramatiske f\u00f8lger for norsk n\u00e6ringsliv.\u00a0<\/p>\n<p>&#8211; Resultatet<br \/>\ner skuffende og med mindre det blir vesentlige endringer er det en katastrofe<br \/>\nfor den fornyelsen norsk n\u00e6ringsliv m\u00e5 igjennom etter hvert som oljen fases ut, sier han til B\u00f8rsen tirsdag morgen, bare f\u00e5 timer etter at Jonas Gahr St\u00f8re og Arbeiderpartiet erkl\u00e6rte valgseier.\u00a0<\/p>\n<p>    <a itemprop=\"url\" href=\"https:\/\/borsen.dagbladet.no\/nyheter\/sammenliknes-med-trump\/83564894\" rel=\"nofollow noopener\" target=\"_blank\"><\/p>\n<p>      <img loading=\"lazy\" decoding=\"async\" src=\"https:\/\/www.europesays.com\/no\/wp-content\/uploads\/2025\/09\/1757400788_361_83479257.webp\" width=\"980\" height=\"441\" title=\"Sammenliknes med Trump\" alt=\"\" class=\"lazyload\" style=\"--aspect-ratio-image: 2.22; \"\/><\/p>\n<p>        Sammenliknes med Trump<\/p>\n<p>    <\/a><\/p>\n<p>&#8211; I tenkeboksen\t<\/p>\n<p>Sissener, som ogs\u00e5 tidligere har bidratt med valgkampst\u00f8tte til H\u00f8yre,\u00a0mener at enda flere gr\u00fcndere og investorer n\u00e5 vil r\u00f8mme landet.<\/p>\n<p>&#8211; Eksporten av norsk risiko- og humankapital vil akselerere. For gr\u00fcndere<br \/>\nog andre som vil skape noe, blir det enda vanskeligere \u00e5 skaffe kapital. Vi f\u00e5r<br \/>\nse om Jens greier \u00e5 p\u00e5virke Jonas i en mer fornuftig retning og at de lener seg<br \/>\nmer mot sentrum enn venstre.<\/p>\n<p>    <a itemprop=\"url\" href=\"https:\/\/borsen.dagbladet.no\/nyheter\/froya-19-er-historisk-dodskult\/83565947\" rel=\"nofollow noopener\" target=\"_blank\"><\/p>\n<p>      <img loading=\"lazy\" decoding=\"async\" src=\"https:\/\/www.europesays.com\/no\/wp-content\/uploads\/2025\/09\/83565962.webp\" width=\"980\" height=\"441\" title=\"Fr\u00f8ya (19) er historisk: - D\u00f8dskult\" alt=\"\" class=\"lazyload\" style=\"--aspect-ratio-image: 2.22; \"\/><\/p>\n<p>        Fr\u00f8ya (19) er historisk: &#8211; D\u00f8dskult<\/p>\n<p>    <\/a><\/p>\n<p class=\"font-weight-bold m-font-weight-bold\" data-lab-font_weight=\"font-weight-bold\">Selv utelukker ikke Sissener at han vil kj\u00f8pe en enveisbillett ut av Norge.\u00a0<\/p>\n<p>&#8211; Personlig<br \/>\ng\u00e5r jeg i tenkeboksen, men n\u00e5r man er sytti \u00e5r er det ikke bare bare \u00e5 flytte.\u00a0<\/p>\n<p>&#8211; Ingen tenker mer p\u00e5 Norge\t<\/p>\n<p> Eiendomsmilliard\u00e6r Kjartan Aas\u00a0<a href=\"https:\/\/borsen.dagbladet.no\/nyheter\/sveits-milliardaeren-jobber-et-kvarter-om-dagen\/77185293\" rel=\"nofollow noopener\" target=\"_blank\">har gjort seg kjent som Sveits-utflytter<\/a>, og har flere ganger g\u00e5tt hardt ut mot regjeringen.\u00a0<\/p>\n<p class=\"font-weight-bold m-font-weight-bold\" data-lab-font_weight=\"font-weight-bold\">Han har heller aldri lagt skjul p\u00e5 at han flyttet fra formuesskatten, og mener nordmenn har gjort en stor feiltakelse i \u00e5 sikre St\u00f8re gjenvalg.\u00a0<\/p>\n<p>          <img loading=\"lazy\" decoding=\"async\" src=\"https:\/\/www.europesays.com\/no\/wp-content\/uploads\/2025\/09\/83566857.webp\" width=\"980\" height=\"559\" title=\"H\u00d8NE \u00c5 PLUKKE MED NORDMENN: Kjartan Aas flyttet fra Norge og formuesskatten i 2021, og har ikke hatt noe til overs for Arbeiderpartiet i regjering. Han mener det er en feiltakelse \u00e5 gi St\u00f8re fire nye \u00e5r. Foto: Bj\u00f8rn Langsem \/ Dagbladet\" alt=\"\" class=\"\" style=\"--aspect-ratio-image: 1.75; \"\/><\/p>\n<p>\n          H\u00d8NE \u00c5 PLUKKE MED NORDMENN: Kjartan Aas flyttet fra Norge og formuesskatten i 2021, og har ikke hatt noe til overs for Arbeiderpartiet i regjering. Han mener det er en feiltakelse \u00e5 gi St\u00f8re fire nye \u00e5r. Foto: Bj\u00f8rn Langsem \/ Dagbladet\n      <\/p>\n<p>&#8211; Jeg<br \/>\nmener at det er ingen som tenker mer p\u00e5 Norges beste enn vi som har flyttet<br \/>\ntil Sveits. Vi har alle folk ansatt i Norge og er veldig opptatt av \u00e5 sikre dem en god framtid, sier Aas til B\u00f8rsen. <\/p>\n<p>Han forsetter:<\/p>\n<p>&#8211; Sett<br \/>\nfra mitt st\u00e5sted er det valget som folket n\u00e5 har tatt et valg om \u00e5 ikke prioritere<br \/>\nverdiskapning og n\u00e6ringsutvikling, men fortsette i et spor som vil v\u00e6re<br \/>\navhengig av at oljepengene fosser inn i all overskuelig framtid.<\/p>\n<p>        VALGSEIER: Jonas Gahr St\u00f8re f\u00e5r fire nye \u00e5r i statsministerboligen. Politisk kommentator, Lars Helle, oppsummerer h\u00f8ydepunktene fra valgdagen. Video: Silja Furset<\/p>\n<p>Flagget p\u00e5 halv stang\t<\/p>\n<p>Mandag kveld fulgte om lag 100 nordmenn spent med p\u00e5 valgresultatene p\u00e5 Grand Hotel National i Sveits.<\/p>\n<p> Bak arrangementet sto investor, gr\u00fcnder og \u00abRorbua\u00bb-pianist Trond Myhre.\u00a0 If\u00f8lge\u00a0<a href=\"https:\/\/www.dn.no\/politikk\/skatteflyktninger\/tord-ueland-kolstad\/trond-myhre\/valgvaken-i-sveits-flagger-pa-halv-flaggstang\/2-1-1869070\" rel=\"nofollow noopener\" target=\"_blank\">DN\u00a0<\/a>var ogs\u00e5 skuffelsen stor da de f\u00f8rste prognosene viste r\u00f8dgr\u00f8nt flertall klokka 21. Dette ble markert ved at det norske flagget ved hotellet <a href=\"https:\/\/borsen.dagbladet.no\/nyheter\/valgvake-i-sveits-smertefullt\/83565821\" rel=\"nofollow noopener\" target=\"_blank\">ble heist p\u00e5 halv stang<\/a>.<\/p>\n<p>    <a itemprop=\"url\" href=\"https:\/\/borsen.dagbladet.no\/nyheter\/antydet-egen-avgang\/83566098\" rel=\"nofollow noopener\" target=\"_blank\"><\/p>\n<p>      <img loading=\"lazy\" decoding=\"async\" src=\"https:\/\/www.europesays.com\/no\/wp-content\/uploads\/2025\/09\/83566183.webp\" width=\"980\" height=\"441\" title=\"Antydet egen avgang\" alt=\"\" class=\"lazyload\" style=\"--aspect-ratio-image: 2.22; \"\/><\/p>\n<p>        Antydet egen avgang<\/p>\n<p>    <\/a><\/p>\n<p>Overfor B\u00f8rsen p\u00e5pekte Myhre at resultatet ikke har s\u00e5 mye \u00e5 si for dem som hadde m\u00f8tt opp p\u00e5 valgvaken, siden de allerede har flyttet ut, men at \u00abde fortsatt bryr seg om Norge\u00bb. <\/p>\n<p>&#8211; Vi vil det beste for Norge, men vi tror ikke dagens kurs er det, sa Myhre, og la til:<\/p>\n<p>    <a itemprop=\"url\" href=\"https:\/\/borsen.dagbladet.no\/nyheter\/valgvake-i-sveits-smertefullt\/83565821\" rel=\"nofollow noopener\" target=\"_blank\"><\/p>\n<p>      <img loading=\"lazy\" decoding=\"async\" src=\"https:\/\/www.europesays.com\/no\/wp-content\/uploads\/2025\/09\/83565986.webp\" width=\"980\" height=\"441\" title=\"Valgvake i Sveits: - Smertefullt\" alt=\"\" class=\"lazyload\" style=\"--aspect-ratio-image: 2.22; \"\/><\/p>\n<p>        Valgvake i Sveits: &#8211; Smertefullt<\/p>\n<p>    <\/a><\/p>\n<p> &#8211; I et land hvor de fleste er avhengige av st\u00f8tte, m\u00e5 man stemme p\u00e5 dem som deler ut pengene. I Norge deler man ut st\u00f8tte p\u00e5 st\u00f8tte som fulle sj\u00f8folk. Det blir feil, forferdelig og smertefullt n\u00e5r man p\u00e5f\u00f8rer landet en politikk som gj\u00f8r at alle som vil, bare kan forsyne seg. Vi synes synd p\u00e5 dere som bor der. <\/p>\n","protected":false},"excerpt":{"rendered":"Stortingsvalget 2025:\u00a0 Investor Jan Petter Sissener frykter alvorlige konsekvenser for norsk n\u00e6ringsliv. Sveits-utflytter Kjartan Aas mener nordmenn har&hellip;\n","protected":false},"author":2,"featured_media":30401,"comment_status":"","ping_status":"","sticky":false,"template":"","format":"standard","meta":{"footnotes":""},"categories":[10],"tags":[20,21,24,25,15,4877,201,22,23,13,30,28,29,14,16,776,26,27,518],"class_list":{"0":"post-30400","1":"post","2":"type-post","3":"status-publish","4":"format-standard","5":"has-post-thumbnail","7":"category-norge","8":"tag-breaking-news","9":"tag-breakingnews","10":"tag-featured-news","11":"tag-featurednews","12":"tag-headlines","13":"tag-jan-petter-sissener","14":"tag-jonas-gahr-store","15":"tag-latest-news","16":"tag-latestnews","17":"tag-news","18":"tag-no","19":"tag-norge","20":"tag-norway","21":"tag-nyheter","22":"tag-overskrifter","23":"tag-stortingsvalg-2025","24":"tag-top-stories","25":"tag-topstories","26":"tag-valg"},"share_on_mastodon":{"url":"","error":""},"_links":{"self":[{"href":"https:\/\/www.europesays.com\/no\/wp-json\/wp\/v2\/posts\/30400","targetHints":{"allow":["GET"]}}],"collection":[{"href":"https:\/\/www.europesays.com\/no\/wp-json\/wp\/v2\/posts"}],"about":[{"href":"https:\/\/www.europesays.com\/no\/wp-json\/wp\/v2\/types\/post"}],"author":[{"embeddable":true,"href":"https:\/\/www.europesays.com\/no\/wp-json\/wp\/v2\/users\/2"}],"replies":[{"embeddable":true,"href":"https:\/\/www.europesays.com\/no\/wp-json\/wp\/v2\/comments?post=30400"}],"version-history":[{"count":0,"href":"https:\/\/www.europesays.com\/no\/wp-json\/wp\/v2\/posts\/30400\/revisions"}],"wp:featuredmedia":[{"embeddable":true,"href":"https:\/\/www.europesays.com\/no\/wp-json\/wp\/v2\/media\/30401"}],"wp:attachment":[{"href":"https:\/\/www.europesays.com\/no\/wp-json\/wp\/v2\/media?parent=30400"}],"wp:term":[{"taxonomy":"category","embeddable":true,"href":"https:\/\/www.europesays.com\/no\/wp-json\/wp\/v2\/categories?post=30400"},{"taxonomy":"post_tag","embeddable":true,"href":"https:\/\/www.europesays.com\/no\/wp-json\/wp\/v2\/tags?post=30400"}],"curies":[{"name":"wp","href":"https:\/\/api.w.org\/{rel}","templated":true}]}}