{"id":304709,"date":"2026-07-28T08:57:19","date_gmt":"2026-07-28T08:57:19","guid":{"rendered":"https:\/\/www.europesays.com\/no\/304709\/"},"modified":"2026-07-28T08:57:19","modified_gmt":"2026-07-28T08:57:19","slug":"carola-haggkvist-vraket-fra-tv-bryllup","status":"publish","type":"post","link":"https:\/\/www.europesays.com\/no\/304709\/","title":{"rendered":"Carola H\u00e4ggkvist vraket fra TV-bryllup:"},"content":{"rendered":"<p class=\"kicker \" style=\"\">Joakim og Jonna Lundell gifter seg:<\/p>\n<p class=\"subtitle \" style=\"\">Carola H\u00e4ggkvist skulle b\u00e5de vie kjendisparet og synge i bryllupet. Men brudens reaksjon f\u00f8rte til at \u00abFr\u00e4mling\u00bb-stjernen m\u00e5tte avlyse.\u00a0<\/p>\n<p>\n    SA JA &#8211; FIKK NEI: Carola H\u00e4ggkvist sa ja til \u00e5 opptre i det profilerte bryllupet til Joakim og Jonna Lundell, men fikk brutalt nei fra bruden. Dermed ble artisten tvunget til \u00e5 avlyse hele oppdraget. Foto: NTB\n  <\/p>\n<p>Det svenske ekteparet Joakim (40) og Jonna Lundell (32), fra TV4-serien \u00abJocke och Jonna &#8211; lovar och sv\u00e4r\u00bb, er for tiden i full gang med forberedelsene til sitt store jubileumsbryllup som finner sted i august.<\/p>\n<p class=\"font-weight-bold m-font-weight-bold\" data-lab-font_weight=\"font-weight-bold\">130 gjester er ventet p\u00e5 den store dagen, og i skrivende stund f\u00f8lger seere b\u00e5de her til lands og i \u00abS\u00f6ta bror\u00bb spent med p\u00e5 prosessen.<\/p>\n<p>Men kort tid f\u00f8r festen finner sted, har det n\u00e5 blitt tr\u00f8bbel i t\u00e5rnet.\u00a0<\/p>\n<p>&#8211; Sykt\u00a0\t<\/p>\n<p>I bryllupet trengs det naturlig nok underholdning. Og da parets koordinator og bryllupsplanlegger, Olivia Lindegren, ville overraske bruden med \u00e5 booke hennes absolutte favorittartist, la hun ned en formidabel innsats for \u00e5 f\u00e5 tak i pop-yndlingen og \u00abFr\u00e4mling\u00bb-stjernen Carola H\u00e4ggkvist (58).\u00a0<\/p>\n<p>    <a itemprop=\"url\" href=\"https:\/\/www.seher.no\/kjendis\/det-gjor-vondt-i-hjertet\/84919856\" rel=\"nofollow noopener\" target=\"_blank\"><\/p>\n<p>        <img loading=\"lazy\" decoding=\"async\" src=\"https:\/\/www.europesays.com\/no\/wp-content\/uploads\/2026\/07\/1785229036_680_84926401.webp\" width=\"980\" height=\"441\" alt=\"\" class=\"lazyload\" style=\"--aspect-ratio-image: 2.22; \"\/><\/p>\n<p>        &#8211; Gj\u00f8r vondt i hjertet<\/p>\n<p>    <\/a><\/p>\n<p class=\"font-weight-bold m-font-weight-bold\" data-lab-font_weight=\"font-weight-bold\">Etter iherdig jobbing og kontakt med Carolas agent, lyktes Lindegren med \u00e5 f\u00e5 den svenske artistlegenden til \u00e5 takke ja. Ikke bare til \u00e5 synge, men ogs\u00e5 til \u00e5 vie paret.<\/p>\n<p>&#8211; Jeg tror s\u00f8ren meg jeg l\u00f8ste det. Hvor sykt er ikke det? Jeg h\u00e5per Jocke og Jonna d\u00e5ner n\u00e5r jeg forteller dette. Hvis ikke &#8230;!, sier Lindegren i episoden, if\u00f8lge<a href=\"https:\/\/www.aftonbladet.se\/nojesbladet\/a\/K8br8X\/jonna-lundell-carola-ska-inte-viga-brollopet\" rel=\"nofollow noopener\" target=\"_blank\"> svenske Aftonbladet.<\/a>\u00a0<\/p>\n<p>        <img loading=\"lazy\" decoding=\"async\" src=\"https:\/\/www.europesays.com\/no\/wp-content\/uploads\/2026\/07\/84948261.webp\" width=\"667\" height=\"521\" alt=\"\" class=\"\" style=\"--aspect-ratio-image: 1.28; \"\/><\/p>\n<p>\n        JOBBER P\u00c5: Planlegger og koordinator Olivia Lindegren har hatt flere pr\u00f8velser i TV4-programmet. Foto: Skjermdump fra TV4\n    <\/p>\n<p>Nekter: &#8211; Passer ikke inn\t<\/p>\n<p>Men overraskelsen gikk overhodet ikke som planlagt. Da nyheten ble overbrakt Jonna Lundell, var beskjeden krystallklar:\u00a0<\/p>\n<p class=\"font-weight-bold m-font-weight-bold\" data-lab-font_weight=\"font-weight-bold\">Carola m\u00e5tte avbookes umiddelbart.<\/p>\n<p>I episoden forteller nemlig Jonna at Carola ikke er en person hun vil skal vie henne &#8211; blant annet fordi de ikke deler samme tro. Dette fordi<a href=\"https:\/\/www.aftonbladet.se\/nojesbladet\/tv\/a\/Ql8BBV\/carola-darfor-gick-jag-med-i-livets-ord\" rel=\"nofollow noopener\" target=\"_blank\">\u00a0Carola er kristen<\/a>, mens Jonna selv er ikke-troende.<\/p>\n<p>        T\u00c5REV\u00c5TT: Carola H\u00e4ggkvist klarer ikke holde t\u00e5rene tilbake n\u00e5r hun overraskes av en spesiell gjest under en av l\u00e5tene i \u00abHver gang vi m\u00f8tes\u00bb. Reporter Marthe Karlson Nielsen. Video: Thea Hope\/ TV 2\/ R\u00f8d L\u00f8per<\/p>\n<p>Heller ikke ideen om at Carola i det minste kunne synge under festen ble m\u00f8tt med begeistring.<\/p>\n<p>&#8211; Jeg ser ikke helt hva hun skulle sunget. Jeg vil ha en litt \u00abr\u00f8ff\u00bb fest, og hun passer ikke inn i det, sier bruden, selv om hun understreker at hun ellers setter pris p\u00e5 artisten.<\/p>\n<p>        <img loading=\"lazy\" decoding=\"async\" src=\"https:\/\/www.europesays.com\/no\/wp-content\/uploads\/2026\/07\/84948262.webp\" width=\"667\" height=\"554\" alt=\"\" class=\"\" style=\"--aspect-ratio-image: 1.20; \"\/><\/p>\n<p>\n        IKKE FORN\u00d8YD: Jonna var lite begeistret for bryllupsplanleggerens overraskelse. Foto: Skjermdump fra TV4\n    <\/p>\n<p>&#8211; J\u00e6**a kj\u00e6rring!\t<\/p>\n<p>For bryllupsplanleggeren ble avslaget alt annet enn godt mottatt, etter timevis med arbeid for \u00e5 lande avtalen. I TV-programmet tordner hun foran kamera, og sier at hun brukte en hel dag p\u00e5 \u00e5 f\u00e5 tak i den svenske sangstjernen.\u00a0<\/p>\n<p>    <a itemprop=\"url\" href=\"https:\/\/www.seher.no\/kjendis\/han-spredte-bena\/84209654\" rel=\"nofollow noopener\" target=\"_blank\"><\/p>\n<p>        <img loading=\"lazy\" decoding=\"async\" src=\"https:\/\/www.europesays.com\/no\/wp-content\/uploads\/2026\/07\/82613805.webp\" width=\"980\" height=\"441\" alt=\"\" class=\"lazyload\" style=\"--aspect-ratio-image: 2.22; \"\/><\/p>\n<p>        \u00abHan spredte bena\u00bb<\/p>\n<p>    <\/a><\/p>\n<p class=\"font-weight-bold m-font-weight-bold\" data-lab-font_weight=\"font-weight-bold\">Til bruden selv la hun heller ikke skjul p\u00e5 sin oppgitthet:<\/p>\n<p class=\"font-weight-normal m-font-weight-normal\" data-lab-font_weight=\"font-weight-normal\">&#8211; Pokker alts\u00e5, j\u00e6**a kj\u00e6rring! utbryter hun, mens Jonna selv ler av reaksjonen.<\/p>\n<p class=\"italic m-italic\" data-lab-italic=\"italic\">Aftonbladet har v\u00e6rt i kontakt med Carolas team. Verken teamet &#8211; eller Carola selv &#8211; har gitt noen kommentar.\u00a0Se og H\u00f8r har ogs\u00e5 kontaktet Carola for en kommentar, forel\u00f8pig uten hell.\u00a0<\/p>\n<p>        <img loading=\"lazy\" decoding=\"async\" src=\"https:\/\/www.europesays.com\/no\/wp-content\/uploads\/2026\/07\/84948484.webp\" width=\"667\" height=\"854\" alt=\"\" class=\"\" style=\"--aspect-ratio-image: 0.78; \"\/><\/p>\n<p>\n        FALT IKKE I GOD JORD: Bryllupsplanleggeren trodde hun hadde klekket ut den perfekte plan. Men ekteparet var ikke forn\u00f8yde. Foto: Skjermdump fra Instagram \/ @jonnalundell\n    <\/p>\n<p>Snuoperasjon &#8211; igjen\t<\/p>\n<p class=\"no_italic m-no_italic\" data-lab-italic=\"\">Siden Lindegren ble tvunget til \u00e5 avlyse Carola, m\u00e5 hun n\u00e5 &#8211; med bryllupsfesten n\u00e6rt forest\u00e5ende &#8211; kjappe seg og finne en annen artist til \u00e5 underholde de 130 gjestene.\u00a0<\/p>\n<p class=\"no_italic m-no_italic font-weight-bold m-font-weight-bold\" data-lab-italic=\"\" data-lab-font_weight=\"font-weight-bold\">Det er ikke den eneste snuoperasjonen som har blitt gjort den siste tiden.<\/p>\n<p class=\"no_italic m-no_italic\" data-lab-italic=\"\">I TV4-serien kom det nemlig nylig frem at influenserparet <a href=\"https:\/\/www.seher.no\/kjendis\/det-gjor-vondt-i-hjertet\/84919856\" rel=\"nofollow noopener\" target=\"_blank\">m\u00e5tte snu p\u00e5 h\u00e6len<\/a>, hva angikk lokasjon for festen, grunnet \u00f8konomisk hodebry.\u00a0<\/p>\n<p class=\"no_italic m-no_italic\" data-lab-italic=\"\">I forrige episode reiste paret til Nice i Frankrike for \u00e5 finne det perfekte stedet. Da de fant slottet de \u00f8nsket seg, trodde de at bryllupsdr\u00f8mmen endelig ville g\u00e5 i oppfyllelse.\u00a0<\/p>\n<p>        G\u00c5R GALT: Carola H\u00e4ggkvist har pr\u00f8vd seg p\u00e5 en st\u00e5hjuling p\u00e5 en strand i Sverige, men det gikk ikke helt bra. Video: carolaofficiell<\/p>\n<p class=\"no_italic m-no_italic font-weight-bold m-font-weight-bold\" data-lab-italic=\"\" data-lab-font_weight=\"font-weight-bold\">Men prislappen satte en stopper for det hele: Slottet ville nemlig ha kostet paret over \u00e9n million norske kroner &#8211; og d\u00e9t\u00a0f\u00f8r utgifter til gjester, overnatting og ekstra tillegg var regnet med.<\/p>\n<p>&#8211; Det blir sikkert en sluttsum p\u00e5 to og en halv til tre millioner kroner. Jeg visste at det var for godt til \u00e5 v\u00e6re sant, sa Joakim i episoden.\u00a0<\/p>\n<p>    <a itemprop=\"url\" href=\"https:\/\/www.seher.no\/kjendis\/misset-fodselen\/72749972\" rel=\"nofollow noopener\" target=\"_blank\"><\/p>\n<p>        <img loading=\"lazy\" decoding=\"async\" src=\"https:\/\/www.europesays.com\/no\/wp-content\/uploads\/2026\/07\/72739678.webp\" width=\"980\" height=\"441\" alt=\"\" class=\"lazyload\" style=\"--aspect-ratio-image: 2.22; \"\/><\/p>\n<p>        Misset f\u00f8dselen<\/p>\n<p>    <\/a><\/p>\n<p>Jonna, som ble tydelig skuffet over at dr\u00f8mmestedet var for dyrt, sa at prislappen var et stort sjokk.<\/p>\n<p>&#8211; Det gj\u00f8r vondt i hjertet. Man blir bare lei seg, sa hun, og inns\u00e5 sammen med ektemannen at de m\u00e5tte finne seg et bryllupssted i Sverige likevel.<\/p>\n<p>Ekteparets bryllupsfest skal\u00a0etter planen direktesendes p\u00e5 TV4 den 23. august. Hvor festen holdes, og hvem som skal underholde gjestene, er forel\u00f8pig et mysterium.\u00a0<\/p>\n","protected":false},"excerpt":{"rendered":"Joakim og Jonna Lundell gifter seg: Carola H\u00e4ggkvist skulle b\u00e5de vie kjendisparet og synge i bryllupet. Men brudens&hellip;\n","protected":false},"author":2,"featured_media":304710,"comment_status":"","ping_status":"","sticky":false,"template":"","format":"standard","meta":{"footnotes":"","_share_on_mastodon":"0"},"categories":[12],"tags":[20,21,183,7787,24,25,15,24533,24532,479,2543,22,23,13,30,28,29,14,16,2587,26,27,7815,42,43,44,45],"class_list":["post-304709","post","type-post","status-publish","format-standard","has-post-thumbnail","category-verden","tag-breaking-news","tag-breakingnews","tag-bryllup","tag-carola-haggkvist","tag-featured-news","tag-featurednews","tag-headlines","tag-joakim-lundell","tag-jonna-lundell","tag-kjendis","tag-kjendisdesken","tag-latest-news","tag-latestnews","tag-news","tag-no","tag-norge","tag-norway","tag-nyheter","tag-overskrifter","tag-reality","tag-top-stories","tag-topstories","tag-tv4","tag-verden","tag-world","tag-world-news","tag-worldnews"],"share_on_mastodon":{"url":"https:\/\/pubeurope.com\/@no\/116996777971856029","error":""},"_links":{"self":[{"href":"https:\/\/www.europesays.com\/no\/wp-json\/wp\/v2\/posts\/304709","targetHints":{"allow":["GET"]}}],"collection":[{"href":"https:\/\/www.europesays.com\/no\/wp-json\/wp\/v2\/posts"}],"about":[{"href":"https:\/\/www.europesays.com\/no\/wp-json\/wp\/v2\/types\/post"}],"author":[{"embeddable":true,"href":"https:\/\/www.europesays.com\/no\/wp-json\/wp\/v2\/users\/2"}],"replies":[{"embeddable":true,"href":"https:\/\/www.europesays.com\/no\/wp-json\/wp\/v2\/comments?post=304709"}],"version-history":[{"count":0,"href":"https:\/\/www.europesays.com\/no\/wp-json\/wp\/v2\/posts\/304709\/revisions"}],"wp:featuredmedia":[{"embeddable":true,"href":"https:\/\/www.europesays.com\/no\/wp-json\/wp\/v2\/media\/304710"}],"wp:attachment":[{"href":"https:\/\/www.europesays.com\/no\/wp-json\/wp\/v2\/media?parent=304709"}],"wp:term":[{"taxonomy":"category","embeddable":true,"href":"https:\/\/www.europesays.com\/no\/wp-json\/wp\/v2\/categories?post=304709"},{"taxonomy":"post_tag","embeddable":true,"href":"https:\/\/www.europesays.com\/no\/wp-json\/wp\/v2\/tags?post=304709"}],"curies":[{"name":"wp","href":"https:\/\/api.w.org\/{rel}","templated":true}]}}