{"id":304855,"date":"2026-07-28T11:37:12","date_gmt":"2026-07-28T11:37:12","guid":{"rendered":"https:\/\/www.europesays.com\/no\/304855\/"},"modified":"2026-07-28T11:37:12","modified_gmt":"2026-07-28T11:37:12","slug":"skadesmell-for-bodo-glimt-for-cl-kvalifisering-hakon-evjen-ute-i-en-periode","status":"publish","type":"post","link":"https:\/\/www.europesays.com\/no\/304855\/","title":{"rendered":"Skadesmell for Bod\u00f8\/Glimt f\u00f8r CL-kvalifisering \u2013 H\u00e5kon Evjen ute i en periode"},"content":{"rendered":"\n<p class=\"_lead_145nj_2 _lead_6fko5_53 layout-component text-serif-m layout-normal text-serif-l layout-component layout-wide layout-padded _wide_17hqh_1 layout-padded\">H\u00e5kon Evjen blir trolig ikke klar til Bod\u00f8\/Glimts to kamper mot Union St. Gilloise i tredje kvalifiseringsrunde til Champions League.<\/p>\n<p><img alt=\"H\u00e5kon Evjen m\u00e5tte hjelpes av banen i kampen mot Sandefjord.  Foto: Trond R. Teigen \/ NTB\" class=\"_image_jw3bv_65 layout-component layout-wide\" data-fullscreen- data-track-element-type=\"Article image fullscreen\" data-track-name=\"ImageFullscreen\" fetchpriority=\"high\" decoding=\"sync\" loading=\"eager\" height=\"2956\" itemprop=\"image\"  src=\"https:\/\/www.europesays.com\/no\/wp-content\/uploads\/2026\/07\/e9a1fcc1-50c0-3a2d-bd91-9539c9d1e8c7.jpeg\"  style=\"object-position:0% 0%\" width=\"4434\"\/>H\u00e5kon Evjen m\u00e5tte hjelpes av banen i kampen mot Sandefjord.  Foto: Trond R. Teigen \/ NTB<\/p>\n<ul aria-hidden=\"true\" class=\"_images_ntbth_112\">\n<li><a class=\"_link_ntbth_117\" href=\"https:\/\/www.vg.no\/forfatter\/ntb\" style=\"z-index:1\" title=\"NTB\" rel=\"nofollow noopener\" target=\"_blank\"><img alt=\"Bilde av NTB\" class=\"_image_ntbth_93\" fetchpriority=\"low\" loading=\"lazy\" decoding=\"async\" itemprop=\"image\"  src=\"https:\/\/www.europesays.com\/no\/wp-content\/uploads\/2026\/07\/1785238631_876_c33980b0-5d07-4027-84a1-813f90a7c8d6.jpeg\"  width=\"480\"\/><\/a><\/li>\n<\/ul>\n<p> Oppdatert tirsdag 28. juli kl. 13:18    <\/p>\n<ul class=\"_list_145nj_3 _list_64s2r_85 _unordered_145nj_106 text-sans-m\">\n<li class=\"_item_145nj_30\">H\u00e5kon Evjen blir sannsynligvis ikke klar til Bod\u00f8\/Glimts to kamper mot Union St. Gilloise i Champions League-kvalifiseringen.<\/li>\n<li class=\"_item_145nj_30\">Glimt bekrefter kneskaden og antyder at Evjen blir ute en periode.<\/li>\n<li class=\"_item_145nj_30\">Dette er et stort tap for Glimt, som jakter Champions League-plass for andre \u00e5ret p\u00e5 rad.<\/li>\n<\/ul>\n<p>Vis mer <\/p>\n<p class=\"_paragraph_145nj_4 _paragraph_6fko5_10 layout-component text-serif-m layout-normal text-serif-m layout-padded\">Glimt bekrefter skaden p\u00e5 <a href=\"https:\/\/www.glimt.no\/nyheter\/oppdatering-rundt-hakon-evjen\" class=\"_link_145nj_39\" rel=\"nofollow noopener\" target=\"_blank\">sitt nettsted.<\/a><\/p>\n<p class=\"_paragraph_145nj_4 _paragraph_6fko5_10 layout-component text-serif-m layout-normal text-serif-m layout-padded\">\u2013 H\u00e5kon p\u00e5dro seg en skade i kneet. Etter unders\u00f8kelser b\u00e5de s\u00f8ndag og mandag viser det at H\u00e5kon blir satt ut av spill en periode framover, sier lege Morten S\u00f8rg\u00e5rd.<\/p>\n<p class=\"_paragraph_145nj_4 _paragraph_6fko5_10 layout-component text-serif-m layout-normal text-serif-m layout-padded\">Det er sv\u00e6rt d\u00e5rlig nytt for Kjetil Knutsen og co., som skal fors\u00f8ke \u00e5 kvalifisere seg til Champions League for andre sesong p\u00e5 rad i n\u00e6rmeste fremtid.<\/p>\n<p class=\"_paragraph_145nj_4 _paragraph_6fko5_10 layout-component text-serif-m layout-normal text-serif-m layout-padded\">Evjen m\u00e5tte byttes ut etter bare et knapt kvarter p\u00e5 banen i Glimts kamp mot Sandefjord s\u00f8ndag. 26-\u00e5ringen fra Narvik landet forkj\u00e6rt p\u00e5 kneet etter at han ble taklet og m\u00e5tte stupe over Sandefjord-keeper Elias Hadaya.<\/p>\n<p class=\"_paragraph_145nj_4 _paragraph_6fko5_10 layout-component text-serif-m layout-normal text-serif-m layout-padded\">\u2013 De hiver seg inn bak ham, og han bommer i det han skal sette ned foten og vrir kneet sitt. Den er litt ekkel, sa Glimt-trener Kjetil Knutsen til TV 2 etter kampen.<\/p>\n<p class=\"_paragraph_145nj_4 _paragraph_6fko5_10 layout-component text-serif-m layout-normal text-serif-m layout-padded\">Etter f\u00f8rst \u00e5 ha reist seg opp og pr\u00f8vd \u00e5 riste av seg smellen, m\u00e5tte Evjen ta telling og legge seg ned. Deretter m\u00e5tte han ha hjelp til \u00e5 halte av banen.<\/p>\n<p><img alt=\"Foto: Carina Johansen \/ NTB\" class=\"_image_jw3bv_65 layout-component layout-normal\" data-fullscreen- data-track-element-type=\"Article image fullscreen\" data-track-name=\"ImageFullscreen\" decoding=\"async\" loading=\"lazy\" height=\"4979\" itemprop=\"image\"  src=\"https:\/\/www.europesays.com\/no\/wp-content\/uploads\/2026\/07\/9490177b-bde9-3d3e-83bf-c108e80cd5e6.jpeg\"  style=\"object-position:0% 0%\" width=\"7468\"\/>Foto: Carina Johansen \/ NTB<\/p>\n<p class=\"_paragraph_145nj_4 _paragraph_6fko5_10 layout-component text-serif-m layout-normal text-serif-m layout-padded\">Om en dr\u00f8y uke skal Glimt reise til Belgia for \u00e5 m\u00f8te Union St. Gilloise. Den f\u00f8rste av to kamper i tredje kvalifiseringsrunde til Champions League spilles i Oostende tirsdag 4. august. <\/p>\n<p class=\"_paragraph_145nj_4 _paragraph_6fko5_10 layout-component text-serif-m layout-normal text-serif-m layout-padded\">11. august m\u00f8tes lagene p\u00e5 Aspmyra, <a href=\"https:\/\/tv.vg.no\/video\/390460\/bodo-glimt-union-saint-gilloise\" class=\"_link_145nj_39\" rel=\"nofollow noopener\" target=\"_blank\">og den kampen kan du se med VG + Sport.<\/a><\/p>\n","protected":false},"excerpt":{"rendered":"H\u00e5kon Evjen blir trolig ikke klar til Bod\u00f8\/Glimts to kamper mot Union St. Gilloise i tredje kvalifiseringsrunde til&hellip;\n","protected":false},"author":2,"featured_media":304856,"comment_status":"","ping_status":"","sticky":false,"template":"","format":"standard","meta":{"footnotes":"","_share_on_mastodon":"0"},"categories":[59],"tags":[517,706,17963,30,28,29,83,82],"class_list":["post-304855","post","type-post","status-publish","format-standard","has-post-thumbnail","category-sport","tag-bodo-glimt","tag-champions-league","tag-hakon-evjen","tag-no","tag-norge","tag-norway","tag-sport","tag-sports"],"share_on_mastodon":{"url":"https:\/\/pubeurope.com\/@no\/116997407060402492","error":""},"_links":{"self":[{"href":"https:\/\/www.europesays.com\/no\/wp-json\/wp\/v2\/posts\/304855","targetHints":{"allow":["GET"]}}],"collection":[{"href":"https:\/\/www.europesays.com\/no\/wp-json\/wp\/v2\/posts"}],"about":[{"href":"https:\/\/www.europesays.com\/no\/wp-json\/wp\/v2\/types\/post"}],"author":[{"embeddable":true,"href":"https:\/\/www.europesays.com\/no\/wp-json\/wp\/v2\/users\/2"}],"replies":[{"embeddable":true,"href":"https:\/\/www.europesays.com\/no\/wp-json\/wp\/v2\/comments?post=304855"}],"version-history":[{"count":0,"href":"https:\/\/www.europesays.com\/no\/wp-json\/wp\/v2\/posts\/304855\/revisions"}],"wp:featuredmedia":[{"embeddable":true,"href":"https:\/\/www.europesays.com\/no\/wp-json\/wp\/v2\/media\/304856"}],"wp:attachment":[{"href":"https:\/\/www.europesays.com\/no\/wp-json\/wp\/v2\/media?parent=304855"}],"wp:term":[{"taxonomy":"category","embeddable":true,"href":"https:\/\/www.europesays.com\/no\/wp-json\/wp\/v2\/categories?post=304855"},{"taxonomy":"post_tag","embeddable":true,"href":"https:\/\/www.europesays.com\/no\/wp-json\/wp\/v2\/tags?post=304855"}],"curies":[{"name":"wp","href":"https:\/\/api.w.org\/{rel}","templated":true}]}}