{"id":305105,"date":"2026-07-28T15:59:15","date_gmt":"2026-07-28T15:59:15","guid":{"rendered":"https:\/\/www.europesays.com\/no\/305105\/"},"modified":"2026-07-28T15:59:15","modified_gmt":"2026-07-28T15:59:15","slug":"haugesund-skipsfart-grunnstotingen-pa-byneset-kapteinen-erkjenner-skyld","status":"publish","type":"post","link":"https:\/\/www.europesays.com\/no\/305105\/","title":{"rendered":"Haugesund, Skipsfart | Grunnst\u00f8tingen p\u00e5 Byneset: Kapteinen erkjenner skyld"},"content":{"rendered":"\n<p>NCL Salten traff fj\u00e6ra rett ved huset til Johan Helberg p\u00e5 Byneset. Kapteinen erkjenner skyld, melder TV 2.<\/p>\n<p>\u2013 Etter at det ble besluttet tiltale i saken mot kapteinen, tok hans forsvarer kontakt med p\u00e5talemyndigheten og ga uttrykk for at han \u00f8nsket \u00e5 erkjenne straffskyld og \u00f8nsket en tilst\u00e5elsesdom, sier konstituert statsadvokat Ole Andreas Aftret til <a href=\"\\&quot;https:\/\/www.tv2.no\/nyheter\/kapteinen-erkjenner-skyld\/19083294\/\\&quot;\">TV 2<\/a>.<\/p>\n<p>Rederiet North Sea Container Line (NCL) holder til i Haugesund.<\/p>\n<p>  <a href=\"https:\/\/www.h-avis.no\/5-62-2052770\" class=\"related-teaser has-image article--c-MkAkR\" rel=\"nofollow noopener\" target=\"_blank\"><\/p>\n<p>    <img decoding=\"async\" width=\"155\"  loading=\"lazy\"  src=\"https:\/\/www.europesays.com\/no\/wp-content\/uploads\/2026\/07\/cueres_scp-shrbdikd_sHr2bD7Ikd8.jpg\" alt=\"\" class=\"brick-c-cFOWSL\" style=\"\"\/><\/p>\n<p>\n            Les ogs\u00e5<\/p>\n<p>            Kaptein og navigat\u00f8r tiltalt etter at Haugesund-skip grunnst\u00f8tte\n        <\/p>\n<p>  <\/a><\/p>\n<p>Kapteinen var tidligere tiltalt fordi han skrudde av brovaktalarmen og tok med seg n\u00f8kkelen p\u00e5 lugaren. Dette har han tidligere innr\u00f8mmet overfor Kystverket.<\/p>\n<p>Tiltalen mot andrestyrmannen st\u00e5r fortsatt, og saken g\u00e5r videre.<\/p>\n<p>Det var 22. mai 2025 at det 135 meter lange konteinerskipet NCL Salten gikk p\u00e5 grunn, f\u00e5 meter fra et hus p\u00e5 Byneset i Trondheim kommune.<\/p>\n<p>Beboerne i huset m\u00e5tte flytte i flere m\u00e5neder p\u00e5 grunn av faren for at huset kunne rase ut. Det gikk et leirskred da skipet grunnst\u00f8tte, og grunnen var usikker i flere m\u00e5neder.<\/p>\n<p>  <a href=\"https:\/\/www.h-avis.no\/5-62-1873717\" class=\"related-teaser has-image article--c-MkAkR\" rel=\"nofollow noopener\" target=\"_blank\"><\/p>\n<p>    <img decoding=\"async\" width=\"155\"  loading=\"lazy\"  src=\"https:\/\/www.europesays.com\/no\/wp-content\/uploads\/2026\/07\/cueres_scp-shrbdikd_sHr2bD7Ikd8.jpg\" alt=\"\" class=\"brick-c-cFOWSL\" style=\"\"\/><\/p>\n<p>\n            Les ogs\u00e5<\/p>\n<p>            Kapteinen p\u00e5 \u00abNCL Salten\u00bb siktet etter grunnst\u00f8tingen p\u00e5 Byneset\n        <\/p>\n<p>  <\/a><\/p>\n<p>  <a href=\"https:\/\/www.h-avis.no\/5-62-1868907\" class=\"related-teaser has-image article--c-MkAkR\" rel=\"nofollow noopener\" target=\"_blank\"><\/p>\n<p>    <img decoding=\"async\" width=\"155\"  loading=\"lazy\"  src=\"https:\/\/www.europesays.com\/no\/wp-content\/uploads\/2026\/07\/bentehentland.jpg\" alt=\"\" class=\"brick-c-cFOWSL\" style=\"\"\/><\/p>\n<p>\n            Les ogs\u00e5<\/p>\n<p>            Rederi-sjefen i Haugesund: \u2013 Vi er alle preget av denne hendelsen\n        <\/p>\n<p>  <\/a><\/p>\n<p>  <a href=\"https:\/\/www.h-avis.no\/5-62-1868092\" class=\"related-teaser has-image article--c-MkAkR\" rel=\"nofollow noopener\" target=\"_blank\"><\/p>\n<p>    <img decoding=\"async\" width=\"155\"  loading=\"lazy\"  src=\"https:\/\/www.europesays.com\/no\/wp-content\/uploads\/2026\/07\/494336479_473740629134507_7901840991423723253_n.jpg\" alt=\"\" class=\"brick-c-cFOWSL\" style=\"\"\/><\/p>\n<p>\n            Les ogs\u00e5<\/p>\n<p>            Huseieren fikk overraskende beskjed da han v\u00e5knet: \u2013 Jeg oppdaget det ikke\n        <\/p>\n<p>  <\/a><\/p>\n","protected":false},"excerpt":{"rendered":"NCL Salten traff fj\u00e6ra rett ved huset til Johan Helberg p\u00e5 Byneset. Kapteinen erkjenner skyld, melder TV 2.&hellip;\n","protected":false},"author":2,"featured_media":305106,"comment_status":"","ping_status":"","sticky":false,"template":"","format":"standard","meta":{"footnotes":"","_share_on_mastodon":"0"},"categories":[10],"tags":[36,20,21,24,25,1337,15,22,23,12072,13,30,28,29,14,16,1697,1510,26,27],"class_list":["post-305105","post","type-post","status-publish","format-standard","has-post-thumbnail","category-norge","tag-art","tag-breaking-news","tag-breakingnews","tag-featured-news","tag-featurednews","tag-haugesund","tag-headlines","tag-latest-news","tag-latestnews","tag-ncl-salten","tag-news","tag-no","tag-norge","tag-norway","tag-nyheter","tag-overskrifter","tag-skipsfart","tag-story","tag-top-stories","tag-topstories"],"share_on_mastodon":{"url":"https:\/\/pubeurope.com\/@no\/116998437212354391","error":""},"_links":{"self":[{"href":"https:\/\/www.europesays.com\/no\/wp-json\/wp\/v2\/posts\/305105","targetHints":{"allow":["GET"]}}],"collection":[{"href":"https:\/\/www.europesays.com\/no\/wp-json\/wp\/v2\/posts"}],"about":[{"href":"https:\/\/www.europesays.com\/no\/wp-json\/wp\/v2\/types\/post"}],"author":[{"embeddable":true,"href":"https:\/\/www.europesays.com\/no\/wp-json\/wp\/v2\/users\/2"}],"replies":[{"embeddable":true,"href":"https:\/\/www.europesays.com\/no\/wp-json\/wp\/v2\/comments?post=305105"}],"version-history":[{"count":0,"href":"https:\/\/www.europesays.com\/no\/wp-json\/wp\/v2\/posts\/305105\/revisions"}],"wp:featuredmedia":[{"embeddable":true,"href":"https:\/\/www.europesays.com\/no\/wp-json\/wp\/v2\/media\/305106"}],"wp:attachment":[{"href":"https:\/\/www.europesays.com\/no\/wp-json\/wp\/v2\/media?parent=305105"}],"wp:term":[{"taxonomy":"category","embeddable":true,"href":"https:\/\/www.europesays.com\/no\/wp-json\/wp\/v2\/categories?post=305105"},{"taxonomy":"post_tag","embeddable":true,"href":"https:\/\/www.europesays.com\/no\/wp-json\/wp\/v2\/tags?post=305105"}],"curies":[{"name":"wp","href":"https:\/\/api.w.org\/{rel}","templated":true}]}}