{"id":305207,"date":"2026-07-28T17:33:24","date_gmt":"2026-07-28T17:33:24","guid":{"rendered":"https:\/\/www.europesays.com\/no\/305207\/"},"modified":"2026-07-28T17:33:24","modified_gmt":"2026-07-28T17:33:24","slug":"soroyrocken-finnmark-fylket-vet-prisen-pa-alt-men-ikke-verdien-av-noe","status":"publish","type":"post","link":"https:\/\/www.europesays.com\/no\/305207\/","title":{"rendered":"S\u00f8r\u00f8yrocken, Finnmark | Fylket vet prisen p\u00e5 alt, men ikke verdien av noe"},"content":{"rendered":"<p class=\"vignette\">Kronikk<\/p>\n<p class=\"disclaimer\">Dette er en kronikk, skrevet av en ekstern bidragsyter. Kronikken gir uttrykk for skribentens holdninger.<\/p>\n<p><strong>Siden 2018 har jeg tilbragt hver sommer p\u00e5 S\u00f8r\u00f8yrocken, en festival som er blitt mer enn bare et kulturarrangement. Det har gitt meg venner for livet, en elsk for S\u00f8r\u00f8ya og en ny familie av d\u00f8dsflinke folk som driver en festival utenom det vanlige. <a href=\"https:\/\/www.nrk.no\/tromsogfinnmark\/siste-ar-med-soroyrocken-1.17968438\" rel=\"nofollow noopener\" target=\"_blank\">Men n\u00e5 er det slutt.<\/a><\/strong><\/p>\n<p>Jeg startet min tid som frivillig p\u00e5 S\u00f8r\u00f8yrocken sommeren 2018, og forutenom to korona-\u00e5r har jeg v\u00e6rt med i festivalstaben hvert \u00e5r siden den gang. N\u00e5 har jeg v\u00e6rt festivalprodusent i fire \u00e5r, og l\u00e6rt hvor vanskelig det skal v\u00e6re \u00e5 skape noe i Finnmark.<\/p>\n<p>N\u00e5 slipper vi \u00e5 mase og krangle, for n\u00e5 er det slutt. S\u00f8r\u00f8yrocken, som vi kjenner den, er arrangert for siste gang.<\/p>\n<p>Hvert \u00e5r har vi m\u00e5ttet trygle om flere fergeavganger, vi har b\u00f8nnfalt om flere flyruter, og i \u00e5r ble den \u00e5rlige <a href=\"https:\/\/www.nrk.no\/tromsogfinnmark\/soroyrocken-legger-ned_-sommeren-2026-blir-siste-festival-1.17896566\" rel=\"nofollow noopener\" target=\"_blank\">Rockeb\u00e5ten <\/a>fjernet med et pennestr\u00f8k f\u00f8r vi fikk mast oss til \u00e5 f\u00e5 den tilbake. Svaret er alltid \u201cdet er s\u00e5 dyrt\u2019\u201d og \u201cdet er ikke l\u00f8nnsomt.\u201d<\/p>\n<p>   <img decoding=\"async\" width=\"6240\" height=\"4160\" fetchpriority=\"low\"  loading=\"lazy\"  src=\"https:\/\/www.europesays.com\/no\/wp-content\/uploads\/2026\/07\/Snelandia Rockeb%C3%A5t - foto D%C3%A1nil R%C3%B8kke.jpg\" alt=\"\" class=\"brick-c-cFOWSL\" style=\"--brick-image-ratio: 6240 \/ 4160;\"\/><\/p>\n<p>Ja, men se da; ferga er full. K\u00f8en er lengre enn et vondt \u00e5r, og jeg har brukt en del timer st\u00e5ende igjen fordi ferga var full. I \u00e5r forlot flere av gjestene v\u00e5re f\u00f8r festivalen var ferdig i frykt for \u00e5 miste ferga.<\/p>\n<p>Hvert \u00e5r f\u00e5r vi mange sp\u00f8rsm\u00e5l om det er buss eller taxi her ute. Svaret er alltid nei. Vi har pitchet fylkeskommunen flere ganger om \u00e5 sette opp en bussrute her p\u00e5 \u00f8ya denne helga, men det har aldri v\u00e6rt aktuelt.<\/p>\n<p>Okei, kanskje det ikke er l\u00f8nnsomt. Men hvis du skal legge ned alt som ikke er l\u00f8nnsomt her i landet, s\u00e5 er det ikke mye igjen. Gi meg et kollektivtilbud i Finnmark som er l\u00f8nnsomt.<\/p>\n<p>Motgangen<\/p>\n<p>Hvert \u00e5r er det en kamp mot kommunen og fylkeskommunen.<\/p>\n<p>T\u00f8rrfiskloftet, der vi arrangerer festivalen, er eid av kommunen, men det mangler ressurser til \u00e5 vedlikeholde det. Vi har hverken nok str\u00f8m eller utstyr, og bygget har gjennomtrekk selv med stengte d\u00f8rer. Mye av renoveringen har vi m\u00e5ttet gj\u00f8re selv, p\u00e5 dugnad. Kommunen har ogs\u00e5 bedt oss fikse slukkeutstyr og n\u00f8dutganger i et bygg de selv eier.<\/p>\n<p>Er det ikke mulig \u00e5 legge litt godvilje til? Bare litt. Det er alltid vi, som en stort sett frivillig drevet stiftelse, som m\u00e5 fikse og finne l\u00f8sninger, ofte p\u00e5 vegne av andre. F\u00e5r vi hjelp, er det ofte i siste liten. Er det ingen p\u00e5 diverse kontorer som kan v\u00e6re litt proaktive og behjelpelige, og komme til oss og si \u201cvi har fikset dette for dere\u201d i god tid f\u00f8r festivalen?<\/p>\n<p>   <img decoding=\"async\" width=\"1967\" height=\"1322\" fetchpriority=\"low\"  loading=\"lazy\"  src=\"https:\/\/www.europesays.com\/no\/wp-content\/uploads\/2026\/07\/Stemning p%C3%A5 S%C3%B8r%C3%B8yrocken - D%C3%A1nil R%C3%B8kke.png\" alt=\"\" class=\"brick-c-cFOWSL\" style=\"--brick-image-ratio: 1967 \/ 1322;\"\/><\/p>\n<p>  Kroner og \u00f8re<\/p>\n<p>Ikke alt kan m\u00e5les i kroner og \u00f8re. \u00c5 skape bolyst og sosial verdi for befolkningen er vanskelig \u00e5 plotte inn i et regneark. Det m\u00e5 da v\u00e6re mulig \u00e5 se litt opp fra skjermen og forst\u00e5 kulturens verdi i sm\u00e5 samfunn i grisgrente str\u00f8k.<\/p>\n<p>Det virker som om fylket vet prisen p\u00e5 alt, men ikke verdien av noe.<\/p>\n<p>Innad i fylket skylder de p\u00e5 hverandre. Enten er det administrasjonens vedtak, eller s\u00e5 er det politikernes budsjettkutt. Ingen tar ansvar.<\/p>\n<p>Fylket skal ha kudos for at de har <a href=\"https:\/\/www.ffk.no\/tjenester\/kultur-og-kulturarv\/aktuelt-kultur-og-kulturarv\/42-festivaler-far-tilskudd-i-2026.69586.aspx\" rel=\"nofollow noopener\" target=\"_blank\">gitt tilskudd til et stort antall festivaler<\/a> i \u00e5r, men hva skal vi med en slant penger n\u00e5r vi sliter med \u00e5 f\u00e5 folk ut hit? Vi tar heller flere fergeavganger eller en buss enn noen ekstra kronestykker.<\/p>\n<p>Jeg skal v\u00e6re helt \u00e6rlig, hadde det ikke v\u00e6rt for S\u00f8r\u00f8yrocken, hadde jeg ikke gitt fem flate \u00f8re i S\u00f8r\u00f8ya. Jeg hadde sikkert aldri satt mine bein p\u00e5 fergekaia i Hasvik, men i dag er jeg takknemlig for at jeg gjorde det i 2018.<\/p>\n<p>S\u00f8r\u00f8ya er et paradis ute i havgapet langs Finnmarkskysten. Med helt unik natur og fantastiske folk som virkelig st\u00e5r p\u00e5 tross geografiske og v\u00e6rmessige utfordringer. Jeg hadde aldri opplevd dette om det ikke var for S\u00f8r\u00f8yrocken.<\/p>\n<p>   <img decoding=\"async\" width=\"2000\" height=\"1333\" fetchpriority=\"low\"  loading=\"lazy\"  src=\"https:\/\/www.europesays.com\/no\/wp-content\/uploads\/2026\/07\/S%C3%B8r%C3%B8yrocken foto Johannes Vang.jpg\" alt=\"\" class=\"brick-c-cFOWSL\" style=\"--brick-image-ratio: 2000 \/ 1333;\"\/><\/p>\n<p>  Vi m\u00e5 ha noe \u00e5 gj\u00f8re<\/p>\n<p>Jeg tror ikke alle forst\u00e5r hvor viktig kultur er for samhold, identitetsbygging og bolyst. Om stedet du bor p\u00e5 kun kan levere barnehage og sykehjem, og ingen kulturtilbud. Da kan du jo like godt bo hvor som helst.<\/p>\n<p>Det er de spesielle, s\u00e6regne tingene som skaper bolyst og identitet i et lite samfunn.<\/p>\n<p>Og s\u00e5 sitter vi her, i verdens rikeste land, og ser ikke \u201cl\u00f8nnsomheten\u201d i \u00e5 sette opp \u00e9n hurtigb\u00e5t eller et par fergeavganger for \u00f8lt\u00f8rste musikkentusiaster som skal kose seg i midnattssol.<\/p>\n<p>Tar ingen politikere og byr\u00e5krater i Finnmark noe stolthet i arbeidet sitt? Er ikke jobben deres \u00e5 s\u00f8rge for at vi trives? Det er jammen meg ikke rart at min generasjon flytter vekk til byer som kan tilby noe \u00e5 gj\u00f8re, noe \u00e5 oppleve, en kulturell identitet og samhold rundt noe man kan oppleve sammen.<\/p>\n<p>S\u00e5 takk til S\u00f8r\u00f8yrocken, S\u00f8rv\u00e6r og S\u00f8rv\u00e6ringene for seks fine somre. Og takk for ingenting til administrasjonen, politikerne eller hvem enn som ikke ser verdien i det vi holder p\u00e5 med. Jeg h\u00e5per dette blir en \u00f8yevekker for kommunen og fylket, og at resten av Finnmarksfestivalene f\u00e5r hjulene til \u00e5 g\u00e5 rundt.<\/p>\n","protected":false},"excerpt":{"rendered":"Kronikk Dette er en kronikk, skrevet av en ekstern bidragsyter. Kronikken gir uttrykk for skribentens holdninger. Siden 2018&hellip;\n","protected":false},"author":2,"featured_media":305208,"comment_status":"","ping_status":"","sticky":false,"template":"","format":"standard","meta":{"footnotes":"","_share_on_mastodon":"0"},"categories":[10],"tags":[36,20,21,24,25,497,32,15,410,22,23,13,30,28,29,14,1533,16,22282,26,27],"class_list":["post-305207","post","type-post","status-publish","format-standard","has-post-thumbnail","category-norge","tag-art","tag-breaking-news","tag-breakingnews","tag-featured-news","tag-featurednews","tag-festival","tag-finnmark","tag-headlines","tag-kultur","tag-latest-news","tag-latestnews","tag-news","tag-no","tag-norge","tag-norway","tag-nyheter","tag-opinion","tag-overskrifter","tag-soroyrocken","tag-top-stories","tag-topstories"],"share_on_mastodon":{"url":"https:\/\/pubeurope.com\/@no\/116998806272471064","error":""},"_links":{"self":[{"href":"https:\/\/www.europesays.com\/no\/wp-json\/wp\/v2\/posts\/305207","targetHints":{"allow":["GET"]}}],"collection":[{"href":"https:\/\/www.europesays.com\/no\/wp-json\/wp\/v2\/posts"}],"about":[{"href":"https:\/\/www.europesays.com\/no\/wp-json\/wp\/v2\/types\/post"}],"author":[{"embeddable":true,"href":"https:\/\/www.europesays.com\/no\/wp-json\/wp\/v2\/users\/2"}],"replies":[{"embeddable":true,"href":"https:\/\/www.europesays.com\/no\/wp-json\/wp\/v2\/comments?post=305207"}],"version-history":[{"count":0,"href":"https:\/\/www.europesays.com\/no\/wp-json\/wp\/v2\/posts\/305207\/revisions"}],"wp:featuredmedia":[{"embeddable":true,"href":"https:\/\/www.europesays.com\/no\/wp-json\/wp\/v2\/media\/305208"}],"wp:attachment":[{"href":"https:\/\/www.europesays.com\/no\/wp-json\/wp\/v2\/media?parent=305207"}],"wp:term":[{"taxonomy":"category","embeddable":true,"href":"https:\/\/www.europesays.com\/no\/wp-json\/wp\/v2\/categories?post=305207"},{"taxonomy":"post_tag","embeddable":true,"href":"https:\/\/www.europesays.com\/no\/wp-json\/wp\/v2\/tags?post=305207"}],"curies":[{"name":"wp","href":"https:\/\/api.w.org\/{rel}","templated":true}]}}