{"id":305291,"date":"2026-07-28T19:33:14","date_gmt":"2026-07-28T19:33:14","guid":{"rendered":"https:\/\/www.europesays.com\/no\/305291\/"},"modified":"2026-07-28T19:33:14","modified_gmt":"2026-07-28T19:33:14","slug":"kris-jenner-mistet-moren-na-er-dodsarsaken-avslort","status":"publish","type":"post","link":"https:\/\/www.europesays.com\/no\/305291\/","title":{"rendered":"Kris Jenner mistet moren: N\u00e5 er d\u00f8ds\u00e5rsaken avsl\u00f8rt"},"content":{"rendered":"<p class=\"kicker \" style=\"\">Kris Jenner mistet moren:\u00a0<\/p>\n<p class=\"subtitle \" style=\"\">Kardashian-klanen er i dyp sorg etter at matriarken Mary Jo \u00abMJ\u00bb Shannon gikk bort. N\u00e5 avsl\u00f8res detaljene om hennes siste tid.<\/p>\n<p>\n    FAMILIENS MATRIARK: Mary Jo \u00abMJ\u00bb Shannon var et kjent ansikt for seerne av \u00abKeeping Up With the Kardashians\u00bb og seinere \u00abThe Kardashians\u00bb. Her feires hun av familien under sin 81-\u00e5rsdag i Los Angeles i 2014. Foto: Broadimage\/REX\/Shutterstock\n  <\/p>\n<p>Det har v\u00e6rt noen m\u00f8rke dager for den ellers s\u00e5 glamor\u00f8se realityfamilien Kardashian i Los Angeles.\u00a0<\/p>\n<p class=\"font-weight-bold m-font-weight-bold\" data-lab-font_weight=\"font-weight-bold\">Den 16. juli d\u00f8de nemlig Kris Jenners (70) elskede mor, Mary Jo \u00abMJ\u00bb Shannon.\u00a0<\/p>\n<p class=\"font-weight-normal m-font-weight-normal\" data-lab-font_weight=\"font-weight-normal\">Hun ble 91 \u00e5r gammel.<\/p>\n<p>\u00abHjertet i familien\u00bb\t<\/p>\n<p>Det var en knust Kris Jenner som selv delte den triste nyheten med sine hundrevis av millioner f\u00f8lgere p\u00e5 Instagram, kort tid etter morens d\u00f8dsfall.<\/p>\n<p>&#8211; I dag sa vi farvel til min vakre mamma MJ. \ud83d\ude1e\ud83d\udc94 Det finnes ikke ord som kan beskrive hva hun har betydd for meg, eller hjertesorgen ved \u00e5 m\u00e5tte si farvel, skrev kjendis-mammaen \u00e5penhjertig.<\/p>\n<p>Kris la ikke skjul p\u00e5 hvor enormt viktig \u00abMJ\u00bb var for hele Kardashian-imperiet.<\/p>\n<p>&#8211; Hun var selve hjertet i familien v\u00e5r. Hun l\u00e6rte oss \u00e5 elske betingelsesl\u00f8st og \u00e5 finne glede i de sm\u00e5 \u00f8yeblikkene. Hun l\u00e6rte meg \u00e5 m\u00f8te livets utfordringer med styrke og tro. Takk for hvert eneste offer du gjorde, hvert visdomsord du delte, og for at du elsket oss s\u00e5 ubetinget, skrev hun i innlegget.<\/p>\n<p>Dette er d\u00f8ds\u00e5rsaken\t<\/p>\n<p> Mamma Shannon sovnet inn p\u00e5 et sykehus i Los Angeles den 16. juli, og ble kremert uken etter, den 23. juli.\u00a0<\/p>\n<p>    <a itemprop=\"url\" href=\"https:\/\/www.seher.no\/kjendis\/kris-jenner-i-sorg-moren-er-dod\/84912685\" rel=\"nofollow noopener\" target=\"_blank\"><\/p>\n<p>        <img loading=\"lazy\" decoding=\"async\" src=\"https:\/\/www.europesays.com\/no\/wp-content\/uploads\/2026\/07\/84912669.webp\" width=\"980\" height=\"441\" alt=\"\" class=\"lazyload\" style=\"--aspect-ratio-image: 2.22; \"\/><\/p>\n<p>        Kris Jenner i sorg &#8211; moren er d\u00f8d<\/p>\n<p>    <\/a><\/p>\n<p class=\"font-weight-bold m-font-weight-bold\" data-lab-font_weight=\"font-weight-bold\">91-\u00e5ringens d\u00f8ds\u00e5rsak har ikke v\u00e6rt omtalt &#8211; f\u00f8r n\u00e5. <\/p>\n<p class=\"font-weight-normal m-font-weight-normal\" data-lab-font_weight=\"font-weight-normal\">If\u00f8lge d\u00f8dsattesten, som<a href=\"http:\/\/usmagazine.com\/celebrity-news\/news\/kris-jenner-moms-death-certificate-reveals-new-details\/\" rel=\"nofollow noopener\" target=\"_blank\"> magasinet Us Weekly<\/a> har f\u00e5tt innsyn i, sovnet nemlig Shannon inn som f\u00f8lge av akutt hjertestans.\u00a0<\/p>\n<p>I attesten fremg\u00e5r det ogs\u00e5 at hun led av akutt svikt i \u00e5ndedrettsorganene og lungekreft med spredning &#8211; en sykdom hun hadde kjempet mot i flere m\u00e5neder f\u00f8r hun gikk bort, skriver <a href=\"https:\/\/pagesix.com\/2026\/07\/28\/celebrity-news\/kris-jenners-mom-mary-jo-mj-shannons-cause-of-death-at-91-revealed\/\" rel=\"nofollow noopener\" target=\"_blank\">Page Six<\/a>.\u00a0<\/p>\n<p>        <img loading=\"lazy\" decoding=\"async\" src=\"https:\/\/www.europesays.com\/no\/wp-content\/uploads\/2026\/07\/84952411.webp\" width=\"667\" height=\"594\" alt=\"\" class=\"\" style=\"--aspect-ratio-image: 1.12; \"\/><\/p>\n<p>\n        H\u00d8YT ELSKET: Jenners mor Mary Jo \u00abMJ\u00bb Shannon. De to hadde et n\u00e6rt forhold, og Jenner beskriver moren som hjertet i familien. Foto: NTB.\n    <\/p>\n<p>Fast gjest\t<\/p>\n<p>Shannon, f\u00f8dt Mary Jo Campbell, var bestemor til Kim Kardashian (45), Kourtney Kardashian (47), Khlo\u00e9 Kardashian (42), Rob Kardashian (39), Kendall Jenner (30) og Kylie Jenner (28).<\/p>\n<p>Gjennom \u00e5rene ble hun dessuten et kjent ansikt for seerne av b\u00e5de \u00abKeeping Up With the Kardashians\u00bb og Hulu-serien \u00abThe Kardashians\u00bb, der hun jevnlig dukket opp sammen med den verdenskjente familien.<\/p>\n<p>        BRYTER STILLHETEN: Natt til tirsdag 21. juli gikk Kanye West hardt ut p\u00e5 Twitter mot blant annet Kris Jenner, n\u00e5 bryter hun stillheten.<\/p>\n<p>D\u00f8de rett f\u00f8r bursdagen\t<\/p>\n<p>Kardashian-klanen har st\u00e5tt i k\u00f8 for \u00e5 hylle sin kj\u00e6re bestemor i sosiale medier siden Shannons bortgang.<\/p>\n<p class=\"font-weight-bold m-font-weight-bold\" data-lab-font_weight=\"font-weight-bold\">Men ikke alt gikk helt knirkefritt i sorgen.\u00a0<\/p>\n<p>Kim Kardashian (43) havnet f\u00f8rst i strid motvind da hun ved et uhell publiserte et forh\u00e5ndspublisert, ellevilt ferieinnlegg samme dag som mormoren d\u00f8de, skriver <a href=\"https:\/\/pagesix.com\/2026\/07\/28\/celebrity-news\/kris-jenners-mom-mary-jo-mj-shannons-cause-of-death-at-91-revealed\/\" rel=\"nofollow noopener\" target=\"_blank\">Page Six<\/a>.<\/p>\n<p>    <a itemprop=\"url\" href=\"https:\/\/www.seher.no\/kjendis\/foler-seg-ukomfortabel\/84836709\" rel=\"nofollow noopener\" target=\"_blank\"><\/p>\n<p>        <img loading=\"lazy\" decoding=\"async\" src=\"https:\/\/www.europesays.com\/no\/wp-content\/uploads\/2026\/07\/1785267193_722_84857130.webp\" width=\"980\" height=\"441\" alt=\"\" class=\"lazyload\" style=\"--aspect-ratio-image: 2.22; \"\/><\/p>\n<p>        &#8211; F\u00f8ler seg ukomfortabel<\/p>\n<p>    <\/a><\/p>\n<p>Kim var imidlertid raskt ute med \u00e5 rydde opp, og delte kort tid etter en r\u00f8rende og varm hyllest til sin \u00abs\u00f8te mormor\u00bb.<\/p>\n<p>        <img loading=\"lazy\" decoding=\"async\" src=\"https:\/\/www.europesays.com\/no\/wp-content\/uploads\/2026\/07\/84952330.webp\" width=\"686\" height=\"872\" alt=\"\" class=\"\" style=\"--aspect-ratio-image: 0.79; \"\/><\/p>\n<p>\n        Foto: Skjermdump fra Instagram \/@kimkardashian\n    <\/p>\n<p>Tragedien rammer familien ekstra hardt da MJ gikk bort bare ti dager f\u00f8r sin 92-\u00e5rsdag, skriver kjendisnettstedet videre.\u00a0<\/p>\n<p>    <a itemprop=\"url\" href=\"https:\/\/www.seher.no\/kjendis\/na-svarer-hun\/84158674\" rel=\"nofollow noopener\" target=\"_blank\"><\/p>\n<p>        <img loading=\"lazy\" decoding=\"async\" src=\"https:\/\/www.europesays.com\/no\/wp-content\/uploads\/2026\/07\/84158875.webp\" width=\"980\" height=\"441\" alt=\"\" class=\"lazyload\" style=\"--aspect-ratio-image: 2.22; \"\/><\/p>\n<p>        N\u00e5 svarer hun<\/p>\n<p>    <\/a><\/p>\n<p>Det har generelt v\u00e6rt et t\u00f8ft \u00e5r for Kris Jenner. I mars 2024 mistet hun ogs\u00e5 lilles\u00f8steren sin, Karen Houghton, som br\u00e5tt gikk bort av hjertestans, bare 65 \u00e5r gammel. N\u00e5 m\u00e5 den mektige TV-familien st\u00f8tte seg p\u00e5 hverandre i den tunge tiden.<\/p>\n","protected":false},"excerpt":{"rendered":"Kris Jenner mistet moren:\u00a0 Kardashian-klanen er i dyp sorg etter at matriarken Mary Jo \u00abMJ\u00bb Shannon gikk bort.&hellip;\n","protected":false},"author":2,"featured_media":305292,"comment_status":"","ping_status":"","sticky":false,"template":"","format":"standard","meta":{"footnotes":"","_share_on_mastodon":"0"},"categories":[58],"tags":[576,71,8512,1861,479,2543,3586,30,28,29,2587,207,72],"class_list":["post-305291","post","type-post","status-publish","format-standard","has-post-thumbnail","category-underholdning","tag-dodsfall","tag-entertainment","tag-keeping-up-with-the-kardashians","tag-kim-kardashian","tag-kjendis","tag-kjendisdesken","tag-kris-jenner","tag-no","tag-norge","tag-norway","tag-reality","tag-tv","tag-underholdning"],"share_on_mastodon":{"url":"https:\/\/pubeurope.com\/@no\/116999278715577964","error":""},"_links":{"self":[{"href":"https:\/\/www.europesays.com\/no\/wp-json\/wp\/v2\/posts\/305291","targetHints":{"allow":["GET"]}}],"collection":[{"href":"https:\/\/www.europesays.com\/no\/wp-json\/wp\/v2\/posts"}],"about":[{"href":"https:\/\/www.europesays.com\/no\/wp-json\/wp\/v2\/types\/post"}],"author":[{"embeddable":true,"href":"https:\/\/www.europesays.com\/no\/wp-json\/wp\/v2\/users\/2"}],"replies":[{"embeddable":true,"href":"https:\/\/www.europesays.com\/no\/wp-json\/wp\/v2\/comments?post=305291"}],"version-history":[{"count":0,"href":"https:\/\/www.europesays.com\/no\/wp-json\/wp\/v2\/posts\/305291\/revisions"}],"wp:featuredmedia":[{"embeddable":true,"href":"https:\/\/www.europesays.com\/no\/wp-json\/wp\/v2\/media\/305292"}],"wp:attachment":[{"href":"https:\/\/www.europesays.com\/no\/wp-json\/wp\/v2\/media?parent=305291"}],"wp:term":[{"taxonomy":"category","embeddable":true,"href":"https:\/\/www.europesays.com\/no\/wp-json\/wp\/v2\/categories?post=305291"},{"taxonomy":"post_tag","embeddable":true,"href":"https:\/\/www.europesays.com\/no\/wp-json\/wp\/v2\/tags?post=305291"}],"curies":[{"name":"wp","href":"https:\/\/api.w.org\/{rel}","templated":true}]}}