{"id":30562,"date":"2025-09-09T09:20:09","date_gmt":"2025-09-09T09:20:09","guid":{"rendered":"https:\/\/www.europesays.com\/no\/30562\/"},"modified":"2025-09-09T09:20:09","modified_gmt":"2025-09-09T09:20:09","slug":"apple-rykter-apple-lanserer-8-nye-produkter-i-kveld-inkludert-iphone-17","status":"publish","type":"post","link":"https:\/\/www.europesays.com\/no\/30562\/","title":{"rendered":"Apple, Rykter | Apple lanserer 8 nye produkter i kveld, inkludert iPhone 17"},"content":{"rendered":"\n<p>Klokken 19 i kveld har Apple sin \u00e5rlige storlansering der en ny generasjon med mobiltelefoner og en h\u00e5ndfull andre nyheter slippes.<\/p>\n<p>Navnet p\u00e5 \u00e5rets lansering er \u00abawe dropping\u00bb. I motsetning til tidligere \u00e5r, er det ikke helt \u00e5penbart hva de sikter til.<\/p>\n<p>Dette er de heteste ryktene f\u00f8r lanseringen.<\/p>\n<p>Les ogs\u00e5: <a class=\"simple-relation related-teaser article--c-eRUmMG article--c-eRUmMG-fZoQSp-design-nettavisen article--c-eRUmMG-gwthdJ-cv\" href=\"https:\/\/www.nettavisen.no\/vi-byttet-fra-iphone-til-android-slik-gikk-det\/f\/5-95-2557994\" rel=\"nofollow noopener\" target=\"_blank\">Vi byttet fra iPhone til Android: Slik gikk det<\/a><\/p>\n<p>iPhone 17 Air<\/p>\n<p>I \u00e5r kommer det en helt ny iPhone-modell, kalt Air med 6,6-tommers skjerm. Den erstatter iPhone Plus, som ikke har v\u00e6rt noen stor suksess.<\/p>\n<p>Denne skal v\u00e6re rundt to millimeter tynnere enn dagens modeller, og vil i stor grad v\u00e6re sammenlignbar med Samsungs nye Edge-modell der design st\u00e5r i h\u00f8ysetet.<\/p>\n<p>   <img decoding=\"async\" width=\"1600\" height=\"900\" fetchpriority=\"low\"  loading=\"lazy\"  src=\"https:\/\/www.europesays.com\/no\/wp-content\/uploads\/2025\/09\/iPhone-16-Pro-vs-iPhone-17-Air-Feature.jpg\" alt=\"\" class=\"brick-c-cFOWSL\" style=\"--brick-image-ratio: 1600 \/ 900;\"\/><\/p>\n<p>De seneste ryktene tyder p\u00e5 at modellen <a rel=\"Follow nofollow noopener\" href=\"https:\/\/www.macworld.com\/article\/2901629\/entire-iphone-17-ranges-battery-specs-revealed-in-massive-leak.html\" target=\"_blank\">ikke vil f\u00e5 s\u00e5 d\u00e5rlig batteri som ryktet for en m\u00e5neds tid siden<\/a>, trass den tynne kroppen.<\/p>\n<p>Dette vil derimot ikke bli noe kameramonster, da alt tyder p\u00e5 at den bare vil f\u00e5 ett kamera p\u00e5 baksiden. Det blir ogs\u00e5 en telefon som trolig kun har eSIM i Europa.<\/p>\n<p>iPhone 17<\/p>\n<p>Apple ser endelig ut til \u00e5 ta tak i basismodellens st\u00f8rste utfordring: Den trege oppdateringsfrekvensen p\u00e5 skjermen p\u00e5 dagens standardmodeller.<\/p>\n<p><b>Ryktene skal ha det til at alle \u00e5rets modeller vil f\u00e5 \u00abProMotion\u00bb, som betyr at maksimal oppdateringsfrekvens \u00f8kes fra 60 til 120 Hz<\/b><\/p>\n<p>Dette gir merkbart jevnere bevegelser p\u00e5 skjermen. Dette er en type oppgradering som en gjerne ikke tenker s\u00e5 mye p\u00e5 f\u00f8r man har opplevd det, og aldri vil g\u00e5 tilbake.<\/p>\n<p>   <img decoding=\"async\" width=\"1600\" height=\"900\" fetchpriority=\"low\"  loading=\"lazy\"  src=\"https:\/\/www.europesays.com\/no\/wp-content\/uploads\/2025\/09\/iPhone-17-Base-Model-Rumored-to-Come-in-New-Green-and-Purple-Colors-Feature.jpg\" alt=\"\" class=\"brick-c-cFOWSL\" style=\"--brick-image-ratio: 1600 \/ 900;\"\/><\/p>\n<p>Telefonen skal ogs\u00e5 bli marginalt st\u00f8rre, med en oppgradering fra 6,1 til 6,3 tommer. Det vil gj\u00f8re at den f\u00e5r samme st\u00f8rrelse som den minste Pro-modellen.<\/p>\n<p>Selfie-kameraet skal ogs\u00e5 f\u00e5 en betydelig oppgradering fra 12 til 24 megapiksler. Hovedgevinsten vil i s\u00e5 fall v\u00e6re at man kan gj\u00f8re tettere utsnitt (\u00abzoom\u00bb) uten nevneverdig tap av bildekvalitet.<\/p>\n<p>Ellers ser telefonene ut til \u00e5 f\u00e5 en ganske fargefull palett \u00e5 velge mellom, inkludert lysebl\u00e5, gr\u00f8nn og lilla.<\/p>\n<p>Rykteb\u00f8rsen er ikke helt enig med seg selv om telefonen vil beholde A18-prosessoren, eller om den vil bli oppgradert til A19.<\/p>\n<p>iPhone 17 Pro<\/p>\n<p>Det var mye st\u00e5hei for introduksjon av titan i Pro-modellene, og n\u00e5 skal det allerede v\u00e6re historie, forteller ryktene. N\u00e5 g\u00e5r Apple tilbake til aluminium \u2013 som b\u00e5de er mykere og tyngre, men vesentlig billigere. Baksiden skal ogs\u00e5 bli en blanding av glass og aluminium.<\/p>\n<p>Ny prosessor vil selvsagt v\u00e6re p\u00e5 plass (A19 pro), og 12 GB minne skal sikre bedre ytelse. Samtidig er meldingene at Apple har oppdatert kj\u00f8lel\u00f8sningen (fordamingskammer) for \u00e5 sikre at telefonen skal t\u00e5le mer belastning uten \u00e5 redusere ytelse.<\/p>\n<p><b>Telefonen vil f\u00e5 det tidligere omtalte selfiekameraet p\u00e5 24 megapiksler, mens det p\u00e5 baksiden skal v\u00e6re et oppdatert teleobjektiv (3,5x) med 48 megapikslers oppl\u00f8sning<\/b><\/p>\n<p>Enda mer interessant er det hevdes at Pro-modellene vil f\u00e5 <a rel=\"Follow nofollow noopener\" href=\"https:\/\/www.macrumors.com\/2024\/07\/23\/iphone-17-mechanical-aperture-rumor\/\" target=\"_blank\">mekanisk blender<\/a> (lar deg justere hvor mye lys som slippes inn p\u00e5 bildesensoren), noe som i s\u00e5 fall vil bety at man for f\u00f8rste gang kan f\u00e5 optisk kontroll over dybdeskarphet. Det vil \u00e5pne for blant annet mye bedre portrettfotografering.<\/p>\n<p>iPhone 17 Pro Max<\/p>\n<p>Skal vi tro 9to5Mac, vil Max-modellen i \u00e5r f\u00f8rst og fremst skille seg ut i st\u00f8rrelse. Den vil selvsagt ha en skjerm p\u00e5 6,9 tommer, men vil ogs\u00e5 v\u00e6re tykkere enn de andre modellene.<\/p>\n<p>Hensikten skal v\u00e6re \u00e5 f\u00e5 p\u00e5 plass et st\u00f8rre batteri, som ryktes \u00e5 v\u00e6re rundt 5000 mAh, opp fra ca. 4700 mAh p\u00e5 dagens utgave.<\/p>\n<p>Tidligere rykter om et voldsomt teleobjektiv som konkurrerer med Samsungs 10x, har i stor grad svunnet hen.<\/p>\n<p>AirPods Pro 3<\/p>\n<p>De ekstremt popul\u00e6re \u00f8reproppene AirPods Pro har i lengre tid blitt ryktet \u00e5 v\u00e6re klar for en oppgradering.<\/p>\n<p>   <img decoding=\"async\" width=\"3640\" height=\"2002\" fetchpriority=\"low\"  loading=\"lazy\"  src=\"https:\/\/www.europesays.com\/no\/wp-content\/uploads\/2025\/09\/airpods4-4.jpg\" alt=\"\" class=\"brick-c-cFOWSL\" style=\"--brick-image-ratio: 3640 \/ 2002;\"\/><\/p>\n<p>    AirPods Pro 3 skal etter ryktene f\u00e5 en mindre boks, som ligner med p\u00e5 AirPods 4.<\/p>\n<p>Blant nyhetene skal i alle fall v\u00e6re en raskere prosessor for bedre st\u00f8ydemping og en pulssensor.<\/p>\n<p>Det har v\u00e6rt full forvirring rundt lanseringstidspunktet, men de fleste ser n\u00e5 ut til \u00e5 mene at det faktisk skjer tirsdag.<\/p>\n<p>Apple Watch Series 11, Ultra 3 og SE<\/p>\n<p>Det ser ut til \u00e5 bli full relansering av alle Apples smartklokker.<\/p>\n<p>   <img decoding=\"async\" width=\"2000\" height=\"1400\" fetchpriority=\"low\"  loading=\"lazy\"  src=\"https:\/\/www.europesays.com\/no\/wp-content\/uploads\/2025\/09\/watch10-sammen1.jpg\" alt=\"\" class=\"brick-c-cFOWSL\" style=\"--brick-image-ratio: 2000 \/ 1400;\"\/><\/p>\n<p>    Watch 9, 10 og Ultra 2<\/p>\n<ul>\n<li>Standardmodellen Series 11 skal if\u00f8lge ryktene kun f\u00e5 ytelsesforbedringer<\/li>\n<li>Ultra-modellen hevedes \u00e5 f\u00e5 en helt marginalt st\u00f8rre skjerm, men ellers forbli den samme. Den skal ogs\u00e5 f\u00e5 st\u00f8tte for \u00e5 kommunisere med satellitter for dekning ogs\u00e5 i omr\u00e5der uten mobildekning<\/li>\n<li>Billigutgaven SE kommer 3. generasjon. Designet skal f\u00f8lge det som vi er vant til i Series 7-9, som var helt marginalt tykkere enn Series 10.<\/li>\n<\/ul>\n<p>Les ogs\u00e5: <a class=\"simple-relation related-teaser article--c-eRUmMG article--c-eRUmMG-fZoQSp-design-nettavisen article--c-eRUmMG-iYqjuU-model-review article--c-eRUmMG-dVRqVF-cv article--c-eRUmMG-gwthdJ-cv\" href=\"https:\/\/www.nettavisen.no\/test-apple-watch-series-10-er-nesten-sjokkerende-bra\/r\/5-95-2033942\" rel=\"nofollow noopener\" target=\"_blank\">Test: Apple Watch Series 10 er nesten sjokkerende bra<\/a><\/p>\n<p>Den store jokeren: Prisen<\/p>\n<p>Et av de virkelig store sp\u00f8rsm\u00e5lene f\u00f8r kveldens lansering, er priser. Dollarkursen har svekket seg ganske markant det siste halve \u00e5ret, og tidligere har den v\u00e6rt en viktig faktor for hvor stor prisendringene har blitt i Norge.<\/p>\n<p>If\u00f8lge JPMorgan ligger det an til at det bli ingen eller forholdsvis sm\u00e5 prisendringer &#8211; m\u00e5lt i dollar. Dermed er det i alle fall p\u00e5 papiret mulig at prisene i Norge kan g\u00e5 ned.<\/p>\n<p>Fasiten kommer tirsdag kveld.<\/p>\n","protected":false},"excerpt":{"rendered":"Klokken 19 i kveld har Apple sin \u00e5rlige storlansering der en ny generasjon med mobiltelefoner og en h\u00e5ndfull&hellip;\n","protected":false},"author":2,"featured_media":30563,"comment_status":"","ping_status":"","sticky":false,"template":"","format":"standard","meta":{"footnotes":""},"categories":[57],"tags":[30,28,29,65,63,64,66,70,69,67,68],"class_list":{"0":"post-30562","1":"post","2":"type-post","3":"status-publish","4":"format-standard","5":"has-post-thumbnail","7":"category-vitenskap-og-teknologi","8":"tag-no","9":"tag-norge","10":"tag-norway","11":"tag-science","12":"tag-science-and-technology","13":"tag-scienceandtechnology","14":"tag-technology","15":"tag-teknologi","16":"tag-vitenskap","17":"tag-vitenskap-og-teknologi","18":"tag-vitenskapteknologi"},"share_on_mastodon":{"url":"","error":""},"_links":{"self":[{"href":"https:\/\/www.europesays.com\/no\/wp-json\/wp\/v2\/posts\/30562","targetHints":{"allow":["GET"]}}],"collection":[{"href":"https:\/\/www.europesays.com\/no\/wp-json\/wp\/v2\/posts"}],"about":[{"href":"https:\/\/www.europesays.com\/no\/wp-json\/wp\/v2\/types\/post"}],"author":[{"embeddable":true,"href":"https:\/\/www.europesays.com\/no\/wp-json\/wp\/v2\/users\/2"}],"replies":[{"embeddable":true,"href":"https:\/\/www.europesays.com\/no\/wp-json\/wp\/v2\/comments?post=30562"}],"version-history":[{"count":0,"href":"https:\/\/www.europesays.com\/no\/wp-json\/wp\/v2\/posts\/30562\/revisions"}],"wp:featuredmedia":[{"embeddable":true,"href":"https:\/\/www.europesays.com\/no\/wp-json\/wp\/v2\/media\/30563"}],"wp:attachment":[{"href":"https:\/\/www.europesays.com\/no\/wp-json\/wp\/v2\/media?parent=30562"}],"wp:term":[{"taxonomy":"category","embeddable":true,"href":"https:\/\/www.europesays.com\/no\/wp-json\/wp\/v2\/categories?post=30562"},{"taxonomy":"post_tag","embeddable":true,"href":"https:\/\/www.europesays.com\/no\/wp-json\/wp\/v2\/tags?post=30562"}],"curies":[{"name":"wp","href":"https:\/\/api.w.org\/{rel}","templated":true}]}}