{"id":305713,"date":"2026-07-29T08:45:17","date_gmt":"2026-07-29T08:45:17","guid":{"rendered":"https:\/\/www.europesays.com\/no\/305713\/"},"modified":"2026-07-29T08:45:17","modified_gmt":"2026-07-29T08:45:17","slug":"aurora-gude-om-sommerens-rode-flagg-og-drommedestinasjoner","status":"publish","type":"post","link":"https:\/\/www.europesays.com\/no\/305713\/","title":{"rendered":"Aurora Gude om sommerens r\u00f8de flagg og dr\u00f8mmedestinasjoner"},"content":{"rendered":"<p class=\"kicker \" style=\"\">Sommerpraten:<\/p>\n<p class=\"subtitle \" style=\"\">\u00abHot girl summer\u00bb har bydd p\u00e5 flere overraskende hendelser for TV-profilen, som har kastet seg inn i dating-markedet.\u00a0<\/p>\n<p>\n    HOT GIRL SUMMER: Aurora Gude forteller til Se og H\u00f8r at hun har tilbragt sommeren i sommerkjoler med gode venner &#8211; samt dratt p\u00e5 noen spontane dates. Foto: Privat\n  <\/p>\n<p>TV-profil og programleder Aurora Gude (34) har holdt seg i Oslo denne sommeren, noe som har bydd p\u00e5 b\u00e5de hummer og kanari.\u00a0<\/p>\n<p>    <a itemprop=\"url\" href=\"https:\/\/www.seher.no\/kjendis\/sikret-seg-drommeleilighet\/84447348\" rel=\"nofollow noopener\" target=\"_blank\"><\/p>\n<p>        <img loading=\"lazy\" decoding=\"async\" src=\"https:\/\/www.europesays.com\/no\/wp-content\/uploads\/2026\/07\/1785314712_628_84448274.webp\" width=\"980\" height=\"441\" alt=\"\" class=\"lazyload\" style=\"--aspect-ratio-image: 2.22; \"\/><\/p>\n<p>        Sikret seg dr\u00f8mmeleilighet<\/p>\n<p>    <\/a><\/p>\n<p>Hun er nettopp ferdig med \u00e5 pusse opp sin nye leilighet, og det er her hun befinner seg n\u00e5r Se og H\u00f8r sl\u00e5r p\u00e5 tr\u00e5den for \u00e5rets Sommerprat.\u00a0<\/p>\n<p class=\"italic m-italic\" data-lab-italic=\"italic\">&#8211; Hvor er du akkurat n\u00e5?<\/p>\n<p>&#8211; N\u00e5 er jeg hjemme, i den nye leiligheten min p\u00e5 R\u00f8a. Jeg har hatt en rolig morgen, g\u00e5tt en lang tur med hundene og sett p\u00e5 reiser, forteller hun.\u00a0<\/p>\n<p>        <img loading=\"lazy\" decoding=\"async\" src=\"https:\/\/www.europesays.com\/no\/wp-content\/uploads\/2026\/07\/84949972.webp\" width=\"667\" height=\"728\" alt=\"\" class=\"\" style=\"--aspect-ratio-image: 0.92; \"\/><\/p>\n<p>\n        PUSSET OPP SELV: Aurora Gude brettet opp ermene da hun kj\u00f8pte leiligheten p\u00e5 R\u00f8a i Oslo. N\u00e5 er den ferdig. Foto: Privat\n    <\/p>\n<p>Ettersom sommeren har g\u00e5tt til oppussing har hun ikke hatt tid til \u00e5 reise, men Gude r\u00f8per at hun har sett p\u00e5 flere mulige dr\u00f8mmedestinasjoner som hun kan r\u00f8mme til n\u00e5r h\u00f8stm\u00f8rket setter inn for alvor.\u00a0<\/p>\n<p>&#8211;\u00a0 Jeg har f\u00e5tt veldig lyst til \u00e5 reise til Sri Lanka. N\u00e5r det blir kaldt og m\u00f8rkt her, s\u00e5 kan jeg heller reise dit, sier hun.<\/p>\n<p>    <a itemprop=\"url\" href=\"https:\/\/www.seher.no\/kjendis\/hardt-ut-utdatert-og-unyansert\/83886638\" rel=\"nofollow noopener\" target=\"_blank\"><\/p>\n<p>        <img loading=\"lazy\" decoding=\"async\" src=\"https:\/\/www.europesays.com\/no\/wp-content\/uploads\/2026\/07\/83886599.webp\" width=\"980\" height=\"441\" alt=\"\" class=\"lazyload\" style=\"--aspect-ratio-image: 2.22; \"\/><\/p>\n<p>        Hardt ut: &#8211; Utdatert og unyansert<\/p>\n<p>    <\/a><\/p>\n<p class=\"font-weight-bold m-font-weight-bold\" data-lab-font_weight=\"font-weight-bold\">&#8211; Hva har du p\u00e5 deg akkurat n\u00e5, og hvilket plagg har du brukt mest denne sommeren? <\/p>\n<p>&#8211; N\u00e5 har jeg p\u00e5 treningskl\u00e6r. I sommer har det v\u00e6rt todelt, enten treningskl\u00e6r eller fine sommerkjoler. Jeg har hatt et prosjekt \u00abhot girl summer\u00bb, og har f\u00e5tt trent mye og v\u00e6rt mye ute og m\u00f8tt folk, forteller hun.<\/p>\n<p>        <img loading=\"lazy\" decoding=\"async\" src=\"https:\/\/www.europesays.com\/no\/wp-content\/uploads\/2026\/07\/84949978.webp\" width=\"667\" height=\"814\" alt=\"\" class=\"\" style=\"--aspect-ratio-image: 0.82; \"\/><\/p>\n<p>\n        SOMMER: Aurora Gude har nytt finv\u00e6ret hjemme i Norge denne sommeren. Foto: Privat\n    <\/p>\n<p>Denne sommeren har hun v\u00e6rt en \u00abja-dame\u00bb, og har fors\u00f8kt \u00e5 takke ja til det meste som kommer av invitasjoner.\u00a0<\/p>\n<p>Men \u00e5 si ja til alt har ogs\u00e5 sine baksider.\u00a0<\/p>\n<p>&#8211; Selve invitasjonene har ikke v\u00e6rt s\u00e5 rare, men konsekvensene av \u00e5 takke ja kan v\u00e6re store. Det er mange vandrende r\u00f8de flagg, for \u00e5 si det s\u00e5nn, sier hun og gir noen eksempler.\u00a0<\/p>\n<p>    <a itemprop=\"url\" href=\"https:\/\/www.seher.no\/kjendis\/jeg-er-drittlei\/84915621\" rel=\"nofollow noopener\" target=\"_blank\"><\/p>\n<p>        <img loading=\"lazy\" decoding=\"async\" src=\"https:\/\/www.europesays.com\/no\/wp-content\/uploads\/2026\/07\/84914698.webp\" width=\"980\" height=\"441\" alt=\"\" class=\"lazyload\" style=\"--aspect-ratio-image: 2.22; \"\/><\/p>\n<p>        &#8211; Jeg er drittlei<\/p>\n<p>    <\/a><\/p>\n<p>Hun forteller at en date valgte \u00e5 bestille mat til bare seg selv, og ikke henne, da de m\u00f8ttes for en date. En annen stilte henne et sp\u00f8rsm\u00e5l som fikk henne til \u00e5 stusse.<\/p>\n<p class=\"font-weight-bold m-font-weight-bold\" data-lab-font_weight=\"font-weight-bold\">&#8211; En av dem lurte p\u00e5 om jeg hadde noen l\u00f8sning p\u00e5 \u00e5 virke smartere p\u00e5 TV. Da svarte jeg: \u00abJeg synes at alt jeg gj\u00f8r er ganske bra, jeg f\u00e5r jobber og er p\u00e5 TV\u00bb, ler hun, og legger til at han ble litt forfjamset av svaret hennes.\u00a0<\/p>\n<p>        Det er finale i \u00abNorges dummeste\u00bb, finalistene er Aurora Gude og Mayoo Indiran, og det er sv\u00e6rt jevnt.<\/p>\n<p>&#8211; Hva unner du deg om sommeren som du vanligvis ikke gj\u00f8r? <\/p>\n<p>&#8211; Det er vel mer alkohol egentlig, det er ikke alltid at jeg venter til helgen med kos. Matmessig spiser jeg som vanlig. Mye champagne, det er vel det beste jeg f\u00e5r.\u00a0<\/p>\n<p>&#8211; Hvor mange uker ferie tar du i \u00e5r, eller hvorfor tar du ikke ferie? <\/p>\n<p>&#8211; Jeg har hatt ferie, men ikke ferie, p\u00e5 en m\u00e5te. Det har v\u00e6rt veldig fint i Oslo i sommer, med mye spontane planer. Jeg elsker \u00e5 v\u00e6re spontan, men man blir jo sliten av \u00e5 v\u00e6re ute og fly, erkjenner hun.<\/p>\n<p>        <img loading=\"lazy\" decoding=\"async\" src=\"https:\/\/www.europesays.com\/no\/wp-content\/uploads\/2026\/07\/84950576.webp\" width=\"667\" height=\"714\" alt=\"\" class=\"\" style=\"--aspect-ratio-image: 0.93; \"\/><\/p>\n<p>\n        TID FOR VENN: Sommeren har ogs\u00e5 g\u00e5tt til kvalitetstid med venner, forteller Gude. Foto: Privat\n    <\/p>\n<p class=\"italic m-italic\" data-lab-italic=\"italic\">&#8211;\u00a0Hva gj\u00f8r du for \u00e5 koble helt av? <\/p>\n<p>&#8211; Tidligere denne sommeren var jeg p\u00e5 spa-ferie med hundene. Vi, eller jeg da, drakk champagne, tok spa, og tok alt i rolig tempo. S\u00e5 var jeg en p\u00e5 en date der ogs\u00e5, r\u00f8per hun.\u00a0<\/p>\n<p>        <img loading=\"lazy\" decoding=\"async\" src=\"https:\/\/www.europesays.com\/no\/wp-content\/uploads\/2026\/07\/84950500.webp\" width=\"667\" height=\"801\" alt=\"\" class=\"\" style=\"--aspect-ratio-image: 0.83; \"\/><\/p>\n<p>\n        SPA MED HUNDENE: Aurora Gude tok med hundene sine p\u00e5 spa i Moss for \u00e5 avkoble. Foto: Privat\n    <\/p>\n<p class=\"italic m-italic\" data-lab-italic=\"italic\">&#8211;\u00a0Legger du planer for dagene dine eller lar du humla suse i ferien? <\/p>\n<p>&#8211; N\u00e5 har det v\u00e6rt mye humle-sus. Men i dag er jeg litt rastl\u00f8s, s\u00e5 kanskje det blir noe planer.\u00a0<\/p>\n<p>        HARDT UT: Influenser Aurora Gude er b\u00e5de redd og sint f\u00f8r VM-folkefesten inntar Oslos gater.Video: Karolina Grace\/Nora Skavhaug\/R\u00f8d L\u00f8per. <\/p>\n<p>&#8211; Hva er ditt beste sommerminne? <\/p>\n<p>&#8211; Det er mange gode. Det m\u00e5 kanskje v\u00e6re da jeg hadde hest da jeg var mindre. Da vi red rundt i solskinnet og h\u00f8rte p\u00e5 musikk fra mobilen, s\u00e5nn det var den gang. Og selvf\u00f8lgelig bursdagen min i juni. Med \u00e9n gang den n\u00e6rmer seg er det kosetid.\u00a0<\/p>\n<p>        <img loading=\"lazy\" decoding=\"async\" src=\"https:\/\/www.europesays.com\/no\/wp-content\/uploads\/2026\/07\/84950502.webp\" width=\"667\" height=\"728\" alt=\"\" class=\"\" style=\"--aspect-ratio-image: 0.92; \"\/><\/p>\n<p>\n        SAMMENSATT: Sommeren har best\u00e5tt av b\u00e5de trening og kos. Foto: Privat\n    <\/p>\n<p class=\"italic m-italic\" data-lab-italic=\"italic\">&#8211; Hva er ditt verste sommerminne?<\/p>\n<p>&#8211; Det var nok en sommer med en eks. Han ikke ville dra p\u00e5 stranden eller spise ute eller gj\u00f8re noe, bare sitte inne og krangle. Jeg husker at jeg tenkte: \u00abHva gj\u00f8r jeg her?\u00bb. Ellers synes jeg at alle somre har v\u00e6rt veldig bra, avslutter hun.\u00a0<\/p>\n","protected":false},"excerpt":{"rendered":"Sommerpraten: \u00abHot girl summer\u00bb har bydd p\u00e5 flere overraskende hendelser for TV-profilen, som har kastet seg inn i&hellip;\n","protected":false},"author":2,"featured_media":305714,"comment_status":"","ping_status":"","sticky":false,"template":"","format":"standard","meta":{"footnotes":"","_share_on_mastodon":"0"},"categories":[58],"tags":[6801,1926,71,479,2543,30,28,29,23472,72],"class_list":["post-305713","post","type-post","status-publish","format-standard","has-post-thumbnail","category-underholdning","tag-aurora-gude","tag-dating","tag-entertainment","tag-kjendis","tag-kjendisdesken","tag-no","tag-norge","tag-norway","tag-sommerpraten","tag-underholdning"],"share_on_mastodon":{"url":"https:\/\/pubeurope.com\/@no\/117002393000277684","error":""},"_links":{"self":[{"href":"https:\/\/www.europesays.com\/no\/wp-json\/wp\/v2\/posts\/305713","targetHints":{"allow":["GET"]}}],"collection":[{"href":"https:\/\/www.europesays.com\/no\/wp-json\/wp\/v2\/posts"}],"about":[{"href":"https:\/\/www.europesays.com\/no\/wp-json\/wp\/v2\/types\/post"}],"author":[{"embeddable":true,"href":"https:\/\/www.europesays.com\/no\/wp-json\/wp\/v2\/users\/2"}],"replies":[{"embeddable":true,"href":"https:\/\/www.europesays.com\/no\/wp-json\/wp\/v2\/comments?post=305713"}],"version-history":[{"count":0,"href":"https:\/\/www.europesays.com\/no\/wp-json\/wp\/v2\/posts\/305713\/revisions"}],"wp:featuredmedia":[{"embeddable":true,"href":"https:\/\/www.europesays.com\/no\/wp-json\/wp\/v2\/media\/305714"}],"wp:attachment":[{"href":"https:\/\/www.europesays.com\/no\/wp-json\/wp\/v2\/media?parent=305713"}],"wp:term":[{"taxonomy":"category","embeddable":true,"href":"https:\/\/www.europesays.com\/no\/wp-json\/wp\/v2\/categories?post=305713"},{"taxonomy":"post_tag","embeddable":true,"href":"https:\/\/www.europesays.com\/no\/wp-json\/wp\/v2\/tags?post=305713"}],"curies":[{"name":"wp","href":"https:\/\/api.w.org\/{rel}","templated":true}]}}