{"id":30579,"date":"2025-09-09T09:32:28","date_gmt":"2025-09-09T09:32:28","guid":{"rendered":"https:\/\/www.europesays.com\/no\/30579\/"},"modified":"2025-09-09T09:32:28","modified_gmt":"2025-09-09T09:32:28","slug":"sport-fotball-siste-jorn-andersen-avviser-at-han-har-fatt-sparken-som-fotballtrener-i-kina-2","status":"publish","type":"post","link":"https:\/\/www.europesays.com\/no\/30579\/","title":{"rendered":"Sport, Fotball | SISTE: J\u00f8rn Andersen avviser at han har f\u00e5tt sparken som fotballtrener i Kina"},"content":{"rendered":"\n<p><b>SISTE: Andersen avviser at han har f\u00e5tt sparken som trener i Yunnan, melder Nettavisen i en oppdatert sak mandag ettermiddag. <a href=\"https:\/\/www.nettavisen.no\/sport\/kinesiske-medier-jorn-andersen-har-fatt-sparken\/s\/5-95-2606356\" rel=\"Follow nofollow noopener\" target=\"_blank\">Les mer her.<\/a><\/b><\/p>\n<p>Fansen skal ha blitt overrasket<\/p>\n<p>If\u00f8lge kinesiske medier ble det tidligere i dag, mandag, meldt at fotballtreneren J\u00f8rn Andersen f\u00e5tt sparken i klubben Yunnan Yukun.<\/p>\n<p>NRK meldte om saken f\u00f8rst i Norge.<\/p>\n<p>Avgj\u00f8relsen om \u00e5 sparke Andersen skal ha kommet overraskende p\u00e5 fansen, skriver nettstedet Soccer Watch.<\/p>\n<p>Rykket opp i fjor<\/p>\n<p>Andersens klubb rykket nemlig opp til den \u00f8verste divisjonen i fjor og har prestert bra etter opprykket. Klubben ligger i skrivende stund p\u00e5 en \u00e5ttendeplass p\u00e5 tabellen, men har v\u00e6rt helt oppe p\u00e5 en sjetteplass. <\/p>\n<p>Andersen har de siste \u00e5rene hatt flere trenerjobber i Asia. Han har blant annet trent landslagene til Nord-Korea og Hongkong, samt v\u00e6rt klubbtrener i S\u00f8r-Korea.<\/p>\n<p>Rumensk trener kan overta<\/p>\n<p>Andersen, som er f\u00f8dt i Norge, men har tysk statsborgerskap, spilte 27 landskamper og fem m\u00e5l for Norge. Han overtok som trener i Yunnan Yukun f\u00f8r den innev\u00e6rende sesongen.<\/p>\n<p>I klubben har hadde han blant andre den norsk-kinesiske spilleren John Ho S\u00e6ther.<\/p>\n<p>Rumenske Marius Sumudica nevnes n\u00e5 som en aktuell kandidat til \u00e5 overta etter Fredrikstad-mannen. <\/p>\n<p>Spilte p\u00e5 FFK<\/p>\n<p>Andersen, som spilte for Fredrikstad og V\u00e5lerenga i Norge, er kanskje mest kjent for tiden i Tyskland under sin tid som aktiv. Han var blant annet i storklubber som Eintracht Frankfurt og Hamburger SV.<\/p>\n<p>62-\u00e5ringen har ogs\u00e5 hatt flere trenerjobber i Tyskland og erstattet for eksempel J\u00fcrgen Klopp som hovedtrener for Mainz 05 i 2008.<\/p>\n<p>Andersen: \u2013 Ikke f\u00e5tt slik beskjed<\/p>\n<p>Andersen sl\u00e5r alts\u00e5 tilbake mandag ettermiddag, mot rapportene om trener-oppsigelse, og sier det ikke medf\u00f8rer riktighet.<\/p>\n<p>\u2013 Til n\u00e5 stemmer ikke dette, sier Andersen til <a rel=\"Follow nofollow noopener\" href=\"https:\/\/www.dagbladet.no\/sport\/har-ikke-fatt-sparken\/83562089\" target=\"_blank\">Dagbladet<\/a> og uttrykker sin irritasjon over det som har blitt meldt i media.<\/p>\n<p>Han opplyste videre at han nylig hadde kommet hjem fra trening, alt var som vanlig, og han hadde ikke f\u00e5tt noen slik beskjed fra klubben.<\/p>\n","protected":false},"excerpt":{"rendered":"SISTE: Andersen avviser at han har f\u00e5tt sparken som trener i Yunnan, melder Nettavisen i en oppdatert sak&hellip;\n","protected":false},"author":2,"featured_media":29811,"comment_status":"","ping_status":"","sticky":false,"template":"","format":"standard","meta":{"footnotes":""},"categories":[59],"tags":[36,92,4795,30,28,29,83,82,1510],"class_list":{"0":"post-30579","1":"post","2":"type-post","3":"status-publish","4":"format-standard","5":"has-post-thumbnail","7":"category-sport","8":"tag-art","9":"tag-fotball","10":"tag-jorn-andersen","11":"tag-no","12":"tag-norge","13":"tag-norway","14":"tag-sport","15":"tag-sports","16":"tag-story"},"share_on_mastodon":{"url":"","error":""},"_links":{"self":[{"href":"https:\/\/www.europesays.com\/no\/wp-json\/wp\/v2\/posts\/30579","targetHints":{"allow":["GET"]}}],"collection":[{"href":"https:\/\/www.europesays.com\/no\/wp-json\/wp\/v2\/posts"}],"about":[{"href":"https:\/\/www.europesays.com\/no\/wp-json\/wp\/v2\/types\/post"}],"author":[{"embeddable":true,"href":"https:\/\/www.europesays.com\/no\/wp-json\/wp\/v2\/users\/2"}],"replies":[{"embeddable":true,"href":"https:\/\/www.europesays.com\/no\/wp-json\/wp\/v2\/comments?post=30579"}],"version-history":[{"count":0,"href":"https:\/\/www.europesays.com\/no\/wp-json\/wp\/v2\/posts\/30579\/revisions"}],"wp:featuredmedia":[{"embeddable":true,"href":"https:\/\/www.europesays.com\/no\/wp-json\/wp\/v2\/media\/29811"}],"wp:attachment":[{"href":"https:\/\/www.europesays.com\/no\/wp-json\/wp\/v2\/media?parent=30579"}],"wp:term":[{"taxonomy":"category","embeddable":true,"href":"https:\/\/www.europesays.com\/no\/wp-json\/wp\/v2\/categories?post=30579"},{"taxonomy":"post_tag","embeddable":true,"href":"https:\/\/www.europesays.com\/no\/wp-json\/wp\/v2\/tags?post=30579"}],"curies":[{"name":"wp","href":"https:\/\/api.w.org\/{rel}","templated":true}]}}