{"id":305821,"date":"2026-07-29T10:27:20","date_gmt":"2026-07-29T10:27:20","guid":{"rendered":"https:\/\/www.europesays.com\/no\/305821\/"},"modified":"2026-07-29T10:27:20","modified_gmt":"2026-07-29T10:27:20","slug":"bergen-foreldrene-nekter-straffskyld-for-a-ha-kidnappet-barnet-sitt-fra-barnevernets-omsorg","status":"publish","type":"post","link":"https:\/\/www.europesays.com\/no\/305821\/","title":{"rendered":"Bergen: Foreldrene nekter straffskyld for \u00e5 ha kidnappet barnet sitt fra barnevernets omsorg"},"content":{"rendered":"<p><strong>Gutten som forsvant fra barnevernets omsorg i Bergen og senere ble funnet i Sverige, er n\u00e5 tilbake i Norge, opplyser politiet.<\/strong><\/p>\n<p>Saken startet etter at gutten banket p\u00e5 hos en nabo i juni. Opplysninger fra naboen f\u00f8rte til at politiet innledet etterforskning, og guttens mor og stefar ble p\u00e5grepet og siktet for vold mot barnet. Begge ble varetektsfengslet og senere l\u00f8slatt. Etter l\u00f8slatelsen overtok barnevernet omsorgen for gutten.<\/p>\n<p><strong>Endte opp i Sverige<\/strong><\/p>\n<p>Kort tid senere forsvant han etter \u00e5 ha uteblitt fra en avtale med barnevernet. Politiet opplyser at digitale spor f\u00f8rte dem til Sverige. Moren og stefaren ble deretter p\u00e5grepet p\u00e5 nytt, denne gangen siktet for bortf\u00f8ring. En tredje person er ogs\u00e5 siktet for \u00e5 ha bist\u00e5tt.<\/p>\n<p>Politiadvokat Are Nyg\u00e5rd Bergh bekrefter at gutten n\u00e5 er hentet tilbake.<\/p>\n<p>\u2013 Vi er glade for at gutten er tilbake i Norge, sier Bergh til <a href=\"https:\/\/www.bt.no\/krim\/i\/2poom4\/gutten-banket-paa-hos-naboen-noen-uker-senere-forsvant-han\" rel=\"nofollow noopener\" target=\"_blank\">Bergens Tidende<\/a>.<\/p>\n<p><strong>Nekter straffskyld<\/strong><\/p>\n<p>Gutten er igjen under barnevernets omsorg og er forel\u00f8pig ikke avh\u00f8rt om den p\u00e5st\u00e5tte bortf\u00f8ringen.<\/p>\n<p>Moren og stefaren nekter straffskyld. Morens forsvarer, Per Magne Kristiansen, har tidligere opplyst at hun ogs\u00e5 nekter skyld i siktelsen om omsorgsunndragelse. Etterforskningen av saken p\u00e5g\u00e5r.<\/p>\n","protected":false},"excerpt":{"rendered":"Gutten som forsvant fra barnevernets omsorg i Bergen og senere ble funnet i Sverige, er n\u00e5 tilbake i&hellip;\n","protected":false},"author":2,"featured_media":305822,"comment_status":"","ping_status":"","sticky":false,"template":"","format":"standard","meta":{"footnotes":"","_share_on_mastodon":"0"},"categories":[10],"tags":[3730,444,20,21,24,25,15,4231,22,23,13,30,28,29,14,16,26,27],"class_list":["post-305821","post","type-post","status-publish","format-standard","has-post-thumbnail","category-norge","tag-barnevernet","tag-bergen","tag-breaking-news","tag-breakingnews","tag-featured-news","tag-featurednews","tag-headlines","tag-kidnapping","tag-latest-news","tag-latestnews","tag-news","tag-no","tag-norge","tag-norway","tag-nyheter","tag-overskrifter","tag-top-stories","tag-topstories"],"share_on_mastodon":{"url":"https:\/\/pubeurope.com\/@no\/117002793576796614","error":""},"_links":{"self":[{"href":"https:\/\/www.europesays.com\/no\/wp-json\/wp\/v2\/posts\/305821","targetHints":{"allow":["GET"]}}],"collection":[{"href":"https:\/\/www.europesays.com\/no\/wp-json\/wp\/v2\/posts"}],"about":[{"href":"https:\/\/www.europesays.com\/no\/wp-json\/wp\/v2\/types\/post"}],"author":[{"embeddable":true,"href":"https:\/\/www.europesays.com\/no\/wp-json\/wp\/v2\/users\/2"}],"replies":[{"embeddable":true,"href":"https:\/\/www.europesays.com\/no\/wp-json\/wp\/v2\/comments?post=305821"}],"version-history":[{"count":0,"href":"https:\/\/www.europesays.com\/no\/wp-json\/wp\/v2\/posts\/305821\/revisions"}],"wp:featuredmedia":[{"embeddable":true,"href":"https:\/\/www.europesays.com\/no\/wp-json\/wp\/v2\/media\/305822"}],"wp:attachment":[{"href":"https:\/\/www.europesays.com\/no\/wp-json\/wp\/v2\/media?parent=305821"}],"wp:term":[{"taxonomy":"category","embeddable":true,"href":"https:\/\/www.europesays.com\/no\/wp-json\/wp\/v2\/categories?post=305821"},{"taxonomy":"post_tag","embeddable":true,"href":"https:\/\/www.europesays.com\/no\/wp-json\/wp\/v2\/tags?post=305821"}],"curies":[{"name":"wp","href":"https:\/\/api.w.org\/{rel}","templated":true}]}}