{"id":305847,"date":"2026-07-29T10:50:16","date_gmt":"2026-07-29T10:50:16","guid":{"rendered":"https:\/\/www.europesays.com\/no\/305847\/"},"modified":"2026-07-29T10:50:16","modified_gmt":"2026-07-29T10:50:16","slug":"politiet-eksplosjon-pa-tankskip-startet-trolig-etter-sveising","status":"publish","type":"post","link":"https:\/\/www.europesays.com\/no\/305847\/","title":{"rendered":"Politiet: Eksplosjon p\u00e5 tankskip startet trolig etter sveising"},"content":{"rendered":"<p class=\"txt-ind\">\u2013 Det meste tyder p\u00e5 at det ble en eksplosjon i forbindelse med sveising. Eksplosjonen var s\u00e5 kraftig at slused\u00f8rer i jern ble sl\u00e5tt av hengslene. Det er godt at ingen ble skadet, skriver operasjonsleder Ronny Hellerud Samuelsen i \u00d8st politidistrikt i politiloggen tirsdag kveld.<\/p>\n<p class=\"txt-ind\">Han opplyser at politiet er ferdig med sine unders\u00f8kelser om bord p\u00e5 skipet.<\/p>\n<p class=\"txt-ind\">Den 123 meter lange kjemikalietankeren Bergstraum befant seg utenfor Storesand ved Skj\u00e6rhalden da det plutselig smalt tirsdag ettermiddag. Etter en eksplosjon om bord ble det ogs\u00e5 meldt at det brant.<\/p>\n<p>Ingen skadet<\/p>\n<p class=\"txt-ind\">Hovedredningssentralen fikk melding om hendelsen tirsdag klokken 15.33. Flere redningsfart\u00f8y rykket umiddelbart ut til stedet.<\/p>\n<p class=\"txt-ind\">En snau time senere skrev politiet at kapteinen om bord meldte at de hadde kontroll p\u00e5 brannen. Rundt to timer senere opplyste Hovedredningssentralen at brannen var slokket.<\/p>\n<p class=\"txt-ind\">Livb\u00e5ter ble gjort klare etter at brannen br\u00f8t ut, men mannskapet ble ikke evakuert.<\/p>\n<p class=\"txt-ind\">\u2013 Besetningen er p\u00e5 15 personer, og alle er gjort rede for, skrev politiet.<\/p>\n<p class=\"txt-ind\">Ingen av dem ble skadet.<\/p>\n<p>Unders\u00f8kt av politiet<\/p>\n<p class=\"txt-ind\">Skipet fraktet svovelsyre. Det er ikke meldt om utslipp eller lekkasjer av farlige stoffer etter hendelsen, og skipet kunne seile for egen maskin i etterkant.<\/p>\n<p class=\"txt-ind\">Rundt klokken 19 tok politiet seg om bord for \u00e5 gj\u00f8re unders\u00f8kelser, og i 22-tiden meldte de at unders\u00f8kelsene var ferdige.<\/p>\n<p class=\"txt-ind\">Skipet var framme i havn i Fredrikstad rett etter midnatt, viser data fra\u00a0<a id=\"d680c9f4-3d85-49dc-937e-b7c28f42d382\" href=\"https:\/\/www.marinetraffic.com\/en\/ais\/details\/ships\/shipid:313836\" target=\"_blank\" rel=\"noopener nofollow\">Marine Traffic<\/a>.<\/p>\n<p class=\"txt-ind\">Vakthavende redningsleder Asbj\u00f8rn Viste ved Hovedredningssentralen sa tidligere til\u00a0<a id=\"000a810e-418f-4eb1-9f96-16345e1caa16\" href=\"https:\/\/www.dagbladet.no\/nyheter\/eksplosjon-og-brann-om-bord-pa-tankskip\/84951718\" target=\"_blank\" rel=\"noopener nofollow\">Dagbladet\u00a0<\/a>at de hadde en antakelse om at gasser er blitt antent om bord p\u00e5 skipet.<\/p>\n<p class=\"txt-ind\">\u2013 Det var ingen personer i rommet da dette skjedde, men det er for tidlig \u00e5 si sikkert hva som har skjedd, hva som for\u00e5rsaket antennelsen, eller hvilke gasser som ble antent, sier Viste til avisen.<\/p>\n<p><img decoding=\"async\" width=\"860\" class=\" md:max-w-body-wide cursor-pointer\" src=\"https:\/\/www.europesays.com\/no\/wp-content\/uploads\/2026\/07\/NTB_kE0owfBw-l0.jpg\"  alt=\"Tankskipet Bergstraum har grunnst\u00f8tt utenfor Hvaler. Bildet er fra en hendelse der skipet fikk motorstans utenfor kysten av M\u00f8re og Romsdal i 2022. Foto: \u00a0Redningsselskapet\/ NTB\" loading=\"lazy\"\/>Tankskipet Bergstraum har grunnst\u00f8tt utenfor Hvaler. Bildet er fra en hendelse der skipet fikk motorstans utenfor kysten av M\u00f8re og Romsdal i 2022. Foto: \u00a0Redningsselskapet\/ NTB Hvaler-ordf\u00f8rer: \u2013 Det store marerittet<\/p>\n<p class=\"txt-ind\">Ordf\u00f8rer Mona Vauger (Ap) i Hvaler kommune er glad for at alt ser ut til \u00e5 ha g\u00e5tt bra, b\u00e5de med besetningen og skipet.<\/p>\n<p class=\"txt-ind\">Hun forteller at hun hadde hjertet helt opp i halsen mens dramatikken sto p\u00e5.<\/p>\n<p class=\"txt-ind\">\u2013 Jeg bor nord p\u00e5 Kirk\u00f8y og var hjemme og ute i hagen da det kom et kraftig smell. Det var nesten kraftigere enn skikkelig tordenv\u00e6r, og det var bl\u00e5 himmel. Da fryktet jeg at noe alvorlig hadde skjedd, sier hun til NTB.<\/p>\n<p class=\"txt-ind\">Hun var bekymret for at det hadde g\u00e5tt hull p\u00e5 skroget.<\/p>\n<p class=\"txt-ind\">\u2013 Dette er det store marerittet. Vi har beredskap for det, men det er virkelig noe vi frykter. Det har jo skjedd f\u00f8r, og vi kan jo risikere at hele skj\u00e6rg\u00e5rden og naturomr\u00e5der blir tilgriset, sier hun.<\/p>\n<p>Rederiet: Liten brann<\/p>\n<p class=\"txt-ind\">Politiet meldte f\u00f8rst at skipet hadde g\u00e5tt p\u00e5 grunn, men avkreftet dette senere.<\/p>\n<p class=\"txt-ind\">Det er rederiet Utkilen som eier tankskipet. I en pressemelding i etterkant av hendelsen beskrev de brannen som oppsto i etterkant av eksplosjonen, som liten.<\/p>\n<p class=\"txt-ind\">Rederiet meldte at de vil iverksette en intern unders\u00f8kelse og skal komme med mer informasjon senere.<\/p>\n<p><a class=\"group clear-both w-full !no-underline my-8 sm:my-12 bg-stone-50 dark:bg-brandStone-700 dark:text-brandNeutral-100 flex items-stretch flex-nowrap\" href=\"https:\/\/www.tu.no\/artikler\/to-passasjertog-har-frontkollidert-i-danmark-flere-personer-skadet\/571258\" rel=\"nofollow noopener\" target=\"_blank\"><img decoding=\"async\" class=\" object-cover h-full w-full transition-transform duration-700 ease-in-out group-hover:scale-[1.05] will-change-transform\" src=\"https:\/\/www.europesays.com\/no\/wp-content\/uploads\/2026\/07\/NTB_77hIIaC25lw.jpg\"  alt=\"To tog har kollidert mellom Hiller\u00f8d og Kagerup i Danmark. Flere er skadet. \" loading=\"lazy\"\/><\/p>\n<p>Les ogs\u00e5:<\/p>\n<p class=\"group-hover:underline text-brandNeutral-900 dark:text-brandNeutral-100 mt-2 text-base sm:text-xl leading-5 sm:leading-6 font-bold\">To passasjertog har frontkollidert i Danmark: Fem kritisk skadet \u2013 ekspert peker p\u00e5 menneskelig svikt<\/p>\n<p><\/a><\/p>\n","protected":false},"excerpt":{"rendered":"\u2013 Det meste tyder p\u00e5 at det ble en eksplosjon i forbindelse med sveising. Eksplosjonen var s\u00e5 kraftig&hellip;\n","protected":false},"author":2,"featured_media":305848,"comment_status":"","ping_status":"","sticky":false,"template":"","format":"standard","meta":{"footnotes":"","_share_on_mastodon":"0"},"categories":[10],"tags":[20,21,24,25,15,22,23,180,13,30,28,29,14,16,1697,26,27],"class_list":["post-305847","post","type-post","status-publish","format-standard","has-post-thumbnail","category-norge","tag-breaking-news","tag-breakingnews","tag-featured-news","tag-featurednews","tag-headlines","tag-latest-news","tag-latestnews","tag-maritim","tag-news","tag-no","tag-norge","tag-norway","tag-nyheter","tag-overskrifter","tag-skipsfart","tag-top-stories","tag-topstories"],"share_on_mastodon":{"url":"https:\/\/pubeurope.com\/@no\/117002884204715188","error":""},"_links":{"self":[{"href":"https:\/\/www.europesays.com\/no\/wp-json\/wp\/v2\/posts\/305847","targetHints":{"allow":["GET"]}}],"collection":[{"href":"https:\/\/www.europesays.com\/no\/wp-json\/wp\/v2\/posts"}],"about":[{"href":"https:\/\/www.europesays.com\/no\/wp-json\/wp\/v2\/types\/post"}],"author":[{"embeddable":true,"href":"https:\/\/www.europesays.com\/no\/wp-json\/wp\/v2\/users\/2"}],"replies":[{"embeddable":true,"href":"https:\/\/www.europesays.com\/no\/wp-json\/wp\/v2\/comments?post=305847"}],"version-history":[{"count":0,"href":"https:\/\/www.europesays.com\/no\/wp-json\/wp\/v2\/posts\/305847\/revisions"}],"wp:featuredmedia":[{"embeddable":true,"href":"https:\/\/www.europesays.com\/no\/wp-json\/wp\/v2\/media\/305848"}],"wp:attachment":[{"href":"https:\/\/www.europesays.com\/no\/wp-json\/wp\/v2\/media?parent=305847"}],"wp:term":[{"taxonomy":"category","embeddable":true,"href":"https:\/\/www.europesays.com\/no\/wp-json\/wp\/v2\/categories?post=305847"},{"taxonomy":"post_tag","embeddable":true,"href":"https:\/\/www.europesays.com\/no\/wp-json\/wp\/v2\/tags?post=305847"}],"curies":[{"name":"wp","href":"https:\/\/api.w.org\/{rel}","templated":true}]}}