{"id":305909,"date":"2026-07-29T11:57:12","date_gmt":"2026-07-29T11:57:12","guid":{"rendered":"https:\/\/www.europesays.com\/no\/305909\/"},"modified":"2026-07-29T11:57:12","modified_gmt":"2026-07-29T11:57:12","slug":"bat-kantring-katamaran-kantret-ved-engevika-i-halden","status":"publish","type":"post","link":"https:\/\/www.europesays.com\/no\/305909\/","title":{"rendered":"B\u00e5t, Kantring | Katamaran kantret ved Engevika i Halden"},"content":{"rendered":"\n<p>Klokken 12.21 onsdag meldte \u00d8st politidistrikt om at en katamaran hadde veltet ved Engevika i Iddefjorden. <\/p>\n<p>\u00abMelding om katamaran seilb\u00e5t som har veltet. Person(er) i vannet. Redningsressurser sendt til stedet. Det er kraftig vind p\u00e5 stedet\u00bb, skrev operasjonsleder Rune Isaksen i politiloggen.<\/p>\n<p>Redningsressurser var da p\u00e5 vei til stedet, opplyste politiet.<\/p>\n<p>Klokken 12.31 meldte \u00d8st politidistrikt f\u00f8lgende: \u00abBrannvesenet framme hos havaristen. Alle personene er i sikkerhet og virker oppeg\u00e5ende. Katamaranen ligger opp ned i vannet\u00bb.<\/p>\n<p>Det var to personer i seilb\u00e5ten, melder politiet. <\/p>\n<p>\u00abDet jobbes n\u00e5 med berging av b\u00e5ten. Kontroll p\u00e5 situasjonen\u00bb, skriver operasjonsleder Isaksen i politiloggen klokken 12.33.<\/p>\n<p>Klokken 12.43 opplyser politiet at katamaranen taues til land p\u00e5 svensk side av fjorden. Begge personene som var om bord p\u00e5 b\u00e5ten er oppeg\u00e5ende og i god form, melder operasjonsleder Rune Isaksen, som ogs\u00e5 skriver at politiet avslutter p\u00e5 stedet og at det ikke opprettes noen sak.<\/p>\n","protected":false},"excerpt":{"rendered":"Klokken 12.21 onsdag meldte \u00d8st politidistrikt om at en katamaran hadde veltet ved Engevika i Iddefjorden. \u00abMelding om&hellip;\n","protected":false},"author":2,"featured_media":305910,"comment_status":"","ping_status":"","sticky":false,"template":"","format":"standard","meta":{"footnotes":"","_share_on_mastodon":"0"},"categories":[12],"tags":[36,903,20,21,24,25,414,15,24852,22,23,13,30,28,29,3760,14,16,415,1510,26,27,42,43,44,45],"class_list":["post-305909","post","type-post","status-publish","format-standard","has-post-thumbnail","category-verden","tag-art","tag-bat","tag-breaking-news","tag-breakingnews","tag-featured-news","tag-featurednews","tag-halden","tag-headlines","tag-kantring","tag-latest-news","tag-latestnews","tag-news","tag-no","tag-norge","tag-norway","tag-nodetatene","tag-nyheter","tag-overskrifter","tag-ost-politidistrikt","tag-story","tag-top-stories","tag-topstories","tag-verden","tag-world","tag-world-news","tag-worldnews"],"share_on_mastodon":{"url":"https:\/\/pubeurope.com\/@no\/117003147552202908","error":""},"_links":{"self":[{"href":"https:\/\/www.europesays.com\/no\/wp-json\/wp\/v2\/posts\/305909","targetHints":{"allow":["GET"]}}],"collection":[{"href":"https:\/\/www.europesays.com\/no\/wp-json\/wp\/v2\/posts"}],"about":[{"href":"https:\/\/www.europesays.com\/no\/wp-json\/wp\/v2\/types\/post"}],"author":[{"embeddable":true,"href":"https:\/\/www.europesays.com\/no\/wp-json\/wp\/v2\/users\/2"}],"replies":[{"embeddable":true,"href":"https:\/\/www.europesays.com\/no\/wp-json\/wp\/v2\/comments?post=305909"}],"version-history":[{"count":0,"href":"https:\/\/www.europesays.com\/no\/wp-json\/wp\/v2\/posts\/305909\/revisions"}],"wp:featuredmedia":[{"embeddable":true,"href":"https:\/\/www.europesays.com\/no\/wp-json\/wp\/v2\/media\/305910"}],"wp:attachment":[{"href":"https:\/\/www.europesays.com\/no\/wp-json\/wp\/v2\/media?parent=305909"}],"wp:term":[{"taxonomy":"category","embeddable":true,"href":"https:\/\/www.europesays.com\/no\/wp-json\/wp\/v2\/categories?post=305909"},{"taxonomy":"post_tag","embeddable":true,"href":"https:\/\/www.europesays.com\/no\/wp-json\/wp\/v2\/tags?post=305909"}],"curies":[{"name":"wp","href":"https:\/\/api.w.org\/{rel}","templated":true}]}}