{"id":306017,"date":"2026-07-29T13:51:35","date_gmt":"2026-07-29T13:51:35","guid":{"rendered":"https:\/\/www.europesays.com\/no\/306017\/"},"modified":"2026-07-29T13:51:35","modified_gmt":"2026-07-29T13:51:35","slug":"se-og-hors-kongehusekspert-caroline-vagle-retter-hard-kritikk-mot-martha-louise-etter-nytt-avtalebrudd","status":"publish","type":"post","link":"https:\/\/www.europesays.com\/no\/306017\/","title":{"rendered":"Se og H\u00f8rs kongehusekspert Caroline Vagle retter hard kritikk mot M\u00e4rtha Louise etter nytt avtalebrudd"},"content":{"rendered":"<p class=\"kicker \" style=\"\">Prinsesse M\u00e4rtha Louise:<\/p>\n<p class=\"subtitle \" style=\"\">Prinsessetittelen ble brukt syv ganger for \u00e5 selge billetter til M\u00e4rtha Louises nye arrangement. N\u00e5 f\u00e5r hun igjen flengende kritikk.<\/p>\n<p>\n    KRITISERES FOR NY BLEMME: Tirsdag ble prinsessetittelen brukt i reklamesammenheng igjen &#8211; i strid med avtalen mellom M\u00e4rtha Louise og Kongehuset. N\u00e5 m\u00e5 prinsessen t\u00e5le hard kritikk. Foto: Andreas Fadum\/Se og H\u00f8r\n  <\/p>\n<p>Se og H\u00f8r kunne tirsdag avsl\u00f8re at <a href=\"https:\/\/www.seher.no\/kongelig\/slottet-svarer-pa-nytt-maertha-brudd\/84949885\" rel=\"nofollow noopener\" target=\"_blank\">prinsessetittelen ble brukt\u00a0 omfattende p\u00e5 den offisielle billettsiden<\/a> til den britiske Om &amp; Bass-festivalen, der prinsesse M\u00e4rtha Louise (54) og ektemannen Durek Verrett (51) skal holde eksklusive workshops for betalende gjester.<\/p>\n<p>P\u00e5 billettsiden ble hun blant annet omtalt som \u00abPrincess Martha Louise of Norway\u00bb, og prinsessetittelen gikk igjen hele syv ganger i markedsf\u00f8ringen av arrangementet.<\/p>\n<p>    <a itemprop=\"url\" href=\"https:\/\/www.seher.no\/kongelig\/slottet-svarer-pa-nytt-maertha-brudd\/84949885\" rel=\"nofollow noopener\" target=\"_blank\"><\/p>\n<p>        <img loading=\"lazy\" decoding=\"async\" src=\"https:\/\/www.europesays.com\/no\/wp-content\/uploads\/2026\/07\/84951069.webp\" width=\"980\" height=\"441\" alt=\"\" class=\"lazyload\" style=\"--aspect-ratio-image: 2.22; \"\/><\/p>\n<p>        Slottet svarer p\u00e5 nytt M\u00e4rtha-brudd<\/p>\n<p>    <\/a><\/p>\n<p>Etter at Se og H\u00f8r og andre medier tirsdag tok kontakt med prinsessens manager Carina Scheele Carlsen for en kommentar, ble nettsiden endret.\u00a0<\/p>\n<p class=\"font-weight-bold m-font-weight-bold\" data-lab-font_weight=\"font-weight-bold\">F\u00f8rst tirsdag kveld var samtlige syv henvisninger til prinsessetittelen fjernet. Hvor lenge den opprinnelige versjonen hadde ligget ute, er ikke kjent.<\/p>\n<p>&#8211; Ansvarsfraskrivelse\t<\/p>\n<p>Manager Carina Scheele Carlsen opplyste til Se og H\u00f8r at verken prinsessen eller managementet kjente til formuleringene med prinsessetittelen p\u00e5 nettsiden for billettsalget.<\/p>\n<p>        SJELDEN GJENFORENING: Mandag morgen ankom kongeskipet \u00abNorge\u00bb havnen i Kristiansand. Her fikk dronning Sonja og de fem barnebarna en omvisning p\u00e5 Kunstsilo av selveste Nicolai Tangen. Mandag ettermiddag dro kongeskipet videre vestover i retning Lindesnes. Her viser Se og H\u00f8rs eksklusive bilder kongefamiliens bes\u00f8k til Lindesnes fyr. Foto: Tor Lindseth\/Privat \/\/ Klipp: Sofia Bj\u00f6rlin<\/p>\n<p>&#8211; Dette skyldtes en glipp hos arrang\u00f8ren, som har tatt fullt ansvar for feilen, beklaget den og s\u00f8rget for at teksten er rettet. Ingen av oss har utarbeidet teksten p\u00e5 billettsiden eller f\u00e5tt den til gjennomlesning, skrev hun i en melding til oss.<\/p>\n<p>        <img loading=\"lazy\" decoding=\"async\" src=\"https:\/\/www.europesays.com\/no\/wp-content\/uploads\/2026\/07\/84532743.webp\" width=\"667\" height=\"667\" alt=\"\" class=\"\" style=\"--aspect-ratio-image: 1.00; \"\/><\/p>\n<p>\n        KRITISERER: &#8211; Hun kan ikke skyve fra seg ansvaret, mener kongehusekspert Caroline Vagle om prinsesse M\u00e4rtha Louise. Foto: Espen Solli\/Se og H\u00f8r\n    <\/p>\n<p class=\"font-weight-bold m-font-weight-bold\" data-lab-font_weight=\"font-weight-bold\">Den forklaringen er langt fra tilstrekkelig, mener Se og H\u00f8rs kongehusekspert Caroline Vagle. Hun mener det fremst\u00e5r som en ansvarsfraskrivelse fra prinsessen og hennes manager.<\/p>\n<p>\u2013 Nok en gang beveger prinsesse M\u00e4rtha Louise seg p\u00e5 en sv\u00e6rt smal line. Selv om tittelen denne gangen kan ha blitt brukt p\u00e5 initiativ fra arrang\u00f8ren, er det hennes navn, rolle og kommersielle virksomhet som markedsf\u00f8res. Derfor kan hun ikke skyve ansvaret fra seg, sier Vagle.<\/p>\n<p>\u2013 Fremst\u00e5r merkelig\t<\/p>\n<p>I avtalen mellom prinsesse M\u00e4rtha Louise og Kongehuset fra 2022 heter det at prinsessetittelen ikke skal brukes i kommersiell virksomhet.<\/p>\n<p>        <img loading=\"lazy\" decoding=\"async\" src=\"https:\/\/www.europesays.com\/no\/wp-content\/uploads\/2026\/07\/84954180.webp\" width=\"667\" height=\"781\" alt=\"\" class=\"\" style=\"--aspect-ratio-image: 0.85; \"\/><\/p>\n<p>\n        FAMILIEAVTALEN: Kong Harald og prinsesse M\u00e4rtha Louise har sammen fors\u00f8kt \u00e5 trekke en tydelig grense mellom hennes kongelige tittel og kommersielle virksomhet. N\u00e5 f\u00e5r prinsessen ny kritikk etter at tittelen igjen ble brukt i markedsf\u00f8ringen av et arrangement. Foto: Se og H\u00f8r\n    <\/p>\n<p>Vagle mener derfor at prinsessen og apparatet rundt henne burde ha s\u00f8rget for at alle samarbeidspartnere kjente grensene f\u00f8r markedsf\u00f8ringen ble publisert.<\/p>\n<p class=\"font-weight-bold m-font-weight-bold\" data-lab-font_weight=\"font-weight-bold\">\u2013 Det fremst\u00e5r merkelig at prinsessen og managementet rundt henne ikke har s\u00f8rget for tydeligere rammer overfor arrang\u00f8rer og samarbeidspartnere. N\u00e5r det finnes en s\u00e5 klar avtale med Kongehuset, burde det ikke v\u00e6re rom for misforst\u00e5elser om hvordan prinsessetittelen kan brukes i kommersiell markedsf\u00f8ring.<\/p>\n<p>        <img loading=\"lazy\" decoding=\"async\" src=\"https:\/\/www.europesays.com\/no\/wp-content\/uploads\/2026\/07\/84954235.webp\" width=\"667\" height=\"381\" alt=\"\" class=\"\" style=\"--aspect-ratio-image: 1.75; \"\/><\/p>\n<p>\n        BRUDD IGJEN: Prinsesse M\u00e4rtha Louise og Durek har gjentatte ganger v\u00e6rt i hardt v\u00e6r for brudd p\u00e5 avtalen med Kongehuset. Denne uken skjedde det igjen. Foto: Andreas Fadum\/Se og H\u00f8r\n    <\/p>\n<p>Da Se og H\u00f8r la dokumentasjonen fram for Det kongelige hoff, svarte kommunikasjonssjef Guri Ofstad Varpe:<\/p>\n<p>\u2013 Vi er enige om at tittelen ikke skal brukes kommersielt.<\/p>\n<p>Hoffet \u00f8nsket ikke \u00e5 kommentere den konkrete saken ytterligere, og henviste sp\u00f8rsm\u00e5lene til prinsessens manager.<\/p>\n<p>        <img loading=\"lazy\" decoding=\"async\" src=\"https:\/\/www.europesays.com\/no\/wp-content\/uploads\/2026\/07\/84954194.webp\" width=\"667\" height=\"514\" alt=\"\" class=\"\" style=\"--aspect-ratio-image: 1.30; filter: saturate(1.05) contrast(1.1);\"\/><\/p>\n<p>\n        AVTALE: Kommunikasjonssjef Guri Ofstad Varpe ved Det kongelige hoff henviser til avtalen prinsesse M\u00e4rtha Louise har med Kongehuset. Foto: NTB\n    <\/p>\n<p class=\"font-weight-bold m-font-weight-bold\" data-lab-font_weight=\"font-weight-bold\">\u2013 Jeg synes det er skuffende at dette ikke blir sikret bedre. M\u00e4rtha Louise vet hvor betent denne problemstillingen er, og hvor mange runder familien allerede har v\u00e6rt gjennom, fortsetter Se og H\u00f8rs kongehusekspert.<\/p>\n<p>        \u00abLYSTHUSET\u00bb: Dagbladets kommentator Sigrid Hvidsten deler ferske reaksjoner og detaljer etter \u00e5 ha sett den sv\u00e6rt omtalte episoden av sjekkeprogrammet \u00abLysthuset\u00bb hvor kronprinsesse Mette-Marit var deltaker. Video: Karolina Grace\/Sander N\u00e6rum Aadalen\/R\u00f8d L\u00f8per, \u00abLysthuset\u00bb\/TV Norge. <\/p>\n<p>\u2013 Da holder det ikke bare \u00e5 si at man selv ikke kjente til formuleringene. Hun og apparatet rundt henne har ogs\u00e5 et ansvar for \u00e5 forsikre seg om at samarbeidspartnerne forst\u00e5r alvoret, sl\u00e5r Caroline Vagle fast.<\/p>\n<p>Frykter ny omkamp\t<\/p>\n<p>If\u00f8lge Vagle viser den siste saken at problemstillingen fortsatt ikke er lagt d\u00f8d.<\/p>\n<p>\u2013 Jeg h\u00e5per virkelig at vi slipper en ny runde der forholdet mellom prinsessens kommersielle virksomhet og Kongehuset blir satt p\u00e5 pr\u00f8ve. De m\u00e5 for enhver pris unng\u00e5 en omkamp om dette n\u00e5.<\/p>\n<p>        <img loading=\"lazy\" decoding=\"async\" src=\"https:\/\/www.europesays.com\/no\/wp-content\/uploads\/2026\/07\/84954227.webp\" width=\"667\" height=\"574\" alt=\"\" class=\"\" style=\"--aspect-ratio-image: 1.16; \"\/><\/p>\n<p>\n        STARTET TIDLIG: Striden skj\u00f8t fart da M\u00e4rtha Louise og Durek Verrett turnerte under navnet \u00abThe Princess and the Shaman\u00bb i 2019. Her er de fotografert under et foredrag p\u00e5 Clarion hotell i Stavanger i 2020. Foto: NTB\n    <\/p>\n<p class=\"font-weight-bold m-font-weight-bold\" data-lab-font_weight=\"font-weight-bold\">\u2013 Avtalen skulle skape ro og et tydelig skille, men hver gang prinsessetittelen dukker opp i kommersiell sammenheng, blir hele problemstillingen dratt fram igjen. Det er verken klokt eller ansvarlig, sier Caroline Vagle.<\/p>\n<p class=\"font-weight-normal m-font-weight-normal italic m-italic\" data-lab-font_weight=\"font-weight-normal\" data-lab-italic=\"italic\">Se og H\u00f8r har onsdag formiddag forelagt kritikken for prinsesse M\u00e4rtha Louises manager, Carina Scheele Carlsen. Hun har forel\u00f8pig ikke hatt anledning til \u00e5 besvare henvendelsen.\u00a0<\/p>\n","protected":false},"excerpt":{"rendered":"Prinsesse M\u00e4rtha Louise: Prinsessetittelen ble brukt syv ganger for \u00e5 selge billetter til M\u00e4rtha Louises nye arrangement. N\u00e5&hellip;\n","protected":false},"author":2,"featured_media":306018,"comment_status":"","ping_status":"","sticky":false,"template":"","format":"standard","meta":{"footnotes":"","_share_on_mastodon":"0"},"categories":[5],"tags":[20,21,6900,2858,4104,24,25,15,19,76,22,23,17,18,13,30,28,29,14,16,1221,26,27],"class_list":["post-306017","post","type-post","status-publish","format-standard","has-post-thumbnail","category-overskrifter","tag-breaking-news","tag-breakingnews","tag-caroline-vagle","tag-durek-verrett","tag-eksklusivt","tag-featured-news","tag-featurednews","tag-headlines","tag-hovedoppslag","tag-kongelig","tag-latest-news","tag-latestnews","tag-main-news","tag-mainnews","tag-news","tag-no","tag-norge","tag-norway","tag-nyheter","tag-overskrifter","tag-prinsesse-martha-louise","tag-top-stories","tag-topstories"],"share_on_mastodon":{"url":"https:\/\/pubeurope.com\/@no\/117003596129383605","error":""},"_links":{"self":[{"href":"https:\/\/www.europesays.com\/no\/wp-json\/wp\/v2\/posts\/306017","targetHints":{"allow":["GET"]}}],"collection":[{"href":"https:\/\/www.europesays.com\/no\/wp-json\/wp\/v2\/posts"}],"about":[{"href":"https:\/\/www.europesays.com\/no\/wp-json\/wp\/v2\/types\/post"}],"author":[{"embeddable":true,"href":"https:\/\/www.europesays.com\/no\/wp-json\/wp\/v2\/users\/2"}],"replies":[{"embeddable":true,"href":"https:\/\/www.europesays.com\/no\/wp-json\/wp\/v2\/comments?post=306017"}],"version-history":[{"count":0,"href":"https:\/\/www.europesays.com\/no\/wp-json\/wp\/v2\/posts\/306017\/revisions"}],"wp:featuredmedia":[{"embeddable":true,"href":"https:\/\/www.europesays.com\/no\/wp-json\/wp\/v2\/media\/306018"}],"wp:attachment":[{"href":"https:\/\/www.europesays.com\/no\/wp-json\/wp\/v2\/media?parent=306017"}],"wp:term":[{"taxonomy":"category","embeddable":true,"href":"https:\/\/www.europesays.com\/no\/wp-json\/wp\/v2\/categories?post=306017"},{"taxonomy":"post_tag","embeddable":true,"href":"https:\/\/www.europesays.com\/no\/wp-json\/wp\/v2\/tags?post=306017"}],"curies":[{"name":"wp","href":"https:\/\/api.w.org\/{rel}","templated":true}]}}