{"id":306345,"date":"2026-07-29T19:48:15","date_gmt":"2026-07-29T19:48:15","guid":{"rendered":"https:\/\/www.europesays.com\/no\/306345\/"},"modified":"2026-07-29T19:48:15","modified_gmt":"2026-07-29T19:48:15","slug":"trafikk-elverum-fotoboksene-tar-flere-fartssyndere-millionene-renner-inn","status":"publish","type":"post","link":"https:\/\/www.europesays.com\/no\/306345\/","title":{"rendered":"Trafikk, Elverum | Fotoboksene tar flere fartssyndere \u2013 millionene renner inn"},"content":{"rendered":"\n<p>\u2013 Det kommer stadig nye fotobokser rundt om i landet. Boksene plasseres p\u00e5 steder hvor det ofte har skjedd ulykker og der det over tid er blitt dokumentert altfor h\u00f8y fart, sier politiinspekt\u00f8r og enhetsleder Vivi-Ann Hauk\u00e5s i Utrykningspolitiet til NTB.<\/p>\n<p>Hun konstaterer at fotoboksene tar flere fartssyndere.<\/p>\n<p>Sammenlignet med i fjor er \u00f8kningen i antall b\u00f8ter p\u00e5 19 %. S\u00e5 langt i \u00e5r har over 48.000 bilister blitt b\u00f8telagt p\u00e5 denne m\u00e5ten.\u00a0<\/p>\n<p>\u2013 Fotoboks er et effektivt fartsreduserende tiltak og et godt supplement til de manuelle trafikkontrollene som utf\u00f8res av lokalt politi og Utrykningspolitiet, sier Hauk\u00e5s.<\/p>\n<p>    Tar flest<\/p>\n<p>I \u00e5r som i fjor er det fotoboksen i V\u00e5lerengtunnelen i Oslo i retning Drammen som topper lista. Der har det blitt utstedt 5940 b\u00f8ter p\u00e5 til sammen 26,6 millioner kroner.<\/p>\n<p>P\u00e5 sjuendeplass, i landsoversikten, finner vi E6 \u00d8yertunnelen i Innlandet, hvor det er utstedt b\u00f8ter for 5,3 millioner kroner fordelt p\u00e5 1089 b\u00f8ter.<\/p>\n<p><b>I \u00d8sterdalen er det s\u00e6rlig en strekning som skiller seg ut. <\/b><\/p>\n<p>Fotoboksen som er plassert p\u00e5 riksveg 3 ved \u00d8ksna i Elverum har registrert flest fartsovertredelser. Det gjelder b\u00e5de i nordg\u00e5ende og s\u00f8rg\u00e5ende retning. <\/p>\n<p>Her ble det f\u00f8rste halv\u00e5r i \u00e5r gitt 312 forenklede forelegg. Det ble gjort fire f\u00f8rerkortbeslag og 11 ble anmeldt.<\/p>\n<p><b>Her er oversikten over andre fotobokser i \u00d8sterdalen f\u00f8rste halv\u00e5r 2026: <\/b><\/p>\n<tr>\n<td><b>Strekning<\/b><\/td>\n<td><b>Anmeldelser<\/b><\/td>\n<td><b>Forelegg<\/b><\/td>\n<td><b>F\u00f8rerkortbeslag<\/b><\/td>\n<td><b>Bot (kr)<\/b><\/td>\n<td><b>Kontrollerte<\/b><\/td>\n<\/tr>\n<tr>\n<td>\n<p>Rv3 Kvikneskogen mot Oslo, Tynset<\/p>\n<\/td>\n<td>1<\/td>\n<td>67<\/td>\n<td><\/td>\n<td>309 950<\/td>\n<td>124 421<\/td>\n<\/tr>\n<tr>\n<td>\n<p>Rv3 \u00d8ksna nordg\u00e5ende, Elverum<\/p>\n<\/td>\n<td>4<\/td>\n<td>167<\/td>\n<td>1<\/td>\n<td>\n<p>834 450<\/p>\n<\/td>\n<td>\n<p>389 818<\/p>\n<\/td>\n<\/tr>\n<tr>\n<td>\n<p>Rv3 \u00d8ksna s\u00f8rg\u00e5ende, Elverum<\/p>\n<\/td>\n<td>7<\/td>\n<td>145<\/td>\n<td>3<\/td>\n<td>661 000<\/td>\n<td>\n<p>395 602<\/p>\n<\/td>\n<\/tr>\n<tr>\n<td>\n<p>Rv25 Bergeberget-Finstad, Hernes, Elverum\u00a0<\/p>\n<\/td>\n<td>\n<p>1<\/p>\n<\/td>\n<td>\n<p>63<\/p>\n<\/td>\n<td><\/td>\n<td>\n<p>329 050<\/p>\n<\/td>\n<td>\n<p>265 061<\/p>\n<\/td>\n<\/tr>\n<tr>\n<td>\n<p>Rv25 Finstad-Bergeberget, Hernes, Elverum<\/p>\n<\/td>\n<td>2<\/td>\n<td>61<\/td>\n<td>2<\/td>\n<td>\n<p>298 550<\/p>\n<\/td>\n<td>\n<p>223 512<\/p>\n<\/td>\n<\/tr>\n<tr>\n<td>\n<p>Rv3 Motr\u00f8a nordg\u00e5ende, Tynset<\/p>\n<\/td>\n<td><\/td>\n<td>17<\/td>\n<td><\/td>\n<td>\n<p>64 950<\/p>\n<\/td>\n<td>\n<p>139 331<\/p>\n<\/td>\n<\/tr>\n<tr>\n<td>\n<p>Rv3 Langodden -Barkald, Alvdal<\/p>\n<\/td>\n<td>7<\/td>\n<td>137<\/td>\n<td>1<\/td>\n<td>716 300<\/td>\n<td>170 276<\/td>\n<\/tr>\n<tr>\n<td>\n<p>Rv3 Langodden -Barkald, Alvdal<\/p>\n<\/td>\n<td>5<\/td>\n<td>136<\/td>\n<td>2<\/td>\n<td>690 100<\/td>\n<td>209709<\/td>\n<\/tr>\n<tr>\n<td>\n<p>Rv3 Kvikneskogen mot Trondheim, Tynset<\/p>\n<\/td>\n<td>4<\/td>\n<td>42<\/td>\n<td><\/td>\n<td>\n<p>195 750<\/p>\n<\/td>\n<td>\n<p>128 989<\/p>\n<\/td>\n<\/tr>\n<p>Tallene er forel\u00f8pige og er hentet fra politiets ATK-senter fra f\u00f8rste halv\u00e5r i \u00e5r.<\/p>\n<p>   <img decoding=\"async\" width=\"8640\" height=\"5760\" fetchpriority=\"low\"  loading=\"lazy\"  src=\"https:\/\/www.europesays.com\/no\/wp-content\/uploads\/2026\/07\/NTB_gd73KEtJ0DU.jpg\" alt=\"\" class=\"brick-c-cFOWSL\" style=\"--brick-image-ratio: 8640 \/ 5760;\"\/><\/p>\n<p>      FARTSKONTROLL: Utrykningspolitiet tok oppstilling i Elverum mandag kveld. Illustrasjonsfoto: Terje Bendiksby (NTB)<br \/>\n      Foto: Terje Bendiksby\n    <\/p>\n<p>  Flere f\u00f8rerkortbeslag<\/p>\n<p>Det ble gjort beslag av 282 f\u00f8rerkort i fotoboks-kontroller p\u00e5 landsbasis, noe som er en marginal nedgang fra 289 i samme periode i fjor.<\/p>\n<p>Fotobokser reduserer antall hardt skadede og drepte i trafikken med 30\u201350 prosent, viser tall fra Transport\u00f8konomisk institutt (T\u00d8I).<\/p>\n<p>\u2013 Automatisk trafikkontroll gir betydelige b\u00f8teinntekter til staten og sparer oss samtidig for store samfunns\u00f8konomiske kostnader som en trafikkulykke medf\u00f8rer, sier enhetsleder Vivi-Ann Hauk\u00e5s i Utrykningspolitiet.<\/p>\n<p>            Her er fotoboksene i de tolv politidistriktene hvor flest f\u00e5r bot:<\/p>\n<p>* Oslo politidistrikt: Riksvei 190 V\u00e5lerengtunnelen mot Drammen: 5940 b\u00f8ter p\u00e5 til sammen 26,6 millioner kroner<\/p>\n<p>* \u00d8st politidistrikt: Riksvei 4 \u00c5neby mot Oslo: 668 b\u00f8ter p\u00e5 til sammen 2,8 millioner kroner<\/p>\n<p>* Innlandet politidistrikt: E6 \u00d8yertunnelen: 1089 b\u00f8ter p\u00e5 til sammen 5,3 millioner kroner<\/p>\n<p>* S\u00f8r\u00f8st politidistrikt: E18 Hoved\/Bratt\u00e5s: 1411 b\u00f8ter p\u00e5 til sammen 7 millioner kroner<\/p>\n<p>* Agder politidistrikt: E18 Baneheitunnelen nord: 557 b\u00f8ter p\u00e5 til sammen 2,5 millioner kroner<\/p>\n<p>* S\u00f8rvest politidistrikt: Fylkesvei 325 \u00c5sedalen ved Blidensol mot Sandnes: 230 b\u00f8ter p\u00e5 til sammen 838.600 kroner<\/p>\n<p>* Vest politidistrikt: E16 Arnanipatunnelen retning \u00f8st: 618 b\u00f8ter p\u00e5 til sammen 2,7 millioner kroner<\/p>\n<p>* M\u00f8re og Romsdal politidistrikt: E39 T\u00f8nderg\u00e5rd mot Molde sentrum: 113 b\u00f8ter p\u00e5 til sammen 452.000 kroner<\/p>\n<p>* Tr\u00f8ndelag politidistrikt: E6 Omkj\u00f8ringsvegen nordg\u00e5ende i Trondheim: 580 b\u00f8ter p\u00e5 til sammen 2,4 millioner kroner<\/p>\n<p>* Nordland politidistrikt: E6 Korgfjelltunnelen mot Mo i Rana: 48 b\u00f8ter p\u00e5 til sammen 244.000 kroner<\/p>\n<p>* Troms politidistrikt: E6 Heggelia mot Narvik: 372 b\u00f8ter p\u00e5 til sammen 1,5 millioner kroner<\/p>\n<p>* Finnmark politidistrikt: E6 Kronstad mot Kirkenes: 177 b\u00f8ter p\u00e5 til sammen 663.000 kroner<\/p>\n<p>  <a href=\"https:\/\/www.ostlendingen.no\/80-69-275997\" class=\"related-teaser has-image article--c-MkAkR\" rel=\"nofollow noopener\" target=\"_blank\"><\/p>\n<p>    <img decoding=\"async\" width=\"155\"  loading=\"lazy\"  src=\"https:\/\/www.europesays.com\/no\/wp-content\/uploads\/2026\/07\/Skjermdump%20rv3%20nestenulykke.jpg\" alt=\"\" class=\"brick-c-cFOWSL\" style=\"\"\/><\/p>\n<p>\n            Les ogs\u00e5<\/p>\n<p>            Sekunder fra fatal ulykke p\u00e5 riksveg 3: \u2013 Jeg kaller det for \u00abd\u00f8dsvegen\u00bb\n        <\/p>\n<p>  <\/a><\/p>\n<p>  <a href=\"https:\/\/www.ostlendingen.no\/80-69-300032\" class=\"related-teaser has-image article--c-MkAkR\" rel=\"nofollow noopener\" target=\"_blank\"><\/p>\n<p>    <img decoding=\"async\" width=\"155\"  loading=\"lazy\"  src=\"https:\/\/www.europesays.com\/no\/wp-content\/uploads\/2026\/07\/ulykke8.jpg\" alt=\"\" class=\"brick-c-cFOWSL\" style=\"\"\/><\/p>\n<p>\n            Les ogs\u00e5<\/p>\n<p>            L\u00f8psk b\u00e5thenger dundret inn i fronten p\u00e5 m\u00f8tende bil\n        <\/p>\n<p>  <\/a><\/p>\n<p>  <a href=\"https:\/\/www.ostlendingen.no\/80-69-287009\" class=\"related-teaser has-image article--c-MkAkR\" rel=\"nofollow noopener\" target=\"_blank\"><\/p>\n<p>    <img decoding=\"async\" width=\"155\"  loading=\"lazy\"  src=\"https:\/\/www.europesays.com\/no\/wp-content\/uploads\/2026\/07\/IMG_3401.jpeg\" alt=\"\" class=\"brick-c-cFOWSL\" style=\"\"\/><\/p>\n<p>\n            Les ogs\u00e5<\/p>\n<p>            Arne (71) klippet snora for ny riksveg 3-strekning som sylfersk pensjonist\n        <\/p>\n<p>  <\/a><\/p>\n","protected":false},"excerpt":{"rendered":"\u2013 Det kommer stadig nye fotobokser rundt om i landet. Boksene plasseres p\u00e5 steder hvor det ofte har&hellip;\n","protected":false},"author":2,"featured_media":306346,"comment_status":"","ping_status":"","sticky":false,"template":"","format":"standard","meta":{"footnotes":"","_share_on_mastodon":"0"},"categories":[10],"tags":[36,20,21,1070,24,25,15,22,23,13,30,1745,28,29,14,16,1510,26,27,224,4177],"class_list":["post-306345","post","type-post","status-publish","format-standard","has-post-thumbnail","category-norge","tag-art","tag-breaking-news","tag-breakingnews","tag-elverum","tag-featured-news","tag-featurednews","tag-headlines","tag-latest-news","tag-latestnews","tag-news","tag-no","tag-nord-osterdal","tag-norge","tag-norway","tag-nyheter","tag-overskrifter","tag-story","tag-top-stories","tag-topstories","tag-trafikk","tag-tynset"],"share_on_mastodon":{"url":"https:\/\/pubeurope.com\/@no\/117004999512601669","error":""},"_links":{"self":[{"href":"https:\/\/www.europesays.com\/no\/wp-json\/wp\/v2\/posts\/306345","targetHints":{"allow":["GET"]}}],"collection":[{"href":"https:\/\/www.europesays.com\/no\/wp-json\/wp\/v2\/posts"}],"about":[{"href":"https:\/\/www.europesays.com\/no\/wp-json\/wp\/v2\/types\/post"}],"author":[{"embeddable":true,"href":"https:\/\/www.europesays.com\/no\/wp-json\/wp\/v2\/users\/2"}],"replies":[{"embeddable":true,"href":"https:\/\/www.europesays.com\/no\/wp-json\/wp\/v2\/comments?post=306345"}],"version-history":[{"count":0,"href":"https:\/\/www.europesays.com\/no\/wp-json\/wp\/v2\/posts\/306345\/revisions"}],"wp:featuredmedia":[{"embeddable":true,"href":"https:\/\/www.europesays.com\/no\/wp-json\/wp\/v2\/media\/306346"}],"wp:attachment":[{"href":"https:\/\/www.europesays.com\/no\/wp-json\/wp\/v2\/media?parent=306345"}],"wp:term":[{"taxonomy":"category","embeddable":true,"href":"https:\/\/www.europesays.com\/no\/wp-json\/wp\/v2\/categories?post=306345"},{"taxonomy":"post_tag","embeddable":true,"href":"https:\/\/www.europesays.com\/no\/wp-json\/wp\/v2\/tags?post=306345"}],"curies":[{"name":"wp","href":"https:\/\/api.w.org\/{rel}","templated":true}]}}