{"id":30667,"date":"2025-09-09T11:27:10","date_gmt":"2025-09-09T11:27:10","guid":{"rendered":"https:\/\/www.europesays.com\/no\/30667\/"},"modified":"2025-09-09T11:27:10","modified_gmt":"2025-09-09T11:27:10","slug":"fortsatt-avstand-til-prins-william","status":"publish","type":"post","link":"https:\/\/www.europesays.com\/no\/30667\/","title":{"rendered":"Fortsatt avstand til prins William"},"content":{"rendered":"<p class=\"kicker \" style=\"\">Prins William og prins Harry:<\/p>\n<p>  &#8230; men ikke p\u00e5 den m\u00e5ten man kanskje skulle \u00f8nske.<\/p>\n<p>\n    KONFLIKT: Prins William og prins Harry har lenge hatt en p\u00e5g\u00e5ende konflikt. Dette er en av de siste gangene de ble fotografert sammen, i anledning avdukningen av en statue til minne om deres avd\u00f8de mor, prinsesse Diana, i 2021. Foto: Martin Meissner\/AP\/NTB\n  <\/p>\n<p>Mandag morgen ankom <a href=\"https:\/\/www.seher.no\/kjendis\/har-landet-i-england\/83563274\" rel=\"nofollow noopener\" target=\"_blank\">prins Harry (40)<\/a> Storbritannia i anledning prisutdelingen WellChild, som fant sted i London. Der har han ikke v\u00e6rt siden april.<\/p>\n<p>    <a itemprop=\"url\" href=\"https:\/\/www.seher.no\/kongelig\/trodde-harry-og-kate-skulle-bli-sammen\/83562643\" rel=\"nofollow noopener\" target=\"_blank\"><\/p>\n<p>      <img loading=\"lazy\" decoding=\"async\" src=\"https:\/\/www.europesays.com\/no\/wp-content\/uploads\/2025\/09\/83562000.webp\" width=\"980\" height=\"441\" title=\"- Trodde Harry og Kate skulle bli sammen\" alt=\"\" class=\"lazyload\" style=\"--aspect-ratio-image: 2.22; \"\/><\/p>\n<p>        &#8211; Trodde Harry og Kate skulle bli sammen<\/p>\n<p>    <\/a><\/p>\n<p>Prinsen skal etter planen v\u00e6re i hjemlandet i en uke i forbindelse med offisielle oppdrag, og startet uken med \u00e5 m\u00f8te barn med alvorlige helseproblemer under veldedighetsprisen. Etter utdelingen dro han videre til Windsor Castle for \u00e5 legge ned en krans i kapellet der farmoren, dronning Elizabeth, er gravlagt &#8211; tre \u00e5r etter at hun d\u00f8de.<\/p>\n<p>        LEKER: Vi har v\u00e6rt p\u00e5 TV 2s h\u00f8stlansering, og igjen er det kjendisene selv som stiller de vonde sp\u00f8rsm\u00e5lene. Video: Kine Falch\/ Thea Hope<\/p>\n<p>Samtidig var storebror prins William (43) og svigerinnen prinsesse Kate (43) p\u00e5 et annet offisielt oppdrag bare et steinkast unna.\u00a0<\/p>\n<p>De bes\u00f8kte nemlig Women&#8217;s Institute i Sunningdale &#8211; bare dr\u00f8ye tolv kilometer unna.<\/p>\n<p>    <a itemprop=\"url\" href=\"https:\/\/www.seher.no\/kongelig\/nytt-intim-sjokk-fra-durek\/83561115\" rel=\"nofollow noopener\" target=\"_blank\"><\/p>\n<p>      <img loading=\"lazy\" decoding=\"async\" src=\"https:\/\/www.europesays.com\/no\/wp-content\/uploads\/2025\/09\/83561320.webp\" width=\"980\" height=\"441\" title=\"Nytt intim-sjokk\" alt=\"\" class=\"lazyload\" style=\"--aspect-ratio-image: 2.22; \"\/><\/p>\n<p>        Nytt intim-sjokk<\/p>\n<p>    <\/a><\/p>\n<p>Det er en god stund siden det har dukket opp bilder av begge prinsebr\u00f8drene p\u00e5 oppdrag p\u00e5 samme dag i Storbritannia. Til tross for at den geografiske avstanden var betraktelig mindre mellom dem, virker de fortsatt \u00e5 v\u00e6re langt fra hverandre p\u00e5 alle andre plan.\u00a0<\/p>\n<p>Det p\u00e5pekes blant annet hos <a href=\"https:\/\/news.sky.com\/story\/just-miles-between-them-william-and-harry-still-seem-so-far-apart-13427378\" rel=\"nofollow noopener\" target=\"_blank\">Sky News<\/a> tirsdag.<\/p>\n<p>          <img loading=\"lazy\" decoding=\"async\" src=\"https:\/\/www.europesays.com\/no\/wp-content\/uploads\/2025\/09\/83568065.webp\" width=\"686\" height=\"419\" title=\"N\u00c6RE: Da prins Harry la ned blomster p\u00e5 graven til prinsesse Diana, var ikke prins William og prinsesse Kate mer enn en liten halvtimes biltur unna. Foto: Skjermdump Google Maps\" alt=\"\" class=\"\" style=\"--aspect-ratio-image: 1.64; \"\/><\/p>\n<p>\n          N\u00c6RE: Da prins Harry la ned blomster p\u00e5 graven til prinsesse Diana, var ikke prins William og prinsesse Kate mer enn en liten halvtimes biltur unna. Foto: Skjermdump Google Maps\n      <\/p>\n<p>Selv p\u00e5 tre\u00e5rsdagen for farmorens d\u00f8d fant ikke William og Harry sammen, ut ifra det offentligheten er kjent med. Da sistnevnte la ned blomster p\u00e5 den avd\u00f8de dronningens grav, var han til og med i samme omr\u00e5de som William og Kate bor med prins George (12), prinsesse Charlotte (10) og prins Louis.<\/p>\n<p>    <a itemprop=\"url\" href=\"https:\/\/www.seher.no\/kongelig\/stjal-showet-svimlende-dyrt\/83563412\" rel=\"nofollow noopener\" target=\"_blank\"><\/p>\n<p>      <img loading=\"lazy\" decoding=\"async\" src=\"https:\/\/www.europesays.com\/no\/wp-content\/uploads\/2025\/09\/83563878.webp\" width=\"980\" height=\"441\" title=\"Stjal showet: - Svimlende dyrt\" alt=\"\" class=\"lazyload\" style=\"--aspect-ratio-image: 2.22; \"\/><\/p>\n<p>        Stjal showet: &#8211; Svimlende dyrt<\/p>\n<p>    <\/a><\/p>\n<p>Se og H\u00f8rs kongehusekspert Caroline Vagle har ogs\u00e5 bemerket seg dette.<\/p>\n<p class=\"font-weight-bold m-font-weight-bold\" data-lab-font_weight=\"font-weight-bold\">&#8211; Geografisk var prinsebr\u00f8drene n\u00e6rmere hverandre enn de har v\u00e6rt p\u00e5 sv\u00e6rt lenge, men det virker som om de fortsatt st\u00e5r langt fra hverandre f\u00f8lelsesmessig. Det er og blir trist, synes jeg!\u00a0<\/p>\n<p>        AVBR\u00d8T: Under omvisningen p\u00e5 filmsettet i Filmparken, gikk ikke alt som planlagt for kronprinsesse Mette-Marit. Foto: NTB \/\/ Video: H\u00e5vard Bj\u00f8rnerem<\/p>\n<p>&#8211; Jeg husker tilbake til bilder av de to sammen med Kate p\u00e5 jobb i \u00abgamle dager\u00bb. Det s\u00e5 alltid ut som de hadde det s\u00e5 morsomt sammen. Men for alt vi vet var det et spill for galleriet, legger hun til.<\/p>\n<p>Tre\u00e5rsdagen for dronningens bortgang ble markert med kanonhilsener i London. Kong Charles (76) tilbrakte p\u00e5 sin side mandagen privat i Skottland.<\/p>\n<p>    <a itemprop=\"url\" href=\"https:\/\/www.seher.no\/kongelig\/absolutte-favoritter\/83565017\" rel=\"nofollow noopener\" target=\"_blank\"><\/p>\n<p>      <img loading=\"lazy\" decoding=\"async\" src=\"https:\/\/www.europesays.com\/no\/wp-content\/uploads\/2025\/09\/83565506.webp\" width=\"980\" height=\"441\" title=\"- Absolutte favoritter\" alt=\"\" class=\"lazyload\" style=\"--aspect-ratio-image: 2.22; \"\/><\/p>\n<p>        &#8211; Absolutte favoritter<\/p>\n<p>    <\/a><\/p>\n<p>Prins Harry har over en \u00e5rrekke hatt et anstrengt forhold til resten av kongefamilien, og har g\u00e5tt hardt ut mot dem ved flere anledninger.<\/p>\n<p>Sammen med kona hertuginne Meghan (44) sa han fra seg sine kongelige plikter og forlot Storbritannia, til fordel for USA, tilbake i 2020. Kontakten med prins William og kong Charles har siden v\u00e6rt sv\u00e6rt begrenset.<\/p>\n","protected":false},"excerpt":{"rendered":"Prins William og prins Harry: &#8230; men ikke p\u00e5 den m\u00e5ten man kanskje skulle \u00f8nske. KONFLIKT: Prins William&hellip;\n","protected":false},"author":2,"featured_media":30668,"comment_status":"","ping_status":"","sticky":false,"template":"","format":"standard","meta":{"footnotes":""},"categories":[58],"tags":[1893,71,479,2543,30,28,29,75,4636,72],"class_list":{"0":"post-30667","1":"post","2":"type-post","3":"status-publish","4":"format-standard","5":"has-post-thumbnail","7":"category-underholdning","8":"tag-det-britiske-kongehuset","9":"tag-entertainment","10":"tag-kjendis","11":"tag-kjendisdesken","12":"tag-no","13":"tag-norge","14":"tag-norway","15":"tag-prins-harry","16":"tag-prins-william","17":"tag-underholdning"},"share_on_mastodon":{"url":"","error":""},"_links":{"self":[{"href":"https:\/\/www.europesays.com\/no\/wp-json\/wp\/v2\/posts\/30667","targetHints":{"allow":["GET"]}}],"collection":[{"href":"https:\/\/www.europesays.com\/no\/wp-json\/wp\/v2\/posts"}],"about":[{"href":"https:\/\/www.europesays.com\/no\/wp-json\/wp\/v2\/types\/post"}],"author":[{"embeddable":true,"href":"https:\/\/www.europesays.com\/no\/wp-json\/wp\/v2\/users\/2"}],"replies":[{"embeddable":true,"href":"https:\/\/www.europesays.com\/no\/wp-json\/wp\/v2\/comments?post=30667"}],"version-history":[{"count":0,"href":"https:\/\/www.europesays.com\/no\/wp-json\/wp\/v2\/posts\/30667\/revisions"}],"wp:featuredmedia":[{"embeddable":true,"href":"https:\/\/www.europesays.com\/no\/wp-json\/wp\/v2\/media\/30668"}],"wp:attachment":[{"href":"https:\/\/www.europesays.com\/no\/wp-json\/wp\/v2\/media?parent=30667"}],"wp:term":[{"taxonomy":"category","embeddable":true,"href":"https:\/\/www.europesays.com\/no\/wp-json\/wp\/v2\/categories?post=30667"},{"taxonomy":"post_tag","embeddable":true,"href":"https:\/\/www.europesays.com\/no\/wp-json\/wp\/v2\/tags?post=30667"}],"curies":[{"name":"wp","href":"https:\/\/api.w.org\/{rel}","templated":true}]}}