{"id":306729,"date":"2026-07-30T07:11:30","date_gmt":"2026-07-30T07:11:30","guid":{"rendered":"https:\/\/www.europesays.com\/no\/306729\/"},"modified":"2026-07-30T07:11:30","modified_gmt":"2026-07-30T07:11:30","slug":"jan-thomas-avslorer-sommerens-favoritter-og-utfordringer-med-harlem-alexander","status":"publish","type":"post","link":"https:\/\/www.europesays.com\/no\/306729\/","title":{"rendered":"Jan Thomas avsl\u00f8rer sommerens favoritter og utfordringer med Harlem Alexander"},"content":{"rendered":"<p>Jan Thomas (59) har i en \u00e5rrekke v\u00e6rt blant de mest folkekj\u00e6re profilene vi har her til lands. Kjendisstylisten har ikke bare trillet terning p\u00e5 kjente personers antrekk, han er ogs\u00e5 programleder for \u00abNorges dummeste\u00bb og \u00abJakten p\u00e5 kj\u00e6rligheten\u00bb.<\/p>\n<p>    <a itemprop=\"url\" href=\"https:\/\/www.seher.no\/kjendis\/et-skikkelig-gjennombrudd\/84914541\" rel=\"nofollow noopener\" target=\"_blank\"><\/p>\n<p>        <img loading=\"lazy\" decoding=\"async\" src=\"https:\/\/www.europesays.com\/no\/wp-content\/uploads\/2026\/07\/84914735.webp\" width=\"980\" height=\"441\" alt=\"\" class=\"lazyload\" style=\"--aspect-ratio-image: 2.22; \"\/><\/p>\n<p>        &#8211; Et romantisk eventyr<\/p>\n<p>    <\/a><\/p>\n<p>I tillegg debuterte han som dommer i fjor\u00e5rets \u00abSkal vi danse\u00bb, og blir trolig \u00e5 se der igjen &#8211; men f\u00f8r den tid nyter han sommeren, og tar seg tid til \u00e5 delta i Se og H\u00f8rs spalte Sommerpraten.<\/p>\n<p class=\"italic m-italic\" data-lab-italic=\"italic\">&#8211; Hvor er du akkurat n\u00e5?<\/p>\n<p>        IDYLL: N\u00e5r Jan Thomas og Harlem Alexander skulle gifte seg p\u00e5 den spanske kysten slo de p\u00e5 stortromma med bryllups-suite som har ekte kjendishistorie! Video: Marian God\u00f8 \/\/ Foto: NTB<\/p>\n<p class=\"no_italic m-no_italic font-weight-bold m-font-weight-bold\" data-lab-italic=\"\" data-lab-font_weight=\"font-weight-bold\">&#8211; P\u00e5 kontoret mitt p\u00e5 Nes\u00f8ya. Jeg har eget kontor i huset, som pleide \u00e5 v\u00e6re en utleieleilighet. Det er mitt kontor n\u00e5, s\u00e5 her sitter jeg og ser utover tretoppene. Det er helt nydelig, alts\u00e5 jeg klyper meg i armen hver dag. Jeg tror ikke jeg skj\u00f8nte selv, hvor lenge jeg har ventet p\u00e5 \u00e5 titte ut vinduet og se tretopper, og ikke folk. Det er helt magisk.<\/p>\n<p>        <img loading=\"lazy\" decoding=\"async\" src=\"https:\/\/www.europesays.com\/no\/wp-content\/uploads\/2026\/07\/1785395485_369_84950089.webp\" width=\"667\" height=\"614\" alt=\"\" class=\"\" style=\"--aspect-ratio-image: 1.09; \"\/><\/p>\n<p>\n        DR\u00d8MMEUTSIKTEN: Dette ser Jan Thomas utover n\u00e5r Se og H\u00f8r sl\u00e5r p\u00e5 tr\u00e5den. Foto: Privat\n    <\/p>\n<p class=\"italic m-italic\" data-lab-italic=\"italic\">&#8211; Hva har du p\u00e5 deg &#8211; og hvilket plagg har du brukt mest denne sommeren?<\/p>\n<p class=\"no_italic m-no_italic\" data-lab-italic=\"\">&#8211; Jeg er jo alts\u00e5 helt \u00abobsessed\u00bb med gr\u00e5 joggebukser og gr\u00e5 treningsshort. Avklippede joggebukser. Det har jeg v\u00e6rt siden jeg bodde i Los Angeles, det er sikkert det amerikanske i meg. S\u00e5 jeg har p\u00e5 mine gr\u00e5 Nike, som jeg vasker p\u00e5 kvelden, og s\u00e5 tar jeg dem p\u00e5 meg igjen. Jeg vet ikke hvorfor, men jeg tror jeg har bodd i denne shortsen hele sommeren &#8211; og Harlem hater den. Og s\u00e5 har jeg p\u00e5 meg hvit T-skjorte, og om du sp\u00f8r familie og venner s\u00e5 ville de sagt: \u00abHar han noe annet?\u00bb. S\u00e5 det har jeg p\u00e5 meg n\u00e5.<\/p>\n<p>    <a itemprop=\"url\" href=\"https:\/\/www.seher.no\/kjendis\/provoserende\/84924015\" rel=\"nofollow noopener\" target=\"_blank\"><\/p>\n<p>        <img loading=\"lazy\" decoding=\"async\" src=\"https:\/\/www.europesays.com\/no\/wp-content\/uploads\/2026\/07\/1785395486_118_84924056.webp\" width=\"980\" height=\"441\" alt=\"\" class=\"lazyload\" style=\"--aspect-ratio-image: 2.22; \"\/><\/p>\n<p>        &#8211; Provoserende<\/p>\n<p>    <\/a><\/p>\n<p class=\"no_italic m-no_italic font-weight-bold m-font-weight-bold\" data-lab-italic=\"\" data-lab-font_weight=\"font-weight-bold\">&#8211; Jeg trener i den, jeg sitter rundt og ser p\u00e5 TV i den, jeg g\u00e5r tur i den, jeg g\u00e5r p\u00e5 jobb i den &#8211; ikke med kunder vel \u00e5 merke &#8211; men det er helt krise. Jeg tror jeg fikk den p\u00e5 salg for 70 kroner p\u00e5 XXL.<\/p>\n<p class=\"italic m-italic\" data-lab-italic=\"italic\">&#8211; Hva unner du deg om sommeren som du vanligvis ikke gj\u00f8r?<\/p>\n<p>        <img loading=\"lazy\" decoding=\"async\" src=\"https:\/\/www.europesays.com\/no\/wp-content\/uploads\/2026\/07\/1785395487_854_84950135.webp\" width=\"686\" height=\"686\" alt=\"\" class=\"\" style=\"--aspect-ratio-image: 1.00; \"\/><\/p>\n<p>\n        IKKE HARLEMS FAVORITT: Shortsen Jan Thomas har p\u00e5 seg her, er ikke Harlem favoritt. Foto: Privat\n    <\/p>\n<p class=\"no_italic m-no_italic\" data-lab-italic=\"\">&#8211; Uff a meg, alts\u00e5 &#8230; La meg starte med \u00e5 svare at jeg har bestemt meg for at jeg kan ha rutinene mine, siden jeg er hjemme, s\u00e5 jeg trener veldig mye. Det m\u00e5 jeg starte med \u00e5 si. Fordi det jeg unner meg er uendelige mengder av H\u00e4\u00e4gen-Dazs vaniljeis og belgisk sjokoladeis, softis, sjokolade, sm\u00e5godt &#8211; alts\u00e5, det vil ingen ende ta. Sommeren er jo den siste tiden hvor man skal sitte og trykke i seg dette greiene, men til gjengjeld s\u00e5 trener jeg veldig mye, s\u00e5 jeg ser ikke s\u00e5 stor forskjell.<\/p>\n<p>        EKSKLUSIV VIDEO: Jan Thomas og Harlem Alexander Thomas ble viet under den spanske kveldssolen i juli, og her f\u00e5r du se det r\u00f8rende \u00f8yeblikket hvor de dagen derp\u00e5 skal overraske med morgengaver. Video: Henrik Dale \/ Anormal Studios \/\/ Reporter: H\u00e5vard Bj\u00f8rnerem<\/p>\n<p class=\"no_italic m-no_italic font-weight-bold m-font-weight-bold\" data-lab-italic=\"\" data-lab-font_weight=\"font-weight-bold\">&#8211; Jeg er ikke interessert i sukker om morgenen eller p\u00e5 dagen, det er p\u00e5 kvelden n\u00e5r jeg setter meg ned, at dette suget starter. S\u00e5 det har v\u00e6rt altfor mye is, alts\u00e5. Men herregud, man lever bare \u00e9n gang.<\/p>\n<p class=\"italic m-italic\" data-lab-italic=\"italic\">&#8211; Hvor mange uker ferie tar du i \u00e5r &#8211; eller hvorfor tar du ikke ferie?<\/p>\n<p>    <a itemprop=\"url\" href=\"https:\/\/www.seher.no\/kjendis\/vi-fikk-virkelig-testet-oss\/84902030\" rel=\"nofollow noopener\" target=\"_blank\"><\/p>\n<p>        <img loading=\"lazy\" decoding=\"async\" src=\"https:\/\/www.europesays.com\/no\/wp-content\/uploads\/2026\/07\/1785395488_480_84902765.webp\" width=\"980\" height=\"441\" alt=\"\" class=\"lazyload\" style=\"--aspect-ratio-image: 2.22; \"\/><\/p>\n<p>        &#8211; Vi fikk virkelig testet oss<\/p>\n<p>    <\/a><\/p>\n<p class=\"no_italic m-no_italic\" data-lab-italic=\"\">&#8211; Normalt sett jobber jeg hele juni og f\u00f8rste uken i juli, men n\u00e5 begynner vi ikke f\u00f8r i slutten av august. Etter bryllupet v\u00e5rt i Spania tok jeg ferie, og har derfor ferie i to m\u00e5neder. Og det er norgesferie. Det er veldig enkelt, Harlem og jeg har en liten gutt som heter Tyr, som fikk prolaps og ble lam. Han er forholdsvis nyoperert, og det vil nok ta litt tid f\u00f8r bakbena fungerer helt som de gjorde. S\u00e5 det er grunnen.<\/p>\n<p>        <img loading=\"lazy\" decoding=\"async\" src=\"https:\/\/www.europesays.com\/no\/wp-content\/uploads\/2026\/07\/1785395488_89_84950142.webp\" width=\"667\" height=\"667\" alt=\"\" class=\"\" style=\"--aspect-ratio-image: 1.00; \"\/><\/p>\n<p>\n        LILLE TYR: Jan Thomas og Harlem ferierer i Norge i \u00e5r, for \u00e5 kunne ta vare p\u00e5 hunden Tyr, som opererte for prolaps tidligere i sommer. Foto: Privat\n    <\/p>\n<p class=\"italic m-italic\" data-lab-italic=\"italic\">&#8211; Hva gj\u00f8r du for \u00e5 koble helt av?<\/p>\n<p class=\"no_italic m-no_italic\" data-lab-italic=\"\">&#8211; Trener. Da setter jeg p\u00e5 \u00f8retelefoner, og g\u00e5r inn i mitt eget univers. Trening er min kirke, min meditasjon. Og s\u00e5 er det turer rundt Br\u00f8nn\u00f8ya, som er bilfritt, hvor jeg kan g\u00e5 og ikke m\u00f8te et menneske p\u00e5 en time, men prim\u00e6rt s\u00e5 er det trening.<\/p>\n<p>        GAVEDRYSS: Man er ikke ferdig med et bryllup f\u00f8r gavene er pakket opp, men \u00e9n av gavene Jan Thomas og Harlem Alexander fikk i bryllupet sitt, kom ikke med gavepapir. Foto: Espen Solli \/ Se og H\u00f8r \/\/ Video: H\u00e5vard Bj\u00f8rnerem<\/p>\n<p class=\"italic m-italic\" data-lab-italic=\"italic\">&#8211; Legger du planer for dagene dine eller lar du humla suse i ferien?<\/p>\n<p class=\"no_italic m-no_italic\" data-lab-italic=\"\">&#8211; Humla suser i ferien. Alts\u00e5, du vil ikke tro. Jeg har en liste med en h\u00e5ndfull navn av folk jeg har lyst til \u00e5 ha lunsj med, for det er noe jeg aldri tar meg tid til i virkeligheten. Men ikke noen avtaler i det hele tatt. Jeg v\u00e5kner om morgenen, s\u00e5 er det: Hva skal vi i dag? Vi bes\u00f8ker svigermor i Halden. Eller s\u00e5 drar vi p\u00e5 kino. Vi legger ingen planer. Absolutt ingen.<\/p>\n<p>    <a itemprop=\"url\" href=\"https:\/\/www.seher.no\/kjendis\/avslorer-hemmelig-morgengave\/84867816\" rel=\"nofollow noopener\" target=\"_blank\"><\/p>\n<p>        <img loading=\"lazy\" decoding=\"async\" src=\"https:\/\/www.europesays.com\/no\/wp-content\/uploads\/2026\/07\/1785395489_795_84868216.webp\" width=\"147\" height=\"98\" alt=\"\" class=\"lazyload\" style=\"--aspect-ratio-image: 1.50; \"\/><\/p>\n<p>        Avsl\u00f8rer hemmelig morgengave<\/p>\n<p>    <\/a><\/p>\n<p class=\"no_italic m-no_italic font-weight-bold m-font-weight-bold\" data-lab-italic=\"\" data-lab-font_weight=\"font-weight-bold\">&#8211; Jeg tar medisiner for M\u00e9ni\u00e8res-sykdommen min, og derav har jeg s\u00e5nn som mange voksne har &#8211; s\u00e5nn pilleeske, med mandag, tirsdag, onsdag. Det er grunnen til at jeg vet hvilken dag det er. Vi er blitt klin g\u00e6rne, og er oppe til b\u00e5de elleve, tolv og halv ett, og sover til \u00e5tte-ni p\u00e5 morgenen. Pensjonisttilv\u00e6relsen kler b\u00e5de Harlem og meg, det lover godt for fremtiden.<\/p>\n<p class=\"italic m-italic\" data-lab-italic=\"italic\">&#8211; Hva er ditt beste sommerminne?<\/p>\n<p class=\"no_italic m-no_italic\" data-lab-italic=\"\">&#8211; Jeg vil si bryllupet denne sommeren. Jeg sa det til Harlem i vielsen, at dette er det st\u00f8rste \u00f8yeblikket i mitt liv. Det var alt jeg sa. Cecilie, v\u00e5r bryllupsplanlegger, som har holdt p\u00e5 med oss i halvannet \u00e5r for \u00e5 f\u00e5 til dette, hun sa: Ikke spar penger p\u00e5 foto, lyd og film. Fordi det er jo det man sitter igjen med. N\u00e5 kan jeg nyte talen til Einar (T\u00f8rnquist, red. anm.), som har ordentlig lyd p\u00e5 seg, og vi har masse bilder.<\/p>\n<p>        <img loading=\"lazy\" decoding=\"async\" src=\"https:\/\/www.europesays.com\/no\/wp-content\/uploads\/2026\/07\/1785395490_257_84950162.webp\" width=\"667\" height=\"694\" alt=\"\" class=\"\" style=\"--aspect-ratio-image: 0.96; \"\/><\/p>\n<p>\n        BES\u00d8KTE GRAVEN: Jan Thomas, Harlem og Tyr bes\u00f8kte graven til f\u00f8rstnevntes mor tidligere i sommer. Det trengte han, f\u00f8r han og Harlem giftet seg. Foto: Privat\n    <\/p>\n<p class=\"italic m-italic\" data-lab-italic=\"italic\">&#8211; Hva er ditt verste sommerminne?<\/p>\n<p class=\"no_italic m-no_italic\" data-lab-italic=\"\">&#8211; Sommeren for ti-tolv \u00e5r siden, da mamma d\u00f8de. Det er vanskelig for alle mennesker n\u00e5r man mister noen s\u00e5 n\u00e6r. Men det er viktig \u00e5 snakke om det vonde. Det som ogs\u00e5 er helt unikt er jo at Harlems mor, Anneli, er s\u00e5 lik min mamma. Det er nesten skremmende. I atferd, v\u00e6rem\u00e5te, frisyre &#8211; s\u00e5, ja. Det verste var den sommeren mamma gikk bort.<\/p>\n<p>        ROR I SPANIA: I det siste har den norske supporter-roingen vekket oppsikt verden over, og til og med f\u00f8r Jan Thomas og Harlem Alexanders bryllup blir det varmet opp med ro-tak i den spanske solen. Video: Espen Solli \/ Anormal Studios \/\/ Reporter: H\u00e5vard Bj\u00f8rnerem<\/p>\n<p class=\"no_italic m-no_italic font-weight-bold m-font-weight-bold\" data-lab-italic=\"\" data-lab-font_weight=\"font-weight-bold\">&#8211; Men samtidig har det gitt meg \u00e9n ting. Jeg er ikke verdens mest religi\u00f8se mann, snarere tvert om, men det at mamma fikk lov til \u00e5 g\u00e5 og legge seg, og rett og slett bare ikke v\u00e5kne &#8211; det h\u00e5per jeg selv at jeg f\u00e5r n\u00e5r min dag kommer.<\/p>\n","protected":false},"excerpt":{"rendered":"Jan Thomas (59) har i en \u00e5rrekke v\u00e6rt blant de mest folkekj\u00e6re profilene vi har her til lands.&hellip;\n","protected":false},"author":2,"featured_media":306730,"comment_status":"","ping_status":"","sticky":false,"template":"","format":"standard","meta":{"footnotes":"","_share_on_mastodon":"0"},"categories":[58],"tags":[71,2286,479,4024,30,28,4224,29,23472,72],"class_list":["post-306729","post","type-post","status-publish","format-standard","has-post-thumbnail","category-underholdning","tag-entertainment","tag-jan-thomas","tag-kjendis","tag-mote","tag-no","tag-norge","tag-norgesferie","tag-norway","tag-sommerpraten","tag-underholdning"],"share_on_mastodon":{"url":"https:\/\/pubeurope.com\/@no\/117007685471326822","error":""},"_links":{"self":[{"href":"https:\/\/www.europesays.com\/no\/wp-json\/wp\/v2\/posts\/306729","targetHints":{"allow":["GET"]}}],"collection":[{"href":"https:\/\/www.europesays.com\/no\/wp-json\/wp\/v2\/posts"}],"about":[{"href":"https:\/\/www.europesays.com\/no\/wp-json\/wp\/v2\/types\/post"}],"author":[{"embeddable":true,"href":"https:\/\/www.europesays.com\/no\/wp-json\/wp\/v2\/users\/2"}],"replies":[{"embeddable":true,"href":"https:\/\/www.europesays.com\/no\/wp-json\/wp\/v2\/comments?post=306729"}],"version-history":[{"count":0,"href":"https:\/\/www.europesays.com\/no\/wp-json\/wp\/v2\/posts\/306729\/revisions"}],"wp:featuredmedia":[{"embeddable":true,"href":"https:\/\/www.europesays.com\/no\/wp-json\/wp\/v2\/media\/306730"}],"wp:attachment":[{"href":"https:\/\/www.europesays.com\/no\/wp-json\/wp\/v2\/media?parent=306729"}],"wp:term":[{"taxonomy":"category","embeddable":true,"href":"https:\/\/www.europesays.com\/no\/wp-json\/wp\/v2\/categories?post=306729"},{"taxonomy":"post_tag","embeddable":true,"href":"https:\/\/www.europesays.com\/no\/wp-json\/wp\/v2\/tags?post=306729"}],"curies":[{"name":"wp","href":"https:\/\/api.w.org\/{rel}","templated":true}]}}