{"id":306759,"date":"2026-07-30T07:39:23","date_gmt":"2026-07-30T07:39:23","guid":{"rendered":"https:\/\/www.europesays.com\/no\/306759\/"},"modified":"2026-07-30T07:39:23","modified_gmt":"2026-07-30T07:39:23","slug":"torke-england-over-halve-england-rammet-av-torke","status":"publish","type":"post","link":"https:\/\/www.europesays.com\/no\/306759\/","title":{"rendered":"T\u00f8rke, England | Over halve England rammet av t\u00f8rke"},"content":{"rendered":"\n<p>T\u00f8rken rammer til sammen sju regioner og dermed store deler av det sentrale, \u00f8stlige og s\u00f8rlige England. \u00c5rsaken er rekordlave nedb\u00f8rsmengder og eksepsjonelt h\u00f8ye temperaturer, opplyser den britiske milj\u00f8etaten.<\/p>\n<p>If\u00f8lge etaten er dette Englands tredje t\u00f8rkeperiode p\u00e5 fem \u00e5r. Landet opplevde ogs\u00e5 t\u00f8rke i 2022 og 2025.<\/p>\n<p>\u2013 To somre p\u00e5 rad med t\u00f8rke er en usedvanlig alvorlig situasjon, som vil ha langvarige konsekvenser for milj\u00f8et, dyrelivet og \u00f8konomien v\u00e5r, sier etatens vanndirekt\u00f8r Helen Wakeham.<\/p>\n<p>Det er for tiden ogs\u00e5 heteb\u00f8lge i Storbritannia. Onsdag kunngjorde Met Office, landets meteorologiske institutt, at b\u00e5de England og Storbritannia satte ny dagsrekord for juni med 38 grader celsius.<\/p>\n<p> I juli fikk England bare 7 prosent av forventet nedb\u00f8rsmengde, skriver <a href=\"\\&quot;https:\/\/www.bbc.com\/news\/articles\/ckg35n7yny3o\\&quot;\">BBC<\/a>. I S\u00f8r-England var andelen bare 1 prosent.<\/p>\n<p>Konsekvensene av t\u00f8rken er allerede merkbare. Blant annet er det lav vannstand i elvene, b\u00f8ndene m\u00e5 h\u00f8ste avlinger tidlig og skogbrannfaren er stor. Millioner av innbyggere er ilagt vanningsforbud.<\/p>\n<p>\u2013 Det varme og t\u00f8rre v\u00e6ret betyr at vi n\u00e5 bruker vannet raskere enn naturen kan etterfylle det, sier Wakeham.<\/p>\n<p>I forrige uke ble det erkl\u00e6rt t\u00f8rke i North Wales og Upper Severn.<\/p>\n<p>(\u00a9NTB)<\/p>\n","protected":false},"excerpt":{"rendered":"T\u00f8rken rammer til sammen sju regioner og dermed store deler av det sentrale, \u00f8stlige og s\u00f8rlige England. \u00c5rsaken&hellip;\n","protected":false},"author":2,"featured_media":306760,"comment_status":"","ping_status":"","sticky":false,"template":"","format":"standard","meta":{"footnotes":"","_share_on_mastodon":"0"},"categories":[12],"tags":[36,20,21,4835,24,25,15,22,23,650,13,30,28,29,14,16,1510,26,27,11413,42,43,44,45],"class_list":["post-306759","post","type-post","status-publish","format-standard","has-post-thumbnail","category-verden","tag-art","tag-breaking-news","tag-breakingnews","tag-england","tag-featured-news","tag-featurednews","tag-headlines","tag-latest-news","tag-latestnews","tag-natur","tag-news","tag-no","tag-norge","tag-norway","tag-nyheter","tag-overskrifter","tag-story","tag-top-stories","tag-topstories","tag-torke","tag-verden","tag-world","tag-world-news","tag-worldnews"],"share_on_mastodon":{"url":"https:\/\/pubeurope.com\/@no\/117007795241977739","error":""},"_links":{"self":[{"href":"https:\/\/www.europesays.com\/no\/wp-json\/wp\/v2\/posts\/306759","targetHints":{"allow":["GET"]}}],"collection":[{"href":"https:\/\/www.europesays.com\/no\/wp-json\/wp\/v2\/posts"}],"about":[{"href":"https:\/\/www.europesays.com\/no\/wp-json\/wp\/v2\/types\/post"}],"author":[{"embeddable":true,"href":"https:\/\/www.europesays.com\/no\/wp-json\/wp\/v2\/users\/2"}],"replies":[{"embeddable":true,"href":"https:\/\/www.europesays.com\/no\/wp-json\/wp\/v2\/comments?post=306759"}],"version-history":[{"count":0,"href":"https:\/\/www.europesays.com\/no\/wp-json\/wp\/v2\/posts\/306759\/revisions"}],"wp:featuredmedia":[{"embeddable":true,"href":"https:\/\/www.europesays.com\/no\/wp-json\/wp\/v2\/media\/306760"}],"wp:attachment":[{"href":"https:\/\/www.europesays.com\/no\/wp-json\/wp\/v2\/media?parent=306759"}],"wp:term":[{"taxonomy":"category","embeddable":true,"href":"https:\/\/www.europesays.com\/no\/wp-json\/wp\/v2\/categories?post=306759"},{"taxonomy":"post_tag","embeddable":true,"href":"https:\/\/www.europesays.com\/no\/wp-json\/wp\/v2\/tags?post=306759"}],"curies":[{"name":"wp","href":"https:\/\/api.w.org\/{rel}","templated":true}]}}