{"id":306767,"date":"2026-07-30T07:47:11","date_gmt":"2026-07-30T07:47:11","guid":{"rendered":"https:\/\/www.europesays.com\/no\/306767\/"},"modified":"2026-07-30T07:47:11","modified_gmt":"2026-07-30T07:47:11","slug":"kvinne-funnet-dod-etter-batulykke-i-sverige-datter-fortsatt-savnet","status":"publish","type":"post","link":"https:\/\/www.europesays.com\/no\/306767\/","title":{"rendered":"Kvinne funnet d\u00f8d etter b\u00e5tulykke i Sverige \u2013 datter fortsatt savnet"},"content":{"rendered":"\n<p class=\"_lead_145nj_2 _lead_6fko5_53 layout-component text-serif-m layout-normal text-serif-l layout-component layout-wide layout-padded _wide_17hqh_1 layout-padded\">Det melder svensk politi torsdag morgen.<\/p>\n<p><img alt=\" Foto: Anders Deros \/ Aftonbladet\" class=\"_image_jw3bv_65 layout-component layout-wide\" data-fullscreen- data-track-element-type=\"Article image fullscreen\" data-track-name=\"ImageFullscreen\" fetchpriority=\"high\" decoding=\"sync\" loading=\"eager\" height=\"3744\" itemprop=\"image\"  src=\"https:\/\/www.europesays.com\/no\/wp-content\/uploads\/2026\/07\/1785397628_976_1182f751-3d83-37d9-bbd6-39eece0167d6.jpeg\"  style=\"object-position:0% 0%\" width=\"5616\"\/> Foto: Anders Deros \/ Aftonbladet<\/p>\n<ul aria-hidden=\"true\" class=\"_images_ntbth_112\">\n<li><a class=\"_link_ntbth_117\" href=\"https:\/\/www.vg.no\/forfatter\/joakim-midtboe-viland\" style=\"z-index:2\" title=\"Joakim Midtb\u00f8 Viland\" rel=\"nofollow noopener\" target=\"_blank\"><img alt=\"Bilde av Joakim Midtb\u00f8 Viland\" class=\"_image_ntbth_93\" fetchpriority=\"low\" loading=\"lazy\" decoding=\"async\" itemprop=\"image\"  src=\"https:\/\/www.europesays.com\/no\/wp-content\/uploads\/2026\/07\/1785397629_763_27726afb-18dd-471c-8b60-34201a4c4864.jpeg\"  width=\"480\"\/><\/a><\/li>\n<li><a class=\"_link_ntbth_117\" href=\"https:\/\/www.vg.no\/forfatter\/ntb\" style=\"z-index:1\" title=\"NTB\" rel=\"nofollow noopener\" target=\"_blank\"><img alt=\"Bilde av NTB\" class=\"_image_ntbth_93\" fetchpriority=\"low\" loading=\"lazy\" decoding=\"async\" itemprop=\"image\"  src=\"https:\/\/www.europesays.com\/no\/wp-content\/uploads\/2026\/07\/1785397629_164_c33980b0-5d07-4027-84a1-813f90a7c8d6.jpeg\"  width=\"480\"\/><\/a><\/li>\n<\/ul>\n<p> Oppdatert torsdag 30. juli kl. 09:46     <\/p>\n<p class=\"_paragraph_145nj_4 _paragraph_6fko5_10 layout-component text-serif-m layout-normal text-serif-m layout-padded\">\u2013 Kvinnen som var savnet etter sj\u00f8ulykken, er funnet omkommet i n\u00e6rheten av stedet der politiet lokaliserte den forliste fritidsb\u00e5ten. De p\u00e5r\u00f8rende er varslet om d\u00f8dsfallet, skriver de i en melding til pressen.<\/p>\n<p class=\"_paragraph_145nj_4 _paragraph_6fko5_10 layout-component text-serif-m layout-normal text-serif-m layout-padded\"><strong class=\"_strong_145nj_25\">Jentungen er fremdeles savnet.<\/strong><\/p>\n<p class=\"_paragraph_145nj_4 _paragraph_6fko5_10 layout-component text-serif-m layout-normal text-serif-m layout-padded\">\u2013 S\u00f8ket etter barnet som fortsatt er savnet, fortsetter, blant annet i samarbeid med Kystvakten.<\/p>\n<p class=\"_paragraph_145nj_4 _paragraph_6fko5_10 layout-component text-serif-m layout-normal text-serif-m layout-padded\">Samtidig opplyser politiet at den kriminaltekniske unders\u00f8kelsen av lasteskipet er avsluttet. Fart\u00f8yet er fortsatt beslaglagt.<\/p>\n<p class=\"_paragraph_145nj_4 _paragraph_6fko5_10 layout-component text-serif-m layout-normal text-serif-m layout-padded\">Politiets arbeid med etterforskningen fortsetter med en rekke tiltak, blant annet analyse av beslaglagt materiale.<\/p>\n<p>Norsk skip involvert<\/p>\n<p class=\"_paragraph_145nj_4 _paragraph_6fko5_10 layout-component text-serif-m layout-normal text-serif-m layout-padded\">Det er forel\u00f8pig ikke klart hva som er bakgrunnen for ulykken, og politiet jobber med \u00e5 gjennomf\u00f8re avh\u00f8r om bord p\u00e5 det norske handelsskipet Misje Verde.<\/p>\n<p class=\"_paragraph_145nj_4 _paragraph_6fko5_10 layout-component text-serif-m layout-normal text-serif-m layout-padded\">Politiet unders\u00f8ker n\u00e5 om skipet har kj\u00f8rt p\u00e5 fritidsb\u00e5ten som familien satt i. Onsdag snakket VG med eieren av Misje Rederi, Roald Misje.<\/p>\n<p class=\"_paragraph_145nj_4 _paragraph_6fko5_10 layout-component text-serif-m layout-normal text-serif-m layout-padded\">\u2013 N\u00e5 m\u00e5 vi ikke trekke en konklusjon om at Misje Verde har v\u00e6rt involvert. Myndighetene n\u00f8ster opp i dette n\u00e5, sa han til VG onsdag.<\/p>\n<p class=\"_paragraph_145nj_4 _paragraph_6fko5_10 layout-component text-serif-m layout-normal text-serif-m layout-padded\">Han hadde da v\u00e6rt i kontakt med kapteinen p\u00e5 skipet.<\/p>\n<p class=\"_paragraph_145nj_4 _paragraph_6fko5_10 layout-component text-serif-m layout-normal text-serif-m layout-padded\">\u2013 Kapteinen visste ingenting om hendelsen da vi snakket sammen. Skipet blir n\u00e5 ankret opp utenfor Marstrand.<\/p>\n<p class=\"_paragraph_145nj_4 _paragraph_6fko5_10 layout-component text-serif-m layout-normal text-serif-m layout-padded\">\u2013 Det forferdelige her er at to personer er savnet, sa han.<\/p>\n<p class=\"_paragraph_145nj_4 _paragraph_6fko5_10 layout-component text-serif-m layout-normal text-serif-m layout-padded\">If\u00f8lge Expressen vet ikke Sj\u00f6fartsverket om skipet og b\u00e5ten kolliderte eller ikke. Skipet skal ha v\u00e6rt p\u00e5 vei ut i Kattegat, men har kommet tilbake for \u00e5 bli unders\u00f8kt. <\/p>\n<p class=\"_paragraph_145nj_4 _paragraph_6fko5_10 layout-component text-serif-m layout-normal text-serif-m layout-padded\">Svensk politi og Sj\u00f6fartsverket har v\u00e6rt om bord p\u00e5 det norske skipet for \u00e5 gj\u00f8re unders\u00f8kelser. Disse unders\u00f8keslene er n\u00e5 avsluttet, men skipet er fortsatt beslaglagt, skriver politiet i en oppdatering torsdag morgen. <\/p>\n<ul class=\"_gallery_1qa3s_23\" tabindex=\"0\">\n<li class=\"_item_1qa3s_37\" data-index=\"0\"><img decoding=\"async\" class=\"_image_foru8_23 _articleGallery_foru8_39\" data-fullscreen- width=\"1638\" height=\"2048\" itemprop=\"image\" loading=\"lazy\"  src=\"https:\/\/www.europesays.com\/no\/wp-content\/uploads\/2026\/07\/ffa71a70-278f-3f57-9e94-9927fd2a4fbc.jpeg\"  style=\"object-position:50% 50%;aspect-ratio:var(--gallery-aspect-ratio, 16 \/ 9)\"\/>Foto: Sj\u00f6r\u00e4ddningss\u00e4llskapet<\/li>\n<li class=\"_item_1qa3s_37\" data-index=\"1\"><img decoding=\"async\" class=\"_image_foru8_23 _articleGallery_foru8_39\" data-fullscreen- width=\"1179\" height=\"1473\" itemprop=\"image\" loading=\"lazy\"  src=\"https:\/\/www.europesays.com\/no\/wp-content\/uploads\/2026\/07\/517534a3-263b-352d-93ed-0eccd2864bee.jpeg\"  style=\"object-position:50% 50%;aspect-ratio:var(--gallery-aspect-ratio, 16 \/ 9)\"\/>Foto: Sj\u00f6r\u00e4ddningss\u00e4llskapet<\/li>\n<li class=\"_item_1qa3s_37\" data-index=\"2\"><img decoding=\"async\" class=\"_image_foru8_23 _articleGallery_foru8_39\" data-fullscreen- width=\"1639\" height=\"2048\" itemprop=\"image\" loading=\"lazy\"  src=\"https:\/\/www.europesays.com\/no\/wp-content\/uploads\/2026\/07\/0376f39a-b9af-366b-a862-b532b8ddc2d5.jpeg\"  style=\"object-position:50% 50%;aspect-ratio:var(--gallery-aspect-ratio, 16 \/ 9)\"\/>Foto: Sj\u00f6r\u00e4ddningss\u00e4llskapet<\/li>\n<\/ul>\n<p>Foto: Sj\u00f6r\u00e4ddningss\u00e4llskapet<\/p>\n<p class=\"_paragraph_145nj_4 _paragraph_6fko5_10 layout-component text-serif-m layout-normal text-serif-m layout-padded\">If\u00f8lge Sj\u00f6fartsverket er det ikke bekreftet at et skip har truffet fritidsb\u00e5ten.<\/p>\n<p class=\"_paragraph_145nj_4 _paragraph_6fko5_10 layout-component text-serif-m layout-normal text-serif-m layout-padded\">\u2013 Vi vet at et st\u00f8rre handelsskip passerte gjennom omr\u00e5det omtrent p\u00e5 det tidspunktet kollisjonen kan ha skjedd, sier redningsleder Johan Beischer til <a href=\"https:\/\/www.nrk.no\/artikkel\/to-personar-sakna-etter-batulykke-i-sverige-1523739\" class=\"_link_145nj_39\" rel=\"nofollow noopener\" target=\"_blank\">NRK<\/a>. <\/p>\n<p class=\"_paragraph_145nj_4 _paragraph_6fko5_10 layout-component text-serif-m layout-normal text-serif-m layout-padded\">If\u00f8lge Expressen vil ulykken bli etterforsket av den svenske havarikommisjonen. <\/p>\n<p class=\"_paragraph_145nj_4 _paragraph_6fko5_10 layout-component text-serif-m layout-normal text-serif-m layout-padded\">VG har v\u00e6rt i kontakt med det norske utenriksdepartementet. Pressevakt Cecilie Roang sier de kun er kjent med saken gjennom mediene og henviser til svenske myndigheter. <\/p>\n<p>Uaktsomhet i sj\u00f8trafikken<\/p>\n<p class=\"_paragraph_145nj_4 _paragraph_6fko5_10 layout-component text-serif-m layout-normal text-serif-m layout-padded\">Meldingen gikk p\u00e5 at en fritidsb\u00e5t hadde kollidert med et yrkesfart\u00f8y like nord for kystbyen Marstrand. Svensk politi og Sj\u00f6fartsverket har n\u00e5 g\u00e5tt om bord p\u00e5 det norske skipet Misje Verde for \u00e5 gj\u00f8re unders\u00f8kelser.<\/p>\n<p class=\"_paragraph_145nj_4 _paragraph_6fko5_10 layout-component text-serif-m layout-normal text-serif-m layout-padded\">Saken etterforskes som uaktsomhet i sj\u00f8trafikken, if\u00f8lge svensk politi.<\/p>\n<p class=\"_paragraph_145nj_4 _paragraph_6fko5_10 layout-component text-serif-m layout-normal text-serif-m layout-padded\">Det var en familie p\u00e5 fire om bord i fritidsb\u00e5ten som sank, if\u00f8lge politiet i <a href=\"https:\/\/www.vg.no\/tag\/sverige?utm_source=vg-article&amp;utm_medium=auto-tagger&amp;utm_campaign=8pXWxA\" class=\"_link_145nj_39\" rel=\"nofollow noopener\" target=\"_blank\">Sverige<\/a>. <\/p>\n<p class=\"_paragraph_145nj_4 _paragraph_6fko5_10 layout-component text-serif-m layout-normal text-serif-m layout-padded\"><strong class=\"_strong_145nj_25\">En mann i 40-\u00e5rene og s\u00f8nnen som if\u00f8lge Expressen er i f\u00f8rskolealder, er reddet opp av vannet og fraktet til sykehus. S\u00f8nnen betegnes som alvorlig skadet, if\u00f8lge avisen.<\/strong><\/p>\n","protected":false},"excerpt":{"rendered":"Det melder svensk politi torsdag morgen. Foto: Anders Deros \/ Aftonbladet Oppdatert torsdag 30. juli kl. 09:46 \u2013&hellip;\n","protected":false},"author":2,"featured_media":306768,"comment_status":"","ping_status":"","sticky":false,"template":"","format":"standard","meta":{"footnotes":"","_share_on_mastodon":"0"},"categories":[12],"tags":[903,20,21,24,25,15,22,23,13,30,28,29,14,16,1359,26,27,51,42,43,44,45],"class_list":["post-306767","post","type-post","status-publish","format-standard","has-post-thumbnail","category-verden","tag-bat","tag-breaking-news","tag-breakingnews","tag-featured-news","tag-featurednews","tag-headlines","tag-latest-news","tag-latestnews","tag-news","tag-no","tag-norge","tag-norway","tag-nyheter","tag-overskrifter","tag-sverige","tag-top-stories","tag-topstories","tag-ulykke","tag-verden","tag-world","tag-world-news","tag-worldnews"],"share_on_mastodon":{"url":"https:\/\/pubeurope.com\/@no\/117007826927098252","error":""},"_links":{"self":[{"href":"https:\/\/www.europesays.com\/no\/wp-json\/wp\/v2\/posts\/306767","targetHints":{"allow":["GET"]}}],"collection":[{"href":"https:\/\/www.europesays.com\/no\/wp-json\/wp\/v2\/posts"}],"about":[{"href":"https:\/\/www.europesays.com\/no\/wp-json\/wp\/v2\/types\/post"}],"author":[{"embeddable":true,"href":"https:\/\/www.europesays.com\/no\/wp-json\/wp\/v2\/users\/2"}],"replies":[{"embeddable":true,"href":"https:\/\/www.europesays.com\/no\/wp-json\/wp\/v2\/comments?post=306767"}],"version-history":[{"count":0,"href":"https:\/\/www.europesays.com\/no\/wp-json\/wp\/v2\/posts\/306767\/revisions"}],"wp:featuredmedia":[{"embeddable":true,"href":"https:\/\/www.europesays.com\/no\/wp-json\/wp\/v2\/media\/306768"}],"wp:attachment":[{"href":"https:\/\/www.europesays.com\/no\/wp-json\/wp\/v2\/media?parent=306767"}],"wp:term":[{"taxonomy":"category","embeddable":true,"href":"https:\/\/www.europesays.com\/no\/wp-json\/wp\/v2\/categories?post=306767"},{"taxonomy":"post_tag","embeddable":true,"href":"https:\/\/www.europesays.com\/no\/wp-json\/wp\/v2\/tags?post=306767"}],"curies":[{"name":"wp","href":"https:\/\/api.w.org\/{rel}","templated":true}]}}