{"id":306963,"date":"2026-07-30T11:23:39","date_gmt":"2026-07-30T11:23:39","guid":{"rendered":"https:\/\/www.europesays.com\/no\/306963\/"},"modified":"2026-07-30T11:23:39","modified_gmt":"2026-07-30T11:23:39","slug":"kbk-sport-sander-svendsen-klar-for-kbk","status":"publish","type":"post","link":"https:\/\/www.europesays.com\/no\/306963\/","title":{"rendered":"KBK, Sport | Sander Svendsen klar for KBK"},"content":{"rendered":"\n<p>Tidligere Molde- og Viking-spiller Sander Svendsen (28) er klar for KBK.<\/p>\n<p>Det bekrefter klubben selv i en melding p\u00e5 sin nettside.<\/p>\n<p>\u2013 Jeg gleder meg til \u00e5 f\u00e5 v\u00e6re en del av KBK. Dette er en klubb som drives p\u00e5 en god m\u00e5te, har et fantastisk potensiale, og jeg er heldig som f\u00e5 bli en del av dette, sier Svendsen selv om overgangen. Han sier ogs\u00e5 at \u00e5 kunne ta med familien tilbake til Nordvestlandet var en viktig faktor. Svendsen er opprinnelig fra Molde.<\/p>\n<p>I KBK blir han lagkamerat med sin lillebror Tobias. Han kom til klubben i forkant av \u00e5rets sesong.<\/p>\n<p>  <a href=\"https:\/\/www.tk.no\/5-51-1891696\" class=\"related-teaser has-image article--c-MkAkR\" rel=\"nofollow noopener\" target=\"_blank\"><\/p>\n<p>    <img decoding=\"async\" width=\"155\"  loading=\"lazy\"  src=\"https:\/\/www.europesays.com\/no\/wp-content\/uploads\/2026\/07\/1785410617_619_NTB_4qZTauJXoyg.jpg\" alt=\"\" class=\"brick-c-cFOWSL\" style=\"\"\/><\/p>\n<p>\n            Les ogs\u00e5<\/p>\n<p>            Niklas \u00d8deg\u00e5rd g\u00e5r tilbake til Molde\n        <\/p>\n<p>  <\/a><br \/>\n  Har v\u00e6rt p\u00e5 \u00f8nkelisten lenge<\/p>\n<p>Sportslig leder i KBK, Eirik Hoseth, sier at klubben er glade for at storebror Svendsen \u00f8nsket \u00e5 komme til KBK n\u00e5. Svendsen dro til Tyrkia og Konyaspor i januar i \u00e5r, men var ferdig i klubben tidligere i sommer.<\/p>\n<p>\u2013 En positiv og offensiv type som helst sikkert vil kunne bidra med rutine og smartness inn i en ung og fremadstormende spillertropp. Vi h\u00e5per og tror at hans inntreden kan forl\u00f8se enda mer av det potensialet vi vet ligger i laget, sier Hoseth om KBKs nye midtbanespiller.<\/p>\n<p>Han forteller ogs\u00e5 at KBK har fulgt 28-\u00e5ringen de siste to overgangsvinduene, og at de n\u00e5 fikk anledning til \u00e5 hente Sander p\u00e5 grunn av spillersalg i troppen.<\/p>\n<p>  <a href=\"https:\/\/www.tk.no\/5-51-1891049\" class=\"related-teaser has-image article--c-MkAkR\" rel=\"nofollow noopener\" target=\"_blank\"><\/p>\n<p>    <img decoding=\"async\" width=\"155\"  loading=\"lazy\"  src=\"https:\/\/www.europesays.com\/no\/wp-content\/uploads\/2026\/07\/1785410618_548_raal.jpg\" alt=\"\" class=\"brick-c-cFOWSL\" style=\"\"\/><\/p>\n<p>\n            Les ogs\u00e5<\/p>\n<p>            Solgt for rekordsum\n        <\/p>\n<p>  <\/a><br \/>\n  Seriemester<\/p>\n<p>Svendsen startet sin karriere i Molde allerede i 2013 og var i klubben fram til 2017. Da ble han solgt til Hammarby. Deretter gikk turen videre til Odense i Danmark f\u00f8r han skrev under for Viking i 2022. I mellomtiden hadde han v\u00e6rt innom b\u00e5de Brann og Odd p\u00e5 l\u00e5n.<\/p>\n<p>Svendsen spilte for Viking ut sesongen 2025 da han var med p\u00e5 \u00e5 ta seriegull. I gullsesongen spilte han 29 kamper og scoret fire m\u00e5l.<\/p>\n<p>   <img decoding=\"async\" width=\"8256\" height=\"5504\" fetchpriority=\"low\"  loading=\"lazy\"  src=\"https:\/\/www.europesays.com\/no\/wp-content\/uploads\/2026\/07\/cueres_scp-mangler_navn_oSb6B6oJQxw.jpg\" alt=\"Stavanger 20251130. &#10;Eliteseriekampen i fotball mellom Viking og V\u00e5lerenga p\u00e5 Lyse Arena i Stavanger.&#10;Foto: Carina Johansen \/ NTB\" class=\"brick-c-cFOWSL\" style=\"--brick-image-ratio: 8256 \/ 5504;\"\/><\/p>\n<p>      Sander Svendsen under gullfeiringen med Viking da seriegullet ble sikret i siste serierunde i fjor.<br \/>\n      Foto: Foto: Carina Johansen \/ NTB\n    <\/p>\n<p>  <a href=\"https:\/\/www.tk.no\/5-51-1891588\" class=\"related-teaser has-image article--c-MkAkR\" rel=\"nofollow noopener\" target=\"_blank\"><\/p>\n<p>    <img decoding=\"async\" width=\"155\"  loading=\"lazy\"  src=\"https:\/\/www.europesays.com\/no\/wp-content\/uploads\/2026\/07\/NTB_DVnyK4Bynzg.jpg\" alt=\"\" class=\"brick-c-cFOWSL\" style=\"\"\/><\/p>\n<p>\n            Les ogs\u00e5<\/p>\n<p>            Tifostunt p\u00e5 Nordm\u00f8re stadion f\u00e5r konsekvenser for Molde-fansen\n        <\/p>\n<p>  <\/a><\/p>\n","protected":false},"excerpt":{"rendered":"Tidligere Molde- og Viking-spiller Sander Svendsen (28) er klar for KBK. Det bekrefter klubben selv i en melding&hellip;\n","protected":false},"author":2,"featured_media":306964,"comment_status":"","ping_status":"","sticky":false,"template":"","format":"standard","meta":{"footnotes":"","_share_on_mastodon":"0"},"categories":[59],"tags":[36,92,3219,298,30,28,29,83,82,1510],"class_list":["post-306963","post","type-post","status-publish","format-standard","has-post-thumbnail","category-sport","tag-art","tag-fotball","tag-kbk","tag-kristiansund","tag-no","tag-norge","tag-norway","tag-sport","tag-sports","tag-story"],"share_on_mastodon":{"url":"https:\/\/pubeurope.com\/@no\/117008676451656280","error":""},"_links":{"self":[{"href":"https:\/\/www.europesays.com\/no\/wp-json\/wp\/v2\/posts\/306963","targetHints":{"allow":["GET"]}}],"collection":[{"href":"https:\/\/www.europesays.com\/no\/wp-json\/wp\/v2\/posts"}],"about":[{"href":"https:\/\/www.europesays.com\/no\/wp-json\/wp\/v2\/types\/post"}],"author":[{"embeddable":true,"href":"https:\/\/www.europesays.com\/no\/wp-json\/wp\/v2\/users\/2"}],"replies":[{"embeddable":true,"href":"https:\/\/www.europesays.com\/no\/wp-json\/wp\/v2\/comments?post=306963"}],"version-history":[{"count":0,"href":"https:\/\/www.europesays.com\/no\/wp-json\/wp\/v2\/posts\/306963\/revisions"}],"wp:featuredmedia":[{"embeddable":true,"href":"https:\/\/www.europesays.com\/no\/wp-json\/wp\/v2\/media\/306964"}],"wp:attachment":[{"href":"https:\/\/www.europesays.com\/no\/wp-json\/wp\/v2\/media?parent=306963"}],"wp:term":[{"taxonomy":"category","embeddable":true,"href":"https:\/\/www.europesays.com\/no\/wp-json\/wp\/v2\/categories?post=306963"},{"taxonomy":"post_tag","embeddable":true,"href":"https:\/\/www.europesays.com\/no\/wp-json\/wp\/v2\/tags?post=306963"}],"curies":[{"name":"wp","href":"https:\/\/api.w.org\/{rel}","templated":true}]}}