{"id":307085,"date":"2026-07-30T13:30:18","date_gmt":"2026-07-30T13:30:18","guid":{"rendered":"https:\/\/www.europesays.com\/no\/307085\/"},"modified":"2026-07-30T13:30:18","modified_gmt":"2026-07-30T13:30:18","slug":"prinsesse-martha-louise-svarer-pa-kritikken-om-prinsessetittelen","status":"publish","type":"post","link":"https:\/\/www.europesays.com\/no\/307085\/","title":{"rendered":"Prinsesse M\u00e4rtha Louise svarer p\u00e5 kritikken om prinsessetittelen"},"content":{"rendered":"<p class=\"kicker \" style=\"\">Prinsesse M\u00e4rtha Louise:<\/p>\n<p class=\"subtitle t30\" style=\"\">Kritikken har haglet etter at prinsessetittelen ble brukt syv ganger for \u00e5 selge billetter.<\/p>\n<p>\n    AVTALEN MED KONGEN: Kong Harald og prinsesse M\u00e4rtha Louise har fors\u00f8kt \u00e5 trekke en tydelig grense mellom hennes kongelige rolle og kommersielle virksomhet. N\u00e5 varsler prinsessens apparat at rutinene kan bli vurdert p\u00e5 nytt. Foto: NTB og SVT\n  <\/p>\n<p>Prinsesse M\u00e4rtha Louise (54) svarer n\u00e5 p\u00e5 kritikken etter at prinsessetittelen ble brukt hele syv ganger p\u00e5 den offisielle billettsiden til den britiske Om &amp; Bass-festivalen.<\/p>\n<p>M\u00e4rtha Louise og ektemannen Durek Verrett (51) skal holde eksklusive workshops for betalende gjester under festivalen i England i september.<\/p>\n<p>    <a itemprop=\"url\" href=\"https:\/\/www.seher.no\/kongelig\/et-iskaldt-svar-fra-slottet\/84954736\" rel=\"nofollow noopener\" target=\"_blank\"><\/p>\n<p>        <img loading=\"lazy\" decoding=\"async\" src=\"https:\/\/www.europesays.com\/no\/wp-content\/uploads\/2026\/07\/84958038.webp\" width=\"147\" height=\"100\" alt=\"\" class=\"lazyload\" style=\"--aspect-ratio-image: 1.47; \"\/><\/p>\n<p>        Et iskaldt svar fra Slottet<\/p>\n<p>    <\/a><\/p>\n<p>P\u00e5 billettsiden ble hun blant annet presentert som \u00abPrincess Martha Louise of Norway\u00bb, mens tittelen ogs\u00e5 gikk igjen i markedsf\u00f8ringen av flere billettpakker.<\/p>\n<p>Tok p\u00e5 seg skylda\t<\/p>\n<p>Prinsessens manager, Carina Scheele Carlsen, har hele veien understreket at verken M\u00e4rtha Louise eller hennes apparat hadde skrevet, lest eller godkjent teksten f\u00f8r den ble publisert.<\/p>\n<p class=\"font-weight-bold m-font-weight-bold\" data-lab-font_weight=\"font-weight-bold\">\u2013 Arrang\u00f8ren har opplyst at teksten p\u00e5 billettsiden ved en feil var en eldre utkastversjon som ikke skulle v\u00e6rt publisert, skrev Scheele Carlsen til Se og H\u00f8r tirsdag.<\/p>\n<p>Hun fortsatte:<\/p>\n<p><a href=\"https:\/\/www.seher.no\/kongelig\/et-iskaldt-svar-fra-slottet\/84954736\" rel=\"nofollow noopener\" target=\"_blank\">\u2013 Dette skyldtes en glipp hos arrang\u00f8ren, som har tatt fullt ansvar for feilen, <\/a>beklaget den og s\u00f8rget for at teksten er rettet.<\/p>\n<p>        <img loading=\"lazy\" decoding=\"async\" src=\"https:\/\/www.europesays.com\/no\/wp-content\/uploads\/2026\/07\/84958007.webp\" width=\"667\" height=\"527\" alt=\"\" class=\"\" style=\"--aspect-ratio-image: 1.27; \"\/><\/p>\n<p>\n        UTFORDRENDE: M\u00e4rtha Louise og Durek Verrett giftet seg i Geiranger i 2024. B\u00e5de bryllupet og senere saker har vist hvor krevende det har v\u00e6rt for ekteparet \u00e5 etterleve sin del av avtalen med Kongehuset om et tydelig skille mellom prinsessetittelen og kommersiell virksomhet. Foto: NTB\n    <\/p>\n<p class=\"font-weight-bold m-font-weight-bold\" data-lab-font_weight=\"font-weight-bold\">Se og H\u00f8r har sett skriftlig dokumentasjon der arrang\u00f8ren tar p\u00e5 seg all skyld og beklager hendelsen.\u00a0<\/p>\n<p class=\"font-weight-bold m-font-weight-bold\" data-lab-font_weight=\"font-weight-bold\">Scheele Carlsen understreket samtidig:<\/p>\n<p>\u2013 Ingen av oss har utarbeidet teksten p\u00e5 billettsiden eller f\u00e5tt den til gjennomlesning.<\/p>\n<p>        ELLE SOMMERFEST: M\u00e4rtha Louise og Durek Verrett avsl\u00f8rer \u00e5rets sommerplaner, og f\u00e5r et sp\u00f8rsm\u00e5l de ikke klarer \u00e5 svare p\u00e5.  Video: Nora Skavhaug\/Karolina Grace\/R\u00f8d L\u00f8per. <\/p>\n<p> Det er dermed ingenting som tyder p\u00e5 at M\u00e4rtha Louise eller manageren kjente til at tittelen skulle brukes. I markedsf\u00f8ringen ekteparet selv delte i sosiale medier, ble hun omtalt som \u00abM\u00e4rtha Louise\u00bb \u2013 helt uten prinsessetittel. <\/p>\n<p> <a href=\"https:\/\/www.seher.no\/kongelig\/et-iskaldt-svar-fra-slottet\/84954736\" rel=\"nofollow noopener\" target=\"_blank\">LES SE OG H\u00d8RS KOMMENTAR OM SAKEN<\/a><\/p>\n<p>        <img loading=\"lazy\" decoding=\"async\" src=\"https:\/\/www.europesays.com\/no\/wp-content\/uploads\/2026\/07\/84958009.webp\" width=\"667\" height=\"487\" alt=\"\" class=\"\" style=\"--aspect-ratio-image: 1.37; \"\/><\/p>\n<p>\n        VIL SE P\u00c5 RUTINENE: M\u00e4rtha Louises og manager Carina Scheele Carlsen (bak) opplyser at de tar med seg erfaringen fra hendelsen og vil vurdere behovet for ytterligere kvalitetssikring i dialogen med arrang\u00f8rer. Foto: Andreas Fadum\/Se og H\u00f8r\n    <\/p>\n<p>\u2013 Kan ikke skyve ansvaret fra seg\t<\/p>\n<p>Forklaringen har likevel ikke stilnet kritikken.<\/p>\n<p class=\"font-weight-bold m-font-weight-bold\" data-lab-font_weight=\"font-weight-bold\">Se og H\u00f8rs kongehusekspert Caroline Vagle mener at prinsessen og apparatet rundt henne har et selvstendig ansvar for \u00e5 sikre at samarbeidspartnere forst\u00e5r grensene i avtalen med Kongehuset.<\/p>\n<p>\u2013 Nok en gang beveger prinsesse M\u00e4rtha Louise seg p\u00e5 en sv\u00e6rt smal line, sier Vagle.<\/p>\n<p>Hun legger til:<\/p>\n<p>\u2013 Selv om tittelen denne gangen kan ha blitt brukt p\u00e5 initiativ fra arrang\u00f8ren, er det hennes navn, rolle og kommersielle virksomhet som markedsf\u00f8res. Derfor kan hun ikke skyve ansvaret fra seg.<\/p>\n<p>        <img loading=\"lazy\" decoding=\"async\" src=\"https:\/\/www.europesays.com\/no\/wp-content\/uploads\/2026\/07\/83685951.webp\" width=\"667\" height=\"541\" alt=\"\" class=\"\" style=\"--aspect-ratio-image: 1.23; \"\/><\/p>\n<p>\n        UFORST\u00c5ELIG: Se og H\u00f8rs kongehusekspert Caroline Vagle reagerer sterkt p\u00e5 at prinsessetittelen nok en gang er brukt i kommersiell sammenheng. Foto: Se og H\u00f8r\n    <\/p>\n<p> Kongehuseksperten mener tydeligere rammer burde v\u00e6rt p\u00e5 plass.<\/p>\n<p class=\"font-weight-bold m-font-weight-bold\" data-lab-font_weight=\"font-weight-bold\">\u2013 Det fremst\u00e5r merkelig at prinsessen og managementet rundt henne ikke har s\u00f8rget for tydeligere rammer overfor arrang\u00f8rer og samarbeidspartnere.<\/p>\n<p>\u2013 N\u00e5r det finnes en s\u00e5 klar avtale med Kongehuset, burde det ikke v\u00e6re rom for misforst\u00e5elser om hvordan prinsessetittelen kan brukes i kommersiell markedsf\u00f8ring, mener Caroline Vagle.<\/p>\n<p>        SJELDEN GJENFORENING: Mandag morgen ankom kongeskipet \u00abNorge\u00bb havnen i Kristiansand. Her fikk dronning Sonja og de fem barnebarna en omvisning p\u00e5 Kunstsilo av selveste Nicolai Tangen. Mandag ettermiddag dro kongeskipet videre vestover i retning Lindesnes. Her viser Se og H\u00f8rs eksklusive bilder kongefamiliens bes\u00f8k til Lindesnes fyr. Foto: Tor Lindseth\/Privat \/\/ Klipp: Sofia Bj\u00f6rlin<\/p>\n<p>Varsler mulig innstramming\t<\/p>\n<p>Carina Scheele Carlsen \u00f8nsker ikke \u00e5 kommentere kritikken fra Caroline Vagle direkte. Men i et nytt svar til Se og H\u00f8r gj\u00f8r hun likevel klart at prinsessens apparat vil ta l\u00e6rdom av hendelsen.<\/p>\n<p>\u2013 Vi er opptatt av at retningslinjene for bruk av prinsessetittelen etterleves, og forventer at v\u00e5re samarbeidspartnere f\u00f8lger disse, skriver Scheele Carlsen.<\/p>\n<p>        <img loading=\"lazy\" decoding=\"async\" src=\"https:\/\/www.europesays.com\/no\/wp-content\/uploads\/2026\/07\/84958021.webp\" width=\"667\" height=\"768\" alt=\"\" class=\"\" style=\"--aspect-ratio-image: 0.87; \"\/><\/p>\n<p>\n        SYV GANGER: Prinsessetittelen ble denne uken brukt gjentatte ganger p\u00e5 den offisielle billettsiden til festivalen. Arrang\u00f8ren har forklart at en eldre utkastversjon ved en feil ble publisert. Se og H\u00f8r har sett dokumentasjon p\u00e5 at arrang\u00f8ren tar p\u00e5 seg all skyld. Faksimile: Tickettailor.com\n    <\/p>\n<p class=\"font-weight-bold m-font-weight-bold\" data-lab-font_weight=\"font-weight-bold\">Deretter varsler hun at rutinene kan bli vurdert p\u00e5 nytt:<\/p>\n<p class=\"font-weight-bold m-font-weight-bold\" data-lab-font_weight=\"font-weight-bold\">\u2013 Samtidig tar vi med oss erfaringen fra denne hendelsen og vil se p\u00e5 om det er behov for ytterligere kvalitetssikring i dialogen med arrang\u00f8rer.<\/p>\n<p> Det nye svaret tyder dermed p\u00e5 at M\u00e4rtha Louise og apparatet rundt henne vil vurdere om rutinene overfor arrang\u00f8rer og samarbeidspartnere er gode nok, samtidig som de fastholder at den konkrete feilen ble gjort av festivalen.<\/p>\n<p>    <a itemprop=\"url\" href=\"https:\/\/www.seher.no\/kongelig\/hard-kritikk-etter-nytt-regelbrudd\/84953700\" rel=\"nofollow noopener\" target=\"_blank\"><\/p>\n<p>        <img loading=\"lazy\" decoding=\"async\" src=\"https:\/\/www.europesays.com\/no\/wp-content\/uploads\/2026\/07\/84958044.webp\" width=\"980\" height=\"441\" alt=\"\" class=\"lazyload\" style=\"--aspect-ratio-image: 2.22; \"\/><\/p>\n<p>        Hard kritikk etter ny blemme<\/p>\n<p>    <\/a><\/p>\n<p>\u2013 Skuffende\t<\/p>\n<p>Caroline Vagle har tidligere v\u00e6rt tydelig p\u00e5 at det ikke er tilstrekkelig \u00e5 vise til at prinsessen og managementet ikke kjente teksten.<\/p>\n<p>\u2013 Jeg synes det er skuffende at dette ikke blir sikret bedre. M\u00e4rtha Louise vet hvor betent denne problemstillingen er, og hvor mange runder familien allerede har v\u00e6rt gjennom, sier hun.<\/p>\n<p>Det nye svaret fra Scheele Carlsen m\u00f8ter alts\u00e5 deler av denne kritikken ved \u00e5 \u00e5pne for ytterligere kvalitetssikring.<\/p>\n<p>Taus om kontakten med Slottet\t<\/p>\n<p>Se og H\u00f8r har ogs\u00e5 spurt om M\u00e4rtha Louise eller manageren har v\u00e6rt i kontakt med Det kongelige hoff etter at saken ble offentlig kjent.<\/p>\n<p>        <img loading=\"lazy\" decoding=\"async\" src=\"https:\/\/www.europesays.com\/no\/wp-content\/uploads\/2026\/07\/84958033.webp\" width=\"667\" height=\"447\" alt=\"\" class=\"\" style=\"--aspect-ratio-image: 1.49; \"\/><\/p>\n<p>\n        TYDELIG: Kommunikasjonssjef Guri Ofstad Varpe ved Det kongelige hoff var denne uken tydelig i sin respons etter de nye avtalebruddene. Foto: NTB\n    <\/p>\n<p>\u2013 N\u00e5r det gjelder sp\u00f8rsm\u00e5l om dialog med Kongehuset, kommenterer vi ikke intern kommunikasjon, skriver Scheele Carlsen.<\/p>\n<p>Kommunikasjonssjef Guri Ofstad Varpe ved Det kongelige hoff svarte tirsdag slik da Se og H\u00f8r forela hoffet dokumentasjonen med det siste bruddet p\u00e5 avtalen mellom Kongehuset og prinsessen:<\/p>\n<p class=\"font-weight-bold m-font-weight-bold\" data-lab-font_weight=\"font-weight-bold\">\u2013 Vi er enige om at tittelen ikke skal brukes kommersielt.<\/p>\n<p>        AVSL\u00d8RER: M\u00e4rtha Louise r\u00f8per hvem hun har arvet spiritualiteten sin fra. Video: Karolina Grace\/Nora Skavhaug\/R\u00f8d L\u00f8per, \u00abAlternative Norge\u00bb\/Viaplay. <\/p>\n<p> Hoffet \u00f8nsket ikke \u00e5 kommentere den konkrete hendelsen ytterligere. <\/p>\n<p> De siste henvisningene til prinsessetittelen ble fjernet sent tirsdag. Scheele Carlsen har forklart at dette skjedde etter at hun ble gjort oppmerksom p\u00e5 teksten og tok saken opp med arrang\u00f8ren.<\/p>\n<p>        <img loading=\"lazy\" decoding=\"async\" src=\"https:\/\/www.europesays.com\/no\/wp-content\/uploads\/2026\/07\/84958017.webp\" width=\"667\" height=\"407\" alt=\"\" class=\"\" style=\"--aspect-ratio-image: 1.64; \"\/><\/p>\n<p>\n        BRYTER AVTALEN: Det er fire \u00e5r siden avtalen mellom Kongehuset og prinsesse M\u00e4rtha ble inng\u00e5tt og offentliggjort. Men fortsatt viser det seg at den sl\u00e5r sprekker &#8211; senest denne uken. Foto: NTB\n    <\/p>\n<p class=\"font-weight-bold m-font-weight-bold\" data-lab-font_weight=\"font-weight-bold\">\u2013 Det er selvsagt i alles interesse at markedsf\u00f8ringen blir korrekt, og derfor ble dette ogs\u00e5 rettet s\u00e5 snart vi ble oppmerksomme p\u00e5 det, skrev hun til Se og H\u00f8r tirsdag.<\/p>\n","protected":false},"excerpt":{"rendered":"Prinsesse M\u00e4rtha Louise: Kritikken har haglet etter at prinsessetittelen ble brukt syv ganger for \u00e5 selge billetter. AVTALEN&hellip;\n","protected":false},"author":2,"featured_media":307086,"comment_status":"","ping_status":"","sticky":false,"template":"","format":"standard","meta":{"footnotes":"","_share_on_mastodon":"0"},"categories":[5],"tags":[20,21,24394,6900,2858,4104,24,25,15,19,76,22,23,17,18,13,30,28,29,14,16,1221,26,27],"class_list":["post-307085","post","type-post","status-publish","format-standard","has-post-thumbnail","category-overskrifter","tag-breaking-news","tag-breakingnews","tag-carina-scheele-carlsen","tag-caroline-vagle","tag-durek-verrett","tag-eksklusivt","tag-featured-news","tag-featurednews","tag-headlines","tag-hovedoppslag","tag-kongelig","tag-latest-news","tag-latestnews","tag-main-news","tag-mainnews","tag-news","tag-no","tag-norge","tag-norway","tag-nyheter","tag-overskrifter","tag-prinsesse-martha-louise","tag-top-stories","tag-topstories"],"share_on_mastodon":{"url":"https:\/\/pubeurope.com\/@no\/117009175653743244","error":""},"_links":{"self":[{"href":"https:\/\/www.europesays.com\/no\/wp-json\/wp\/v2\/posts\/307085","targetHints":{"allow":["GET"]}}],"collection":[{"href":"https:\/\/www.europesays.com\/no\/wp-json\/wp\/v2\/posts"}],"about":[{"href":"https:\/\/www.europesays.com\/no\/wp-json\/wp\/v2\/types\/post"}],"author":[{"embeddable":true,"href":"https:\/\/www.europesays.com\/no\/wp-json\/wp\/v2\/users\/2"}],"replies":[{"embeddable":true,"href":"https:\/\/www.europesays.com\/no\/wp-json\/wp\/v2\/comments?post=307085"}],"version-history":[{"count":0,"href":"https:\/\/www.europesays.com\/no\/wp-json\/wp\/v2\/posts\/307085\/revisions"}],"wp:featuredmedia":[{"embeddable":true,"href":"https:\/\/www.europesays.com\/no\/wp-json\/wp\/v2\/media\/307086"}],"wp:attachment":[{"href":"https:\/\/www.europesays.com\/no\/wp-json\/wp\/v2\/media?parent=307085"}],"wp:term":[{"taxonomy":"category","embeddable":true,"href":"https:\/\/www.europesays.com\/no\/wp-json\/wp\/v2\/categories?post=307085"},{"taxonomy":"post_tag","embeddable":true,"href":"https:\/\/www.europesays.com\/no\/wp-json\/wp\/v2\/tags?post=307085"}],"curies":[{"name":"wp","href":"https:\/\/api.w.org\/{rel}","templated":true}]}}