{"id":307347,"date":"2026-07-30T17:40:14","date_gmt":"2026-07-30T17:40:14","guid":{"rendered":"https:\/\/www.europesays.com\/no\/307347\/"},"modified":"2026-07-30T17:40:14","modified_gmt":"2026-07-30T17:40:14","slug":"leder-na-blir-det-dyrt","status":"publish","type":"post","link":"https:\/\/www.europesays.com\/no\/307347\/","title":{"rendered":"Leder: N\u00e5 blir det dyrt!"},"content":{"rendered":"\n<p class=\"_prefix_nfjwc_1 layout-padded\">Meninger<br \/>Leder<\/p>\n<p class=\"_lead_145nj_2 _lead_6fko5_53 layout-component text-serif-m layout-normal text-serif-l _lead_13cug_13 layout-component layout-normal layout-padded layout-padded\">Vi m\u00e5 st\u00e5lsette oss f\u00f8r h\u00f8sten og vinteren. Str\u00f8mprisen kan g\u00e5 til himmels. S\u00e5 hva kan vi gj\u00f8re?<\/p>\n<p><img alt=\"Det kan bli ny str\u00f8mkrise denne vinteren. Foto: Ole Berg-Rusten \/ NTB\" class=\"_image_jw3bv_65 layout-component layout-wide\" data-fullscreen- data-track-element-type=\"Article image fullscreen\" data-track-name=\"ImageFullscreen\" fetchpriority=\"high\" decoding=\"sync\" loading=\"eager\" height=\"5583\" itemprop=\"image\"  src=\"https:\/\/www.europesays.com\/no\/wp-content\/uploads\/2026\/07\/33ddb774-9978-3406-a2ba-1f7995f3eb05.jpeg\"  style=\"object-position:0% 0%\" width=\"8550\"\/>Det kan bli ny str\u00f8mkrise denne vinteren. Foto: Ole Berg-Rusten \/ NTBTorsdag 30. juli kl. 13:59     <\/p>\n<p class=\"_paragraph_145nj_4 _paragraph_6fko5_10 layout-component text-serif-m layout-normal text-serif-m layout-padded\">Lite vann i magasinene i S\u00f8r-Norge. Krig og kriser i Midt\u00f8sten, med p\u00e5f\u00f8lgende frafall av olje- og gassproduksjon hos viktige produsenter. Stenging av Hormuz-stredet. Altfor lave niv\u00e5er p\u00e5 gasslagrene i Europa.<\/p>\n<p class=\"_paragraph_145nj_4 _paragraph_6fko5_10 layout-component text-serif-m layout-normal text-serif-m layout-padded\">Listen kan gj\u00f8res enda lenger. Kjernen er at lokale v\u00e6rforhold kombinert med global uro kan f\u00f8re til rekordh\u00f8ye str\u00f8mpriser. Det uroer folk flest. Og det stresser politikerne v\u00e5re.<\/p>\n<p class=\"_paragraph_145nj_4 _paragraph_6fko5_10 layout-component text-serif-m layout-normal text-serif-m layout-padded\">Uavhengig av denne situasjonen, er det bred enighet om at vi trenger mer kraft i Norge. Det handler b\u00e5de om kraftproduksjon, og om en massiv utbygging av mer nett som kan frakte str\u00f8mmen dit den skal.<\/p>\n<p class=\"_paragraph_145nj_4 _paragraph_6fko5_10 layout-component text-serif-m layout-normal text-serif-m layout-padded\">Men veien dit er lang. Det er en hinderl\u00f8ype av reguleringer, innsigelserinnsigelser Innvendinger eller protester mot et forslag eller en plan, ofte brukt i forbindelse med offentlige prosjekter. fra ulike grupper, hensyn til naturmangfoldnaturmangfoldVariasjonen av levende organismer i et bestemt omr\u00e5de, inkludert forskjellige arter, \u00f8kosystemer og genetisk variasjon., politiske hensyn\u2026 En rekke gode intensjoner gjennom mange \u00e5r som i sum gj\u00f8r at helt n\u00f8dvendige kraft &#8211; og nettutbygginger tar uforholdsmessig lang tid.<\/p>\n<p><img alt=\"Hensynet til dvergg\u00e5sa har blitt trukket frem som en av \u00e5rsakene til at en kraftlinje til \u00d8st-Finnmark blir mye dyrere enn f\u00f8rst ansl\u00e5tt.  Foto: Morten Ekker\" class=\"_image_jw3bv_65 layout-component layout-normal\" data-fullscreen- data-track-element-type=\"Article image fullscreen\" data-track-name=\"ImageFullscreen\" decoding=\"async\" loading=\"lazy\" height=\"464\" itemprop=\"image\"  src=\"https:\/\/www.europesays.com\/no\/wp-content\/uploads\/2026\/07\/4bbb8ba7-34ea-3db3-ace5-aaf8a43dd390.jpeg\"  style=\"object-position:0% 0%\" width=\"720\"\/>Hensynet til dvergg\u00e5sa har blitt trukket frem som en av \u00e5rsakene til at en kraftlinje til \u00d8st-Finnmark blir mye dyrere enn f\u00f8rst ansl\u00e5tt.  Foto: Morten Ekker<\/p>\n<p class=\"_paragraph_145nj_4 _paragraph_6fko5_10 layout-component text-serif-m layout-normal text-serif-m layout-padded\">Svaret er ikke \u00e5 kutte str\u00f8mkablene til utlandet. Vi trenger dem. B\u00e5de til \u00e5 fylle opp str\u00f8mnettet n\u00e5r forbruket her hjemme topper seg, slik at ikke alt bryter sammen, med katastrofale f\u00f8lger. Og fordi str\u00f8mutvekslingstr\u00f8mutvekslingHandel med elektrisitet mellom land, der str\u00f8m eksporteres og importeres for \u00e5 balansere forbruk og produksjon. begge veier tjener alle parter. Vi hjelper hverandre.<\/p>\n<p class=\"_paragraph_145nj_4 _paragraph_6fko5_10 layout-component text-serif-m layout-normal text-serif-m layout-padded\">Energipolitikk er i \u00f8kende grad et f\u00f8lsomt politisk tema. Vi ser over hele verden at det er lite som skaper mer raseri hos velgerne enn \u00f8kte str\u00f8m- eller bensinpriser.<\/p>\n<p class=\"_paragraph_145nj_4 _paragraph_6fko5_10 layout-component text-serif-m layout-normal text-serif-m layout-padded\">Ogs\u00e5 her hjemme. De \u00f8kte str\u00f8mprisene skapte en akutt krise. Mest av alt en politisk krise. Men i motsetning til nesten alle andre land, har norske politikere et oljefond \u00e5 hente penger fra.<\/p>\n<p class=\"_paragraph_145nj_4 _paragraph_6fko5_10 layout-component text-serif-m layout-normal text-serif-m layout-padded\">Derfor kan de lage ordninger som Norgespris. Og de kan samtidig bruke milliarder av kroner p\u00e5 \u00e5 st\u00f8tte fornybare energiformerfornybare energiformerEnergikilder som fornyes naturlig og ikke g\u00e5r tomme, som sol, vind og vannkraft.. Som havvindhavvind Vindkraftverk plassert til havs for \u00e5 utnytte vindens energi til \u00e5 produsere elektrisitet..<\/p>\n<p><img alt=\"Vindm\u00f8ller p\u00e5 land er av mange regnet som en fornuftig og l\u00f8nnsom m\u00e5te \u00e5 skaffe ny, fornybar energi. Men det m\u00f8ter ofte lokal motstand.  Vindm\u00f8llene i Hav\u00f8ygavlen vindpark utenfor Hav\u00f8ysund i M\u00e5s\u00f8y kommune tilh\u00f8rer verdens nordligste vindkraftverk.  Foto: Fredrik Varfjell \/ NTB\" class=\"_image_jw3bv_65 layout-component layout-normal\" data-fullscreen- data-track-element-type=\"Article image fullscreen\" data-track-name=\"ImageFullscreen\" decoding=\"async\" loading=\"lazy\" height=\"3954\" itemprop=\"image\"  src=\"https:\/\/www.europesays.com\/no\/wp-content\/uploads\/2026\/07\/13a1e236-96ed-30b6-9456-0f42024c87a2.jpeg\"  style=\"object-position:0% 0%\" width=\"5931\"\/>Vindm\u00f8ller p\u00e5 land er av mange regnet som en fornuftig og l\u00f8nnsom m\u00e5te \u00e5 skaffe ny, fornybar energi. Men det m\u00f8ter ofte lokal motstand.  Vindm\u00f8llene i Hav\u00f8ygavlen vindpark utenfor Hav\u00f8ysund i M\u00e5s\u00f8y kommune tilh\u00f8rer verdens nordligste vindkraftverk.  Foto: Fredrik Varfjell \/ NTB<\/p>\n<p class=\"_paragraph_145nj_4 _paragraph_6fko5_10 layout-component text-serif-m layout-normal text-serif-m layout-padded\">Norgespris og str\u00f8mst\u00f8tte er en kortsiktig l\u00f8sning som i det lange l\u00f8p kan gj\u00f8re hele situasjonen verre. N\u00e5r nordmenn f\u00e5r dekket mye av sin private str\u00f8mregning, blir det f\u00e6rre som p\u00e5 egen h\u00e5nd tar grep for \u00e5 kutte i endre sitt forbruk.<\/p>\n<p class=\"_paragraph_145nj_4 _paragraph_6fko5_10 layout-component text-serif-m layout-normal text-serif-m layout-padded\">For hvorfor skal folk bruke store pengebel\u00f8p p\u00e5 \u00e5 legge inn bergvarme, eller solcellepanel p\u00e5 taket, n\u00e5r de vet at de uansett er skjermet mot de st\u00f8rste prishoppene?<\/p>\n<p class=\"_paragraph_145nj_4 _paragraph_6fko5_10 layout-component text-serif-m layout-normal text-serif-m layout-padded\">Norgespris og annen str\u00f8mst\u00f8tte blir dermed en brems for den helt n\u00f8dvendige omstillingen vi trenger for \u00e5 kunne f\u00e5 nok fornybar energi i fremtiden.<\/p>\n<p class=\"_paragraph_145nj_4 _paragraph_6fko5_10 layout-component text-serif-m layout-normal text-serif-m layout-padded\">Det strider mot all fornuft n\u00e5r staten b\u00e5de subsidierer produksjon og forbruk av elektrisitet. Likevel er det der vi har havnet.<\/p>\n<p class=\"_paragraph_145nj_4 _paragraph_6fko5_10 layout-component text-serif-m layout-normal text-serif-m layout-padded\">Det er grunn til \u00e5 tro at svaret blir kortsiktige l\u00f8sninger ogs\u00e5 i tiden fremover. Kanskje er det politisk n\u00f8dvendig. Men vi trenger at politikerne v\u00e5re ogs\u00e5 ser langt frem. Slik at vi slipper de \u00e5rlige str\u00f8mkrisene. Og samtidig f\u00e5r til det helt n\u00f8dvendige gr\u00f8nne skiftetgr\u00f8nne skiftetOvergangen til et mer b\u00e6rekraftig samfunn med lavere utslipp av klimagasser og \u00f8kt bruk av fornybar energi..<\/p>\n<p>    Dette er en leder. Lederen gir uttrykk for VGs holdning. Lederartiklene legger ikke f\u00f8ringer for v\u00e5r nyhetsdekning. <\/p>\n","protected":false},"excerpt":{"rendered":"MeningerLeder Vi m\u00e5 st\u00e5lsette oss f\u00f8r h\u00f8sten og vinteren. Str\u00f8mprisen kan g\u00e5 til himmels. S\u00e5 hva kan vi&hellip;\n","protected":false},"author":2,"featured_media":307348,"comment_status":"","ping_status":"","sticky":false,"template":"","format":"standard","meta":{"footnotes":"","_share_on_mastodon":"0"},"categories":[5],"tags":[20,21,24,25,9866,15,19,22,23,17,18,13,30,28,3333,29,14,16,1500,26,27,103],"class_list":["post-307347","post","type-post","status-publish","format-standard","has-post-thumbnail","category-overskrifter","tag-breaking-news","tag-breakingnews","tag-featured-news","tag-featurednews","tag-fornybar-energi","tag-headlines","tag-hovedoppslag","tag-latest-news","tag-latestnews","tag-main-news","tag-mainnews","tag-news","tag-no","tag-norge","tag-norgespris","tag-norway","tag-nyheter","tag-overskrifter","tag-stromstotte","tag-top-stories","tag-topstories","tag-vgmeninger"],"share_on_mastodon":{"url":"https:\/\/pubeurope.com\/@no\/117010158605142683","error":""},"_links":{"self":[{"href":"https:\/\/www.europesays.com\/no\/wp-json\/wp\/v2\/posts\/307347","targetHints":{"allow":["GET"]}}],"collection":[{"href":"https:\/\/www.europesays.com\/no\/wp-json\/wp\/v2\/posts"}],"about":[{"href":"https:\/\/www.europesays.com\/no\/wp-json\/wp\/v2\/types\/post"}],"author":[{"embeddable":true,"href":"https:\/\/www.europesays.com\/no\/wp-json\/wp\/v2\/users\/2"}],"replies":[{"embeddable":true,"href":"https:\/\/www.europesays.com\/no\/wp-json\/wp\/v2\/comments?post=307347"}],"version-history":[{"count":0,"href":"https:\/\/www.europesays.com\/no\/wp-json\/wp\/v2\/posts\/307347\/revisions"}],"wp:featuredmedia":[{"embeddable":true,"href":"https:\/\/www.europesays.com\/no\/wp-json\/wp\/v2\/media\/307348"}],"wp:attachment":[{"href":"https:\/\/www.europesays.com\/no\/wp-json\/wp\/v2\/media?parent=307347"}],"wp:term":[{"taxonomy":"category","embeddable":true,"href":"https:\/\/www.europesays.com\/no\/wp-json\/wp\/v2\/categories?post=307347"},{"taxonomy":"post_tag","embeddable":true,"href":"https:\/\/www.europesays.com\/no\/wp-json\/wp\/v2\/tags?post=307347"}],"curies":[{"name":"wp","href":"https:\/\/api.w.org\/{rel}","templated":true}]}}