{"id":307466,"date":"2026-07-30T20:04:11","date_gmt":"2026-07-30T20:04:11","guid":{"rendered":"https:\/\/www.europesays.com\/no\/307466\/"},"modified":"2026-07-30T20:04:11","modified_gmt":"2026-07-30T20:04:11","slug":"utrolige-vekttap-erin-og-mellissa-gikk-ned-160-kilo-for-bryllupet","status":"publish","type":"post","link":"https:\/\/www.europesays.com\/no\/307466\/","title":{"rendered":"Utrolige vekttap: Erin og Mellissa gikk ned 160 kilo f\u00f8r bryllupet"},"content":{"rendered":"<p class=\"kicker \" style=\"\">Motiverte hverandre<\/p>\n<p class=\"subtitle \" style=\"\">De to kvinnene m\u00f8ttes mens de ventet p\u00e5 slankeoperasjon &#8211; og endte med \u00e5 bli bestevenninner.<\/p>\n<p>\n    EN STOR DAG: Mellissa og Erin s\u00f8rget for \u00e5 ta en selfie sammen p\u00e5 Erins bryllupsdag. De var utrolig stolte overhvordan de hadde seiret over vekten. Foto: Privat\n  <\/p>\n<p>Da Erin Esty (34) pyntet seg til bryllupsdagen sin, var hun ekstra lykkelig. Det samme var forloveren hennes, Mellissa Willis (35).<\/p>\n<p class=\"font-weight-bold m-font-weight-bold\" data-lab-font_weight=\"font-weight-bold\">Sammen hadde de g\u00e5tt ned nesten 160 kilo f\u00f8r denne store dagen.<\/p>\n<p>&#8211; Vi var bokstavelig talt halve kvinnene vi en gang var. Vi var s\u00e5 mye tryggere p\u00e5 oss selv, og utrolig stolte av hverandre, sier Erin.<\/p>\n<p>\u00a0F\u00d8R: 170 KG\u00a0 \u00a0 \u00a0 \u00a0 \u00a0 \u00a0 \u00a0 \u00a0 \u00a0 \u00a0 \u00a0 \u00a0 N\u00c5: 80 KG\u00a0<\/p>\n<p>        <img loading=\"lazy\" decoding=\"async\" src=\"https:\/\/www.europesays.com\/no\/wp-content\/uploads\/2026\/07\/84185019.webp\" width=\"667\" height=\"708\" alt=\"\" class=\"\" style=\"--aspect-ratio-image: 0.94; \"\/><\/p>\n<p>\n        STOLT<br \/>\nFORLOVER: \u2013 \u00c5<br \/>\ng\u00e5 ned i vekt er mer<br \/>\nenn at kiloene blir<br \/>\nf\u00e6rre. Det handler<br \/>\nom \u00e5 bygge et nytt<br \/>\nliv, og det \u00e5 m\u00f8te Erin<br \/>\nvar en del av det, sier<br \/>\nMellissa. Foto: Privat\n    <\/p>\n<p>Erin bor i Tunbridge Wells i England med ektemannen Darren og de tre barna deres. Hun har slitt med overvekt hele livet, og med hvert svangerskap la hun p\u00e5 seg mer.<\/p>\n<p>&#8211; Jeg jobbet som negletekniker og levde p\u00e5 ferdigmat mellom kundene. Om kveldene spiste jeg sjokolade foran TV-en. Det bare eskalerte, forteller hun.<\/p>\n<p>        TAR\u00a0TIL\u00a0T\u00c5RENE: John Arne Riise er brutalt \u00e6rlig da han avsl\u00f8rer hvordan nyheten om forholdet til ekskona og David Eriksen p\u00e5virket han. Video: \u00abAlle elsker David\u00bb\/ TV 2, Sanne Holt\/ R\u00f8d L\u00f8per<\/p>\n<p>Da hun var 30 \u00e5r, veide Erin rundt 162 kilo og brukte st\u00f8rrelse 56\u201358 i kl\u00e6r. Darren ville at de skulle gifte seg, men Erin satte ned foten.<\/p>\n<p class=\"font-weight-bold m-font-weight-bold\" data-lab-font_weight=\"font-weight-bold\">\u2013 Jeg kunne ikke si ja til ham f\u00f8r jeg hadde gjort noe med vekten min, forteller hun.<\/p>\n<p>F\u00d8R: 160 KG\u00a0 \u00a0 \u00a0 \u00a0 \u00a0 \u00a0 \u00a0 \u00a0 \u00a0 \u00a0 \u00a0 N\u00c5: 90 KG\u00a0<\/p>\n<p>        <img loading=\"lazy\" decoding=\"async\" src=\"https:\/\/www.europesays.com\/no\/wp-content\/uploads\/2026\/07\/84185041.webp\" width=\"667\" height=\"567\" alt=\"\" class=\"\" style=\"--aspect-ratio-image: 1.18; \"\/><\/p>\n<p>\n        LYKKELIG<br \/>\nBRUD: \u2013 Jeg er<br \/>\ns\u00e5 glad jeg m\u00f8tte<br \/>\nMellissa. Hun har<br \/>\nvirkelig v\u00e6rt der<br \/>\nfor meg i tykt og<br \/>\ntynt, sier Erin \u2013<br \/>\nsom str\u00e5lte i hvit<br \/>\nkjole p\u00e5 bryllupsdagen sin. Foto: Privat\n    <\/p>\n<p>Fikk operasjon\t<\/p>\n<p>\u00a0V\u00e5ren 2022 ble hun henvist til slankeoperasjon. Hun meldte seg inn i en WhatsApp-gruppe for kvinner som ventet p\u00e5 samme inngrep, hvor hun ble hun kjent med Mellissa Willis.<\/p>\n<p>\u2013 Vi fant tonen med en gang. Hun var like stor som meg, men alltid positiv. Hun skrev stadig: \u00abDette klarer vi\u00bb, forteller Erin.<\/p>\n<p>        T\u00c5REV\u00c5TT: Tone Damlis r\u00f8rende hyllest under jubileumsshowet hennes etterlater publikum i t\u00e5rer. Video: \u00abAlle elsker David\u00bb\/TV 2, Sanne Holt\/R\u00f8d L\u00f8per<\/p>\n<p>Mellissa gjennomf\u00f8rte en s\u00e5kalt gastric sleeve-operasjon sommeren 2022, der rundt 80 prosent av magesekken fjernes. Tre m\u00e5neder senere var det Erins tur.<\/p>\n<p>\u2013 Mellissa var full av gode r\u00e5d og st\u00f8tte etter operasjonen. I likhet med henne spiste jeg flytende mat som kraft og tynn saus i to uker. Deretter var det to uker med pur\u00e9 og yoghurt, forteller Erin.<\/p>\n<p>        <img loading=\"lazy\" decoding=\"async\" src=\"https:\/\/www.europesays.com\/no\/wp-content\/uploads\/2026\/07\/84185082.webp\" width=\"686\" height=\"755\" alt=\"\" class=\"\" style=\"--aspect-ratio-image: 0.91; \"\/><\/p>\n<p>\n        GLADE GUTTER:<br \/>\nErin sammen med sine<br \/>\ntre s\u00f8nner \u2013 Harry, Caleb og Jackson \u2013 som er<br \/>\nforn\u00f8yd med at moren<br \/>\norker mer enn f\u00f8r. Foto: Privat\n    <\/p>\n<p>Selv om de bodde \u00e5tte mil fra hverandre, var de hverandres viktigste st\u00f8tte.<\/p>\n<p>\u2013 Jeg var aldri sulten, og vekten raste av. Etter bare \u00e9n m\u00e5ned hadde jeg g\u00e5tt ned rundt 13 kilo. For f\u00f8rste gang kunne jeg se p\u00e5 brudekjoler uten \u00e5 gr\u00e5te, forteller Erin.<\/p>\n<p>Det f\u00f8rste m\u00f8tet\t<\/p>\n<p>To m\u00e5neder etter Erins operasjon, hadde hun g\u00e5tt ned nesten 25 kilo. Da hadde Mellissa g\u00e5tt ned nesten 38 kilo.<\/p>\n<p>\u2013 Vi bestemte oss for \u00e5 feire og m\u00f8ttes for aller f\u00f8rste gang p\u00e5 en restaurant i n\u00e6rheten av der Mellissa bor. Det f\u00f8ltes som om vi hadde kjent hverandre for alltid, og vi klemte hverandre med \u00e9n gang vi s\u00e5 hverandre, sier Erin.<\/p>\n<p>        STENGT: Etter at kronprinsesse Mette-Marits koblinger til Epstein-filene ble offentliggjort, m\u00e5tte kongehuset ta grep i sine sosiale kanaler. Video: Skjermopptak \u2013 Instagram \/\/ Foto: NTB \/\/ Reporter: Caroline Vagle<\/p>\n<p>\u2013 Mens vi satt og snakket, fortalte jeg henne at jeg hadde gruet meg til \u00e5 gifte meg. Da fortalte Mellissa at hun egentlig aldri hadde hatt noen n\u00e6re venner p\u00e5 grunn av vekten sin, fortsetter hun.<\/p>\n<p>N\u00e5 ble de bestevenner.<\/p>\n<p>    <a itemprop=\"url\" href=\"https:\/\/www.seher.no\/sterke-historier\/bare-en-av-dem-vil-vokse-opp\/83974740\" rel=\"nofollow noopener\" target=\"_blank\"><\/p>\n<p>        <img loading=\"lazy\" decoding=\"async\" src=\"https:\/\/www.europesays.com\/no\/wp-content\/uploads\/2026\/07\/1785441851_744_83974765.webp\" width=\"147\" height=\"98\" alt=\"\" class=\"lazyload\" style=\"--aspect-ratio-image: 1.50; \"\/><\/p>\n<p>        Bare en av dem vil vokse opp<\/p>\n<p>    <\/a><\/p>\n<p>Til bryllupet i januar \u00e5ret etter hadde de to damene redusert vekten med mange titalls kilo &#8211; og begge str\u00e5lte i sine nye antrekk.<\/p>\n<p>\u2013 Vi hadde kommet s\u00e5 langt, begge to.<\/p>\n<p>        \u00abFUNKYFAM\u00bb: Det blir ordentlig d\u00e5rlig stemning mellom Noah og J\u00f8rgine n\u00e5r de reiser p\u00e5 hyttetur. Video: Nora Skavhaug\/R\u00f8d L\u00f8per, \u00abFunkyfam\u00bb\/TV 2. <\/p>\n<p>\u2013 Hun har v\u00e6rt der for meg gjennom alt. \u00c5 ha henne som forlover var prikken over i-en, sier Erin.<\/p>\n<p>Mellissa sier vennskapet har betydd alt for henne.<\/p>\n<p>\u2013 \u00c5 g\u00e5 ned i vekt handler ikke bare om kilo. Det handler om \u00e5 f\u00e5 et nytt liv. Erin har v\u00e6rt en del av det for meg \u2013 og det er jeg evig takknemlig for.<\/p>\n","protected":false},"excerpt":{"rendered":"Motiverte hverandre De to kvinnene m\u00f8ttes mens de ventet p\u00e5 slankeoperasjon &#8211; og endte med \u00e5 bli bestevenninner.&hellip;\n","protected":false},"author":2,"featured_media":307467,"comment_status":"","ping_status":"","sticky":false,"template":"","format":"standard","meta":{"footnotes":"","_share_on_mastodon":"0"},"categories":[12],"tags":[20,21,4104,24,25,15,24930,22,23,13,30,28,29,14,16,6241,4291,26,27,6584,42,43,44,45],"class_list":["post-307466","post","type-post","status-publish","format-standard","has-post-thumbnail","category-verden","tag-breaking-news","tag-breakingnews","tag-eksklusivt","tag-featured-news","tag-featurednews","tag-headlines","tag-inspirerende","tag-latest-news","tag-latestnews","tag-news","tag-no","tag-norge","tag-norway","tag-nyheter","tag-overskrifter","tag-slanking","tag-sterke-historier","tag-top-stories","tag-topstories","tag-vektnedgang","tag-verden","tag-world","tag-world-news","tag-worldnews"],"share_on_mastodon":{"url":"https:\/\/pubeurope.com\/@no\/117010725337377183","error":""},"_links":{"self":[{"href":"https:\/\/www.europesays.com\/no\/wp-json\/wp\/v2\/posts\/307466","targetHints":{"allow":["GET"]}}],"collection":[{"href":"https:\/\/www.europesays.com\/no\/wp-json\/wp\/v2\/posts"}],"about":[{"href":"https:\/\/www.europesays.com\/no\/wp-json\/wp\/v2\/types\/post"}],"author":[{"embeddable":true,"href":"https:\/\/www.europesays.com\/no\/wp-json\/wp\/v2\/users\/2"}],"replies":[{"embeddable":true,"href":"https:\/\/www.europesays.com\/no\/wp-json\/wp\/v2\/comments?post=307466"}],"version-history":[{"count":0,"href":"https:\/\/www.europesays.com\/no\/wp-json\/wp\/v2\/posts\/307466\/revisions"}],"wp:featuredmedia":[{"embeddable":true,"href":"https:\/\/www.europesays.com\/no\/wp-json\/wp\/v2\/media\/307467"}],"wp:attachment":[{"href":"https:\/\/www.europesays.com\/no\/wp-json\/wp\/v2\/media?parent=307466"}],"wp:term":[{"taxonomy":"category","embeddable":true,"href":"https:\/\/www.europesays.com\/no\/wp-json\/wp\/v2\/categories?post=307466"},{"taxonomy":"post_tag","embeddable":true,"href":"https:\/\/www.europesays.com\/no\/wp-json\/wp\/v2\/tags?post=307466"}],"curies":[{"name":"wp","href":"https:\/\/api.w.org\/{rel}","templated":true}]}}