{"id":30750,"date":"2025-09-09T13:18:13","date_gmt":"2025-09-09T13:18:13","guid":{"rendered":"https:\/\/www.europesays.com\/no\/30750\/"},"modified":"2025-09-09T13:18:13","modified_gmt":"2025-09-09T13:18:13","slug":"foles-veldig-bra","status":"publish","type":"post","link":"https:\/\/www.europesays.com\/no\/30750\/","title":{"rendered":"&#8211; F\u00f8les veldig bra"},"content":{"rendered":"<p>Arbeiderpartiet (Ap) <a href=\"https:\/\/borsen.dagbladet.no\/nyheter\/skal-koble-av-med-kona\/83552304\" rel=\"nofollow noopener\" target=\"_blank\">vant \u00e5rets stortingsvalg<\/a> &#8211; og statsminister Jonas Gahr St\u00f8re er sikret fire nye \u00e5r. Tirsdag klokka 09.30 m\u00f8ter han pressen utenfor statsministerboligen.<\/p>\n<p>&#8211; De fire nye \u00e5ra har startet med lite s\u00f8vn, men det f\u00f8les veldig bra, sier St\u00f8re til den framm\u00f8tte pressen f\u00f8r han legger til:<\/p>\n<p> &#8211; Dette blir en god arbeidsdag &#8211; som skal vare lenge &#8211; og jeg gleder meg.<\/p>\n<p>Klokka 13 holder Ap sentralstyrem\u00f8te p\u00e5 Youngstorget i Oslo sentrum.<\/p>\n<p>&#8211; Det blir en god oppsummering. Det gleder jeg meg til. Dette er folk som har st\u00e5tt veldig p\u00e5 i valgkampen &#8211; sentralstyret er jo fra alle fylkene. Vi vil nok f\u00e5 en fin runde og h\u00f8re hvordan dette valget har v\u00e6rt, sier St\u00f8re p\u00e5 vei inn.<\/p>\n<p class=\"italic m-italic\" data-lab-italic=\"italic\">&#8211; Hvor mange nye partier er det plass til i den nye regjeringen?<\/p>\n<p>&#8211; Ett.\u00a0<\/p>\n<p>P\u00e5 sp\u00f8rsm\u00e5l om det blir fornyelse i den neste regjeringen, svarer han:<\/p>\n<p>&#8211; Jeg har ikke noen melding \u00e5 komme med n\u00e5r det gjelder det. Regjeringen jobber. Som jeg sa i oppsummeringen i g\u00e5r ogs\u00e5: Det er ikke noe pause for denne regjeringen. Vi jobber videre med sakene vi hadde som hovedsaker i valgkampen. Det er arbeidsoppgaver fra dag \u00e9n.<\/p>\n<p class=\"font-weight-bold m-font-weight-bold\" data-lab-font_weight=\"font-weight-bold\">Inne p\u00e5 sentralstyrem\u00f8tet feires valgseieren med kake.\u00a0\u00a0<\/p>\n<p>&#8211; Tar det p\u00e5 alvor\t<\/p>\n<p>Da St\u00f8re m\u00f8tte pressen tidligere tirsdag, sa han at han f\u00f8rst og fremst tenker p\u00e5 eget parti som har f\u00e5tt tillit.<\/p>\n<p> &#8211; Alternativet sto mellom Frp og Arbeiderpartiet. Vi har ansvar i fire \u00e5r. Det tar jeg p\u00e5 alvor. (&#8230;) Jeg vil ta kontakt med de som har pekt p\u00e5 Ap. Jeg har klare tanker om hvordan vi skal samarbeide godt i Stortinget, som blir en viktig arbeidsplass for oss. Det blir \u00e5 snakke om mandatet vi har f\u00e5tt fra velgerne. Jeg sa i g\u00e5r at vi jobber videre med de punktene vi har snakket om i valgkampen, sa han og la til at det vil komme \u00abtusen forhandlinger\u00bb framover.\u00a0<\/p>\n<p>St\u00f8re sa videre at han ogs\u00e5 har kontakt med folk i utlandet &#8211; og r\u00f8per at Canadas statsminister ringte ham klokka 02.30 i natt.<\/p>\n<p>&#8211; Jeg har ikke snakket med s\u00e5 mange andre, men jeg har f\u00e5tt hilsener. Gode meldinger, sier St\u00f8re p\u00e5 sp\u00f8rsm\u00e5l om han har h\u00f8rt fra noen andre statsledere.<\/p>\n<p class=\"italic m-italic\" data-lab-italic=\"italic\">&#8211; Har du f\u00e5tt melding fra Trump?<\/p>\n<p>&#8211; Nei, han har jeg ikke f\u00e5tt melding fra s\u00e5 langt.\u00a0\u00a0<\/p>\n<p>        SKUFFET: Nestleder i H\u00f8yre, Henrik Asheim, sier han ikke er forn\u00f8yd med resultatet etter valgkampen, og snakker om veien videre for partiet. Video: Anabelle Brun \/ Dagbladet TV.<\/p>\n<p>Om Stoltenberg: &#8211; Fantastisk privilegium\t<\/p>\n<p class=\"italic m-italic\" data-lab-italic=\"italic\">&#8211; Er dette starten p\u00e5 slutten for den blokkpolitikken vi har hatt de siste ti \u00e5ra?, spurte Dagbladets reporter p\u00e5 stedet.<\/p>\n<p>&#8211; Det blir fire nye \u00e5r hvor vi bygger nye erfaringer. Det blir fire \u00e5r med en mindretallsregjering, som jo ikke er uvanlig i norge. Jeg har sagt dette halv\u00e5ret at sannsynligheten for \u00e5 at vi f\u00e5r en mindretallsregjering er stor &#8211; enten p\u00e5 borgerlig side eller v\u00e5r side. Vi kommer til \u00e5 gj\u00f8re nye erfaringer med det. Prinsippet er at Norge har klart \u00e5 gj\u00f8re store ting i reformveien med mindretallsregjering &#8211; og det kommer vi ogs\u00e5 til \u00e5 klare.\u00a0<\/p>\n<p>Statsministeren fikk ogs\u00e5 sp\u00f8rsm\u00e5l om finansminister Jens Stoltenberg &#8211; og hvorvidt han blir med videre i den nye regjeringen:<\/p>\n<p>&#8211; Som jeg sa i g\u00e5r har der v\u00e6rt et fantastisk privilegium \u00e5 ha ham i regjering. Han er \u00f8nsket av meg til \u00e5 fortsette i den jobben. Jeg skal snakke med alle mine statsr\u00e5der. Vi h\u00e5per vi f\u00e5r med Jens videre.<\/p>\n<p>Det var i februar at Stoltenberg tok over rollen som finansminister etter Trygve Slagsvold Vedum (Sp). Stoltenberg kom da fra jobben som generalsekret\u00e6r i Nato.<\/p>\n<p>&#8211;\u00a0 Jeg synes det er veldig meningsfullt og viktig \u00e5 v\u00e6re\u00a0finansminister\u00a0i Norge og er veldig motivert for \u00e5 fortsette med det, har Stoltenberg selv sagt til\u00a0<a href=\"https:\/\/www.tv2.no\/nyheter\/stortingsvalg\/#\/794s1\/68bf23551ad67a11646404fa\/stoltenberg-sier-han-har-en-jobb-a-ga-til\" target=\"_blank\" rel=\"nofollow noopener\">TV 2<\/a>\u00a0p\u00e5 sp\u00f8rsm\u00e5l om framtiden.<\/p>\n<p>    <a itemprop=\"url\" href=\"https:\/\/borsen.dagbladet.no\/nyheter\/sammenliknes-med-trump\/83564894\" rel=\"nofollow noopener\" target=\"_blank\"><\/p>\n<p>      <img loading=\"lazy\" decoding=\"async\" src=\"https:\/\/www.europesays.com\/no\/wp-content\/uploads\/2025\/09\/1757423892_650_83479257.webp\" width=\"980\" height=\"441\" title=\"Sammenliknes med Trump\" alt=\"\" class=\"lazyload\" style=\"--aspect-ratio-image: 2.22; \"\/><\/p>\n<p>        Sammenliknes med Trump<\/p>\n<p>    <\/a><\/p>\n<p>Brenna: &#8211; Veldig bra\t<\/p>\n<p>Tirsdag morgen m\u00f8tte flere politikere opp p\u00e5 Marienlyst for \u00e5 delta i NRKs valgsending, blant dem nestleder i Arbeiderpartiet og arbeids- og inkluderingsminister Tonje Brenna.<\/p>\n<p>&#8211; Det har v\u00e6rt spennende \u00e5 f\u00f8lge resultatene, og jeg er veldig glad for at Arbeiderpartiet ser ut til \u00e5 ha gjort et utrolig godt valg &#8211; enda bedre enn i 2017 og 2021, s\u00e5 det er jeg glad for, <a href=\"https:\/\/borsen.dagbladet.no\/nyheter\/naturlig-med-et-skifte\/83566410\" rel=\"nofollow noopener\" target=\"_blank\">sa Brenna til pressen<\/a>.<\/p>\n<p>Brenna ble kunnskapsminister da St\u00f8re dannet regjering h\u00f8sten 2021. To \u00e5r etterp\u00e5, i oktober 2023, ble hun arbeids- og inkluderingsminister i samme regjering.<\/p>\n<p>P\u00e5 sp\u00f8rsm\u00e5l om hun tror hun er trygg i ministerposten hun har i dag, svarte Brenna:<\/p>\n<p>&#8211; Det er flere som kanskje skal f\u00e5 en rolle i regjeringen. Vi er utrolig mange flinke folk i Arbeiderpartiet, s\u00e5 vi kommer til \u00e5 ha dyktige mennesker som kan bekle alle roller som etterhvert skal fordeles. Min jobb er \u00e5 v\u00e6re arbeidsminister og nestleder &#8211; og jeg har ingen annen plan enn \u00e5 fortsette med det.<\/p>\n<p>          <img loading=\"lazy\" decoding=\"async\" src=\"https:\/\/www.europesays.com\/no\/wp-content\/uploads\/2025\/09\/83567261.webp\" width=\"686\" height=\"460\" title=\"GLAD: Tonje Brenna er glad etter valgseieren. Foto: Kristian Ridder-Nielsen \/ Dagbladet\" alt=\"\" class=\"\" style=\"--aspect-ratio-image: 1.49; \"\/><\/p>\n<p>\n          GLAD: Tonje Brenna er glad etter valgseieren. Foto: Kristian Ridder-Nielsen \/ Dagbladet\n      <\/p>\n<p>Krisevalg for H\u00f8yre\t<\/p>\n<p>Fremskrittspartiet (Frp) gjorde sitt beste valg noen sinne og ble landets nest st\u00f8rste parti med 23,9 prosent av stemmene.\u00a0<\/p>\n<p>H\u00f8yre endte p\u00e5 sin side med et av de d\u00e5rligste valgene p\u00e5 flere ti\u00e5r, med 14,6 prosent oppslutning. Partiets d\u00e5rligste resultat noensinne kom i 2005, da de ble m\u00e5lt til 14,1 prosent.\u00a0<\/p>\n<p>Flere har tatt til ordet for at H\u00f8yre-leder Erna Solberg n\u00e5 m\u00e5 g\u00e5 av. Ogs\u00e5 nestleder Henrik Asheim <a href=\"https:\/\/borsen.dagbladet.no\/nyheter\/naturlig-med-et-skifte\/83566410\" rel=\"nofollow noopener\" target=\"_blank\">mener det er naturlig med et lederskifte<\/a> &#8211; og \u00e5pner for \u00e5 ta over stafettpinnen som partileder.<\/p>\n<p>SV, Senterpartiet og KrF fikk et resultat som stemte godt med gjennomsnittet av septemberm\u00e5lingene. Som ved forrige valg ga meningsm\u00e5lingene MDG st\u00f8rre oppslutning enn det som ble valgresultatet, men denne gangen passerte partiet sperregrensen.<\/p>\n","protected":false},"excerpt":{"rendered":"Arbeiderpartiet (Ap) vant \u00e5rets stortingsvalg &#8211; og statsminister Jonas Gahr St\u00f8re er sikret fire nye \u00e5r. Tirsdag klokka&hellip;\n","protected":false},"author":2,"featured_media":30751,"comment_status":"","ping_status":"","sticky":false,"template":"","format":"standard","meta":{"footnotes":""},"categories":[5],"tags":[20,21,24,25,15,19,22,23,17,18,13,30,28,29,14,16,776,26,27],"class_list":{"0":"post-30750","1":"post","2":"type-post","3":"status-publish","4":"format-standard","5":"has-post-thumbnail","7":"category-overskrifter","8":"tag-breaking-news","9":"tag-breakingnews","10":"tag-featured-news","11":"tag-featurednews","12":"tag-headlines","13":"tag-hovedoppslag","14":"tag-latest-news","15":"tag-latestnews","16":"tag-main-news","17":"tag-mainnews","18":"tag-news","19":"tag-no","20":"tag-norge","21":"tag-norway","22":"tag-nyheter","23":"tag-overskrifter","24":"tag-stortingsvalg-2025","25":"tag-top-stories","26":"tag-topstories"},"share_on_mastodon":{"url":"","error":""},"_links":{"self":[{"href":"https:\/\/www.europesays.com\/no\/wp-json\/wp\/v2\/posts\/30750","targetHints":{"allow":["GET"]}}],"collection":[{"href":"https:\/\/www.europesays.com\/no\/wp-json\/wp\/v2\/posts"}],"about":[{"href":"https:\/\/www.europesays.com\/no\/wp-json\/wp\/v2\/types\/post"}],"author":[{"embeddable":true,"href":"https:\/\/www.europesays.com\/no\/wp-json\/wp\/v2\/users\/2"}],"replies":[{"embeddable":true,"href":"https:\/\/www.europesays.com\/no\/wp-json\/wp\/v2\/comments?post=30750"}],"version-history":[{"count":0,"href":"https:\/\/www.europesays.com\/no\/wp-json\/wp\/v2\/posts\/30750\/revisions"}],"wp:featuredmedia":[{"embeddable":true,"href":"https:\/\/www.europesays.com\/no\/wp-json\/wp\/v2\/media\/30751"}],"wp:attachment":[{"href":"https:\/\/www.europesays.com\/no\/wp-json\/wp\/v2\/media?parent=30750"}],"wp:term":[{"taxonomy":"category","embeddable":true,"href":"https:\/\/www.europesays.com\/no\/wp-json\/wp\/v2\/categories?post=30750"},{"taxonomy":"post_tag","embeddable":true,"href":"https:\/\/www.europesays.com\/no\/wp-json\/wp\/v2\/tags?post=30750"}],"curies":[{"name":"wp","href":"https:\/\/api.w.org\/{rel}","templated":true}]}}