{"id":307736,"date":"2026-07-31T05:23:11","date_gmt":"2026-07-31T05:23:11","guid":{"rendered":"https:\/\/www.europesays.com\/no\/307736\/"},"modified":"2026-07-31T05:23:11","modified_gmt":"2026-07-31T05:23:11","slug":"klovner-lasse-lazz-jensen-roger-evensen-klovnen-baluba-fredrikstad-mistet-utstyret-sitt-i-tromso","status":"publish","type":"post","link":"https:\/\/www.europesays.com\/no\/307736\/","title":{"rendered":"Klovner, Lasse Lazz Jensen | Roger Evensen, klovnen Baluba, Fredrikstad: Mistet utstyret sitt i Troms\u00f8"},"content":{"rendered":"\n<p>Allerede f\u00f8r Roger Evensen \u2013 eller Klovnen Baluba, om du vil \u2013 hadde kommet frem til Bug\u00f8ynes, oppsto karrierens st\u00f8rste utfordring.<\/p>\n<p>For klovnekofferten? Den sto igjen i Troms\u00f8, og var selvsagt fylt med alt en klovn m\u00e5 ha med seg p\u00e5 jobb:<\/p>\n<p>8.000 ballonger, utstyr til 20.000 kroner, klovnebukse, klovnesko, klovnegenser.<\/p>\n<p>\u2013 Begrepet \u00abklovn uten kostyme\u00bb fikk plutselig en helt ny betydning.<\/p>\n<p>Det eneste han hadde \u00e5 skryte av, var klovnehatten sin.<\/p>\n<p>\u2013 Jeg f\u00f8lte meg omtrent som en fisk uten vann.<\/p>\n<p>Men s\u00e5 skjer det magiske.<\/p>\n<p>Fra flyplassen i Kirkenes og til Bug\u00f8ynes skulle han ta bil med artistene som skulle spille p\u00e5 samme kveld som ham.<\/p>\n<p>Det var det ingen ringere enn Lasse Jensen \u2013 eller Lazz \u2013 som skulle.<\/p>\n<p>Det viste seg raskt at de to ikke bare hadde Fredrikstad-tilknytningen til felles. De bor ogs\u00e5 i det samme omr\u00e5det hjemme.<\/p>\n<p>\u2013 Verden er jammen ikke s\u00e5 stor, selv om vi befant oss nesten lengst mulig hjemmefra, sier Evensen.<\/p>\n<p>Da Lazz og bandet fikk h\u00f8re om kofferten, var det ikke snakk om:<\/p>\n<p>Selvf\u00f8lgelig skulle de hjelpe til.<\/p>\n<p>\u2013 Jeg spurte rundt om det var noen egnede butikker i Kirkenes.<\/p>\n<p>Han ler.<\/p>\n<p>\u2013 Det er ikke mange tryllebutikker i Kirkenes, nei.<\/p>\n<p>Men Spar og Europris, det har dem.<\/p>\n<p>Gjengen hadde en snau time p\u00e5 seg for \u00e5 gj\u00f8re Roger om til Klovnen Baluba.<\/p>\n<p>\u2013 Vi stupte inn i butikkene og r\u00f8sket med oss alt vi kunne finne av leker, premier, ballonger.<\/p>\n<blockquote class=\"article--c-WooUv theme-white\">\n<p class=\"blockquote-text\">Det m\u00e5 ha v\u00e6rt en av de mest spontane klovneshoppingrundene i norsk historie. <\/p>\n<\/blockquote>\n<p>Evensen gikk p\u00e5 scenen i Bug\u00f8ynes med et to timers langt show som i stor grad ble laget der og da.<\/p>\n<p>  <img width=\"1366\" height=\"2048\" fetchpriority=\"low\"  loading=\"lazy\"  alt=\"IMG_5989.JPEG\" class=\"brick-c-cFOWSL\" style=\"--brick-image-ratio: 1366 \/ 2048;\"\/><\/p>\n<p>  <img width=\"1500\" height=\"1000\" fetchpriority=\"low\"  loading=\"lazy\"  alt=\"IMG_6001.JPEG\" class=\"brick-c-cFOWSL\" style=\"--brick-image-ratio: 1500 \/ 1000;\"\/><\/p>\n<p class=\"content-text article--c-kIcheF\">Barna fikk delta i verdensmesterskap i s\u00e5pebobler, lage gourmetretter av plastmat og pr\u00f8ve seg p\u00e5 fekting.\u00a0<\/p>\n<p>\u2013 Etterp\u00e5 kom flere av barna bort med den herlige nordnorske dialekta si og sa: Jeg gir deg ti av ti.<\/p>\n<p>\u2013 Da husket jeg godt hvorfor jeg startet med dette!<\/p>\n","protected":false},"excerpt":{"rendered":"Allerede f\u00f8r Roger Evensen \u2013 eller Klovnen Baluba, om du vil \u2013 hadde kommet frem til Bug\u00f8ynes, oppsto&hellip;\n","protected":false},"author":2,"featured_media":307737,"comment_status":"","ping_status":"","sticky":false,"template":"","format":"standard","meta":{"footnotes":"","_share_on_mastodon":"0"},"categories":[58],"tags":[36,71,1839,24948,282,24949,30,28,29,72],"class_list":["post-307736","post","type-post","status-publish","format-standard","has-post-thumbnail","category-underholdning","tag-art","tag-entertainment","tag-feature","tag-klovner","tag-kultur-underholdning","tag-lasse-lazz-jensen","tag-no","tag-norge","tag-norway","tag-underholdning"],"share_on_mastodon":{"url":"https:\/\/pubeurope.com\/@no\/117012922712478361","error":""},"_links":{"self":[{"href":"https:\/\/www.europesays.com\/no\/wp-json\/wp\/v2\/posts\/307736","targetHints":{"allow":["GET"]}}],"collection":[{"href":"https:\/\/www.europesays.com\/no\/wp-json\/wp\/v2\/posts"}],"about":[{"href":"https:\/\/www.europesays.com\/no\/wp-json\/wp\/v2\/types\/post"}],"author":[{"embeddable":true,"href":"https:\/\/www.europesays.com\/no\/wp-json\/wp\/v2\/users\/2"}],"replies":[{"embeddable":true,"href":"https:\/\/www.europesays.com\/no\/wp-json\/wp\/v2\/comments?post=307736"}],"version-history":[{"count":0,"href":"https:\/\/www.europesays.com\/no\/wp-json\/wp\/v2\/posts\/307736\/revisions"}],"wp:featuredmedia":[{"embeddable":true,"href":"https:\/\/www.europesays.com\/no\/wp-json\/wp\/v2\/media\/307737"}],"wp:attachment":[{"href":"https:\/\/www.europesays.com\/no\/wp-json\/wp\/v2\/media?parent=307736"}],"wp:term":[{"taxonomy":"category","embeddable":true,"href":"https:\/\/www.europesays.com\/no\/wp-json\/wp\/v2\/categories?post=307736"},{"taxonomy":"post_tag","embeddable":true,"href":"https:\/\/www.europesays.com\/no\/wp-json\/wp\/v2\/tags?post=307736"}],"curies":[{"name":"wp","href":"https:\/\/api.w.org\/{rel}","templated":true}]}}