{"id":307746,"date":"2026-07-31T05:32:11","date_gmt":"2026-07-31T05:32:11","guid":{"rendered":"https:\/\/www.europesays.com\/no\/307746\/"},"modified":"2026-07-31T05:32:11","modified_gmt":"2026-07-31T05:32:11","slug":"naeringsliv-arbeidsliv-naeringslivsloggen-tjener-bedre-pa-bilvask","status":"publish","type":"post","link":"https:\/\/www.europesays.com\/no\/307746\/","title":{"rendered":"N\u00e6ringsliv, Arbeidsliv | N\u00e6ringslivsloggen: Tjener bedre p\u00e5 bilvask"},"content":{"rendered":"\n<p>Vaskehallkjeden<b> Bilvask 24\/7 AS<\/b> p\u00e5 Bryne \u00f8kte omsetningen fra 10,2 millioner i 2024 til 17,6 millioner kroner i 2025, viser det ferske regnskapet for fjor\u00e5ret.<\/p>\n<p>Driftsresultatet i fjor ble p\u00e5 1,6 millioner kroner, mot 300.000 kroner \u00e5ret f\u00f8r.<\/p>\n<p>Etter at finanskostnader og skatt var betalt, satt selskapet igjen med et \u00e5rsresultat p\u00e5 1 million kroner i fjor, mot et \u00e5rsresultat p\u00e5 6239 kroner \u00e5ret f\u00f8r.<\/p>\n<p>Bilvask 24\/7 har vokst ut fra moderhallen p\u00e5 H\u00e5land i Time, og driver n\u00e5 12 bilvaskehaller fra N\u00e6rb\u00f8 i s\u00f8r til Stord i nord. I fjor sysselsatte selskapet to \u00e5rsverk.<\/p>\n<p>  <a href=\"https:\/\/www.jbl.no\/5-103-1148471\" class=\"related-teaser has-image article--c-MkAkR\" rel=\"nofollow noopener\" target=\"_blank\"><\/p>\n<p>    <img decoding=\"async\" width=\"155\"  loading=\"lazy\"  src=\"https:\/\/www.europesays.com\/no\/wp-content\/uploads\/2026\/07\/IMG_1007.jpg\" alt=\"\" class=\"brick-c-cFOWSL\" style=\"\"\/><\/p>\n<p>\n            Les ogs\u00e5<\/p>\n<p>            Terje utvider vaskeimperiet med ny hall p\u00e5 J\u00e6ren\n        <\/p>\n<p>  <\/a><br \/>\n  Nyregistrering<\/p>\n<p><b>Haver Holding AS<\/b> er registrert som nytt aksjeselskap med adresse i Raun\u00e5kervegen 4 p\u00e5 Undheim. Selskapet har en aksjekapital p\u00e5 200.000 kroner og skal investere i selskaper og eiendom samt delta i andre selskaper med lignende virksomhet, kj\u00f8p og salg av aksjer eller p\u00e5 annen m\u00e5te gj\u00f8re seg interessert i andre foretagende. Kristoffer Haver er b\u00e5de daglig leder og styreleder, og selskapets \u00e5rsregnskap skal ikke revideres.<\/p>\n<p><b>Mono Invest AS<\/b> er etablert som nytt aksjeselskap med forretningsadresse i Raun\u00e5kervegen 39 p\u00e5 Undheim. Selskapet har en aksjekapital p\u00e5 30.000 kroner og har samme form\u00e5l som Haver Holding AS \u2013 \u00e5 investere i selskaper og eiendom. Morten Nordbr\u00f8nd er b\u00e5de daglig leder og styreleder, og \u00e5rsregnskapet skal ikke revideres.<\/p>\n<p><b>Gastror\u00e5dgivning AS <\/b>er nyregistrert med forretningsadresse i Myrsnipevegen 7 p\u00e5 Klepp Stasjon. Selskapet skal selge varer og tjenester innen bedriftsr\u00e5dgivning og annet som naturlig sammenfaller med dette, samt deltakelse i andre selskaper, investeringer og n\u00e6rliggende virksomhet. Artur Lignarski er b\u00e5de daglig leder og styreleder, aksjekapitalen er 30.000 kroner og \u00e5rsregnskapet skal ikke revideres.<\/p>\n<p>Endring av styre og daglig leder<\/p>\n<p><b>Move Consultancy avd. S\u00f8r-Vest AS<\/b> i Klepp har f\u00e5tt ny daglig leder Tor Arne Aas og nytt styre. Thomas Galiano Bremvik er styreleder, mens H\u00e5kon Undheim, Mona Elisabeth Bolstad og Tor Arne Aas er styremedlemmer.<\/p>\n<p>Endring av kapital og vedtektsdato<\/p>\n<p><b>Bjarkan AS <\/b>i Time har endret aksjekapitalen til 60.000 kroner og f\u00e5tt ny vedtektsdato 7. mai 2026. Selskapet har ogs\u00e5 gjennomf\u00f8rt en fisjon hvor MCS Holding AS var overdragende selskap, mens Bjarkan AS, Midttveit AS, Nanoq AS og \u00c5kre Holding AS var overtakende selskaper.<\/p>\n<p><b>Faunus Hub AS<\/b> i Time har f\u00e5tt ny vedtektsdato 7. juli 2026 og endret sitt form\u00e5l til \u00e5 utvikle og tilby r\u00e5dgivningstjenester, teknologi og innovative l\u00f8sninger for \u00e5 fremme b\u00e6rekraftig, effektiv og l\u00f8nnsom matproduksjon. Selskapet skal bidra til forbedret dyrevelferd, milj\u00f8vennlig produksjon og optimal ressursutnyttelse.<\/p>\n<p><b>JS Eiendom &amp; Holding AS<\/b> i Time har f\u00e5tt ny vedtektsdato 19. juni 2026 og har varslet om fisjon med fire nye selskaper under stiftelse.<\/p>\n<p>Endring av revisor<\/p>\n<p><b>Nyg\u00e5rd Bygg AS<\/b> i H\u00e5 har skiftet revisor til Erga Revisjon AS i Stavanger.<\/p>\n<p>Varsel om tvangsoppl\u00f8sning<\/p>\n<p><b>R2 Bolig AS<\/b> i Time og <b>Team Refsnes Eiendom AS<\/b> i H\u00e5 har begge f\u00e5tt varsel om tvangsoppl\u00f8sning p\u00e5 grunn av manglende statsautorisert revisor. Selskapene har fire uker til \u00e5 rette opp forholdet.<\/p>\n<p>Sletting<\/p>\n<p><b>Madness Ink AS<\/b> i Time og <b>Poppa Joe AS<\/b> i Klepp er slettet fra Foretaksregisteret.<\/p>\n<p>Godkjente \u00e5rsregnskap<\/p>\n<p><b>I Time:<\/b><\/p>\n<ul>\n<li>Aqua Energy Norge AS<\/li>\n<li>Bema Invest AS<\/li>\n<li>Bilvask 24\/7 AS<\/li>\n<li>Bj\u00f8rkespretten AS<\/li>\n<li>Chrisanna Holding AS<\/li>\n<li>Gedao Holding AS<\/li>\n<li>Haglei Holding AS<\/li>\n<li>Heggis Invest AS<\/li>\n<li>Inarc AS<\/li>\n<li>J\u00e6ren Agri AS<\/li>\n<li>Mbrueland AS<\/li>\n<li>Planum AS<\/li>\n<li>Planum Bolig AS<\/li>\n<li>Planum Eiendom AS<\/li>\n<li>Planum Prosjekt AS<\/li>\n<li>Proventus 10 AS<\/li>\n<li>R16 Invest AS<\/li>\n<li>Sapiens AS<\/li>\n<li>Sapiens Eiendom AS<\/li>\n<li>S\u00f8rumsand Panorama 2 AS<\/li>\n<li>Team Bygg Drift AS<\/li>\n<li>Tommy Kvia AS<\/li>\n<li>Tyrannus AS<\/li>\n<\/ul>\n<p>  <a href=\"https:\/\/www.jbl.no\/5-103-1317494\" class=\"related-teaser has-image article--c-MkAkR\" rel=\"nofollow noopener\" target=\"_blank\"><\/p>\n<p>    <img decoding=\"async\" width=\"155\"  loading=\"lazy\"  src=\"https:\/\/www.europesays.com\/no\/wp-content\/uploads\/2026\/07\/1785475931_180_NTB_aOzSLLN-2kw.jpg\" alt=\"\" class=\"brick-c-cFOWSL\" style=\"\"\/><\/p>\n<p>\n            Les ogs\u00e5<\/p>\n<p>            Alfie Haalands agentselskap p\u00e5 Bryne gikk i minus\n        <\/p>\n<p>  <\/a><\/p>\n<p><b>I H\u00e5:<\/b><\/p>\n<ul>\n<li>B. Reiestad Holding AS<\/li>\n<li>Byggmester Viland AS<\/li>\n<li>Edvard Risa Maskin<\/li>\n<li>Jadas AS<\/li>\n<li>Jone R Stokkeland<\/li>\n<li>Mj\u00f8lhus G\u00e5rd AS<\/li>\n<li>Sirevaag AS<\/li>\n<li>Taxi J\u00e6ren H\u00e5 Time Klepp AS<\/li>\n<li>Team-Skretting AS<\/li>\n<li>Tony Bygg AS<\/li>\n<li>Trond Mj\u00e5tveit<\/li>\n<\/ul>\n<p><b>I Klepp:<\/b><\/p>\n<ul>\n<li>AH Drilling Consultancy AS<\/li>\n<li>Airport Taxi Sentral AS<\/li>\n<li>Drake Chemicals AS<\/li>\n<li>EPT Norway AS<\/li>\n<li>Harveland AS<\/li>\n<li>Harveland Asfaltering AS<\/li>\n<li>Harveland Eiendom AS<\/li>\n<li>Harveland Maskin AS<\/li>\n<li>JTS AS<\/li>\n<li>O T Entrepren\u00f8r AS<\/li>\n<li>SJ Media AS<\/li>\n<li>Tolo Treningssenter AS<\/li>\n<li>Wholesea AS<\/li>\n<\/ul>\n<p>N\u00e6ringslivsloggen er laget med hjelp av spr\u00e5kmodellen Claude 4 Sonnet fra Anthropic, basert p\u00e5 kunngj\u00f8ringer hentet fra Br\u00f8nn\u00f8ysundregistrene. <\/p>\n","protected":false},"excerpt":{"rendered":"Vaskehallkjeden Bilvask 24\/7 AS p\u00e5 Bryne \u00f8kte omsetningen fra 10,2 millioner i 2024 til 17,6 millioner kroner i&hellip;\n","protected":false},"author":2,"featured_media":307747,"comment_status":"","ping_status":"","sticky":false,"template":"","format":"standard","meta":{"footnotes":"","_share_on_mastodon":"0"},"categories":[56],"tags":[465,36,60,61,1471,1470,62,1676,30,28,29,1510,1469],"class_list":["post-307746","post","type-post","status-publish","format-standard","has-post-thumbnail","category-naeringsliv","tag-arbeidsliv","tag-art","tag-business","tag-economy","tag-ha","tag-klepp","tag-naeringsliv","tag-naeringslivsloggen","tag-no","tag-norge","tag-norway","tag-story","tag-time"],"share_on_mastodon":{"url":"https:\/\/pubeurope.com\/@no\/117012958569892512","error":""},"_links":{"self":[{"href":"https:\/\/www.europesays.com\/no\/wp-json\/wp\/v2\/posts\/307746","targetHints":{"allow":["GET"]}}],"collection":[{"href":"https:\/\/www.europesays.com\/no\/wp-json\/wp\/v2\/posts"}],"about":[{"href":"https:\/\/www.europesays.com\/no\/wp-json\/wp\/v2\/types\/post"}],"author":[{"embeddable":true,"href":"https:\/\/www.europesays.com\/no\/wp-json\/wp\/v2\/users\/2"}],"replies":[{"embeddable":true,"href":"https:\/\/www.europesays.com\/no\/wp-json\/wp\/v2\/comments?post=307746"}],"version-history":[{"count":0,"href":"https:\/\/www.europesays.com\/no\/wp-json\/wp\/v2\/posts\/307746\/revisions"}],"wp:featuredmedia":[{"embeddable":true,"href":"https:\/\/www.europesays.com\/no\/wp-json\/wp\/v2\/media\/307747"}],"wp:attachment":[{"href":"https:\/\/www.europesays.com\/no\/wp-json\/wp\/v2\/media?parent=307746"}],"wp:term":[{"taxonomy":"category","embeddable":true,"href":"https:\/\/www.europesays.com\/no\/wp-json\/wp\/v2\/categories?post=307746"},{"taxonomy":"post_tag","embeddable":true,"href":"https:\/\/www.europesays.com\/no\/wp-json\/wp\/v2\/tags?post=307746"}],"curies":[{"name":"wp","href":"https:\/\/api.w.org\/{rel}","templated":true}]}}